{"id":41668,"date":"2024-02-08T03:06:09","date_gmt":"2024-02-08T03:06:09","guid":{"rendered":"https:\/\/armstrongyregion.com.ar\/diario\/?p=41668"},"modified":"2024-02-08T03:06:12","modified_gmt":"2024-02-08T03:06:12","slug":"transportaban-cerdos-en-un-carro-y-fueron-detenidos-en-ruta-178","status":"publish","type":"post","link":"https:\/\/armstrongyregion.com.ar\/diario\/transportaban-cerdos-en-un-carro-y-fueron-detenidos-en-ruta-178\/","title":{"rendered":"Transportaban cerdos en un carro y fueron detenidos en Ruta 178."},"content":{"rendered":"\n<figure class=\"wp-block-image size-full\"><a href=\"http:\/\/armstrongyregion.com.ar\/diario\/wp-content\/uploads\/2024\/02\/URIII-7-2-24-a.jpg\"><img loading=\"lazy\" decoding=\"async\" width=\"645\" height=\"480\" src=\"http:\/\/armstrongyregion.com.ar\/diario\/wp-content\/uploads\/2024\/02\/URIII-7-2-24-a.jpg\" alt=\"\" class=\"wp-image-41669\" srcset=\"https:\/\/armstrongyregion.com.ar\/diario\/wp-content\/uploads\/2024\/02\/URIII-7-2-24-a.jpg 645w, https:\/\/armstrongyregion.com.ar\/diario\/wp-content\/uploads\/2024\/02\/URIII-7-2-24-a-300x223.jpg 300w\" sizes=\"auto, (max-width: 645px) 100vw, 645px\" \/><\/a><\/figure>\n\n\n\n<p><br>En fecha 06\/02 en horas de la noche se procede a la identificaci\u00f3n de un veh\u00edculo que circulaba por camino rural divisorio con el Dpto. San Martin por una persona mayor de edad oriundo de la localidad de Los Cardos. Posteriormente en la madrugada, se procede a parar la marcha de una pickup que llevaba enganchado un carro dos ejes tipo jaula, sin patentes visibles o identificaciones reglamentarias en Ruta Nacional N\u00b0 178 Km 182.<\/p>\n\n\n\n<figure class=\"wp-block-image size-full\"><a href=\"http:\/\/armstrongyregion.com.ar\/diario\/wp-content\/uploads\/2024\/02\/URIII-7-2-24-b.jpg\"><img loading=\"lazy\" decoding=\"async\" width=\"645\" height=\"479\" src=\"http:\/\/armstrongyregion.com.ar\/diario\/wp-content\/uploads\/2024\/02\/URIII-7-2-24-b.jpg\" alt=\"\" class=\"wp-image-41670\" srcset=\"https:\/\/armstrongyregion.com.ar\/diario\/wp-content\/uploads\/2024\/02\/URIII-7-2-24-b.jpg 645w, https:\/\/armstrongyregion.com.ar\/diario\/wp-content\/uploads\/2024\/02\/URIII-7-2-24-b-300x223.jpg 300w\" sizes=\"auto, (max-width: 645px) 100vw, 645px\" \/><\/a><\/figure>\n\n\n\n<p> Al acercarse Personal Policial se constata que transportaban animales porcinos adultos, procediendo a la identificaci\u00f3n del conductor y su acompa\u00f1ante con domicilio en la ciudad de Firmat, en cuanto al conductor, oriundo de la localidad de Chovet, manifiesta que dicho veh\u00edculo pertenecer\u00eda a su progenitora, chequeando la documentaci\u00f3n que asevera los dichos del masculino. Sobre la situaci\u00f3n se pudo observar a simple vista que los porcinos que eran transportado en la pickup y carro no pose\u00edan caravanas ni tampoco se encontraban estaban se\u00f1alados, adem\u00e1s el carro no contaba con la habilitaci\u00f3n de SENNASA para el transporte de animales ni patentes visibles. <\/p>\n\n\n\n<p>Ante la situaci\u00f3n se solicit\u00f3 la presencia de personal de la D.G.S.R. \u00abLos Pumas\u00bb, junto a la Superior de Turno de la UR III, quienes se encontraban dando cumplimiento de servicio mediante Orden Operacional, para continuar con dicho procedimiento.<\/p>\n\n\n\n<p>Fuente: URIII Departamento Belgrano.<\/p>\n\n\n\n<p><\/p>\n","protected":false},"excerpt":{"rendered":"<p>Transportaban cerdos en un carro y fueron detenidos en Ruta 178.<\/p>\n","protected":false},"author":1,"featured_media":41669,"comment_status":"open","ping_status":"open","sticky":false,"template":"","format":"image","meta":{"_jetpack_memberships_contains_paid_content":false,"footnotes":"","jetpack_publicize_message":"","jetpack_publicize_feature_enabled":true,"jetpack_social_post_already_shared":true,"jetpack_social_options":{"image_generator_settings":{"template":"highway","default_image_id":0,"enabled":false},"version":2}},"categories":[8,1,2,2852,3],"tags":[157,15,8777,10288],"class_list":["post-41668","post","type-post","status-publish","format-image","has-post-thumbnail","hentry","category-deliberando","category-diario-armstrong","category-locales","category-policiales","category-region","tag-detenidos","tag-en","tag-lic-graciela-de-la-casa","tag-transportaban","post_format-post-format-image"],"jetpack_publicize_connections":[],"jetpack_featured_media_url":"https:\/\/armstrongyregion.com.ar\/diario\/wp-content\/uploads\/2024\/02\/URIII-7-2-24-a.jpg","jetpack_shortlink":"https:\/\/wp.me\/p62QDO-aQ4","jetpack_sharing_enabled":true,"amp_enabled":true,"_links":{"self":[{"href":"https:\/\/armstrongyregion.com.ar\/diario\/wp-json\/wp\/v2\/posts\/41668","targetHints":{"allow":["GET"]}}],"collection":[{"href":"https:\/\/armstrongyregion.com.ar\/diario\/wp-json\/wp\/v2\/posts"}],"about":[{"href":"https:\/\/armstrongyregion.com.ar\/diario\/wp-json\/wp\/v2\/types\/post"}],"author":[{"embeddable":true,"href":"https:\/\/armstrongyregion.com.ar\/diario\/wp-json\/wp\/v2\/users\/1"}],"replies":[{"embeddable":true,"href":"https:\/\/armstrongyregion.com.ar\/diario\/wp-json\/wp\/v2\/comments?post=41668"}],"version-history":[{"count":1,"href":"https:\/\/armstrongyregion.com.ar\/diario\/wp-json\/wp\/v2\/posts\/41668\/revisions"}],"predecessor-version":[{"id":41671,"href":"https:\/\/armstrongyregion.com.ar\/diario\/wp-json\/wp\/v2\/posts\/41668\/revisions\/41671"}],"wp:featuredmedia":[{"embeddable":true,"href":"https:\/\/armstrongyregion.com.ar\/diario\/wp-json\/wp\/v2\/media\/41669"}],"wp:attachment":[{"href":"https:\/\/armstrongyregion.com.ar\/diario\/wp-json\/wp\/v2\/media?parent=41668"}],"wp:term":[{"taxonomy":"category","embeddable":true,"href":"https:\/\/armstrongyregion.com.ar\/diario\/wp-json\/wp\/v2\/categories?post=41668"},{"taxonomy":"post_tag","embeddable":true,"href":"https:\/\/armstrongyregion.com.ar\/diario\/wp-json\/wp\/v2\/tags?post=41668"}],"curies":[{"name":"wp","href":"https:\/\/api.w.org\/{rel}","templated":true}]}}