{"id":41650,"date":"2024-02-06T21:41:48","date_gmt":"2024-02-06T21:41:48","guid":{"rendered":"https:\/\/armstrongyregion.com.ar\/diario\/?p=41650"},"modified":"2024-02-06T21:41:51","modified_gmt":"2024-02-06T21:41:51","slug":"rosario-allanamientos-con-cinco-detenidos-por-amenazas-al-gobernador-pullaro","status":"publish","type":"post","link":"https:\/\/armstrongyregion.com.ar\/diario\/rosario-allanamientos-con-cinco-detenidos-por-amenazas-al-gobernador-pullaro\/","title":{"rendered":"Rosario: allanamientos con cinco detenidos por amenazas al gobernador Pullaro."},"content":{"rendered":"\n<figure class=\"wp-block-image size-full\"><a href=\"http:\/\/armstrongyregion.com.ar\/diario\/wp-content\/uploads\/2024\/02\/allanamientos-rosario.2.24.jpg\"><img loading=\"lazy\" decoding=\"async\" width=\"506\" height=\"320\" src=\"http:\/\/armstrongyregion.com.ar\/diario\/wp-content\/uploads\/2024\/02\/allanamientos-rosario.2.24.jpg\" alt=\"\" class=\"wp-image-41651\" srcset=\"https:\/\/armstrongyregion.com.ar\/diario\/wp-content\/uploads\/2024\/02\/allanamientos-rosario.2.24.jpg 506w, https:\/\/armstrongyregion.com.ar\/diario\/wp-content\/uploads\/2024\/02\/allanamientos-rosario.2.24-300x190.jpg 300w\" sizes=\"auto, (max-width: 506px) 100vw, 506px\" \/><\/a><\/figure>\n\n\n\n<h2 class=\"wp-block-heading\">Personal de la Polic\u00eda de Investigaciones tambi\u00e9n secuestr\u00f3 17 tel\u00e9fonos celulares, arma de fuego, municiones y documentaci\u00f3n de inter\u00e9s que quedaron a disposici\u00f3n de los pesquisas.\u00a0<\/h2>\n\n\n\n<p>La Polic\u00eda de Investigaciones (PDI), dependiente del Ministerio de Justicia y Seguridad de la provincia de Santa Fe, aprehendi\u00f3 este martes en Rosario a cinco personas, secuestr\u00f3 17 tel\u00e9fonos celulares, arma de fuego y municiones de distintos calibres, e incaut\u00f3 dem\u00e1s dispositivos electr\u00f3nicos, material estupefaciente y documentaci\u00f3n de inter\u00e9s, en el marco de la causa que investiga los hechos de intimidaci\u00f3n hacia el gobernador Maximiliano Pullaro.<\/p>\n\n\n\n<p>Los diversos allanamientos, ordenados por los fiscales Pablo Socca y Adri\u00e1n Spelta, se llevaron adelante este martes en la ciudad de Rosario y en la localidad de Puerto Gaboto. Los agentes de la PDI contaron con la colaboraci\u00f3n de personal de las Regiones Operativas II; III; IV y V; junto con efectivos de la Agencia de Trata de Personas, Brigada Antinarc\u00f3ticos, Direcci\u00f3n de Inteligencia Criminal Estrat\u00e9gica, y Grupos de Irrupci\u00f3n de toda la provincia de Santa Fe.<\/p>\n\n\n\n<p>La investigaci\u00f3n se puso en marcha en diciembre pasado, a ra\u00edz de los ataques a sedes bancarias, policiales y ministeriales, efectores p\u00fablicos de salud, establecimientos educativos, como tambi\u00e9n \u00f3mnibus de l\u00edneas urbanas de transporte p\u00fablico de pasajeros. En todos los hechos de intimidaci\u00f3n referidos dejaron notas amenazantes hacia el gobernador Pullaro.<\/p>\n\n\n\n<p>Las pesquisas de los investigadores se orientaron hacia la banda de Francisco \u201cFran\u201d Riquelme, un l\u00edder narco de alto perfil que cumple condena en la unidad penitenciaria de Marcos Paz. En el marco de la nueva Ley de Microtr\u00e1fico, el gobierno de Santa Fe derrumb\u00f3 semanas atr\u00e1s dos inmuebles relacionados al clan Riquelme, ubicados en Felipe Mor\u00e9 al 600 bis.<\/p>\n\n\n\n<p>Los cinco aprehendidos fueron trasladados a sede local de la Polic\u00eda de Investigaciones y quedaron a disposici\u00f3n de la justicia.<br>&nbsp;<\/p>\n","protected":false},"excerpt":{"rendered":"<p>Rosario: allanamientos con cinco detenidos por amenazas al gobernador Pullaro.<\/p>\n","protected":false},"author":1,"featured_media":41651,"comment_status":"open","ping_status":"open","sticky":false,"template":"","format":"image","meta":{"_jetpack_memberships_contains_paid_content":false,"footnotes":"","jetpack_publicize_message":"","jetpack_publicize_feature_enabled":true,"jetpack_social_post_already_shared":true,"jetpack_social_options":{"image_generator_settings":{"template":"highway","default_image_id":0,"enabled":false},"version":2}},"categories":[8,1,2,7,3],"tags":[179,1367,10082,1504,100,157,766,8777,60,2846,8588],"class_list":["post-41650","post","type-post","status-publish","format-image","has-post-thumbnail","hentry","category-deliberando","category-diario-armstrong","category-locales","category-politica","category-region","tag-al","tag-allanamientos","tag-amenazas","tag-cinco","tag-con","tag-detenidos","tag-gobernador","tag-lic-graciela-de-la-casa","tag-por","tag-pullaro","tag-rosario-2","post_format-post-format-image"],"jetpack_publicize_connections":[],"jetpack_featured_media_url":"https:\/\/armstrongyregion.com.ar\/diario\/wp-content\/uploads\/2024\/02\/allanamientos-rosario.2.24.jpg","jetpack_shortlink":"https:\/\/wp.me\/p62QDO-aPM","jetpack_sharing_enabled":true,"amp_enabled":true,"_links":{"self":[{"href":"https:\/\/armstrongyregion.com.ar\/diario\/wp-json\/wp\/v2\/posts\/41650","targetHints":{"allow":["GET"]}}],"collection":[{"href":"https:\/\/armstrongyregion.com.ar\/diario\/wp-json\/wp\/v2\/posts"}],"about":[{"href":"https:\/\/armstrongyregion.com.ar\/diario\/wp-json\/wp\/v2\/types\/post"}],"author":[{"embeddable":true,"href":"https:\/\/armstrongyregion.com.ar\/diario\/wp-json\/wp\/v2\/users\/1"}],"replies":[{"embeddable":true,"href":"https:\/\/armstrongyregion.com.ar\/diario\/wp-json\/wp\/v2\/comments?post=41650"}],"version-history":[{"count":1,"href":"https:\/\/armstrongyregion.com.ar\/diario\/wp-json\/wp\/v2\/posts\/41650\/revisions"}],"predecessor-version":[{"id":41652,"href":"https:\/\/armstrongyregion.com.ar\/diario\/wp-json\/wp\/v2\/posts\/41650\/revisions\/41652"}],"wp:featuredmedia":[{"embeddable":true,"href":"https:\/\/armstrongyregion.com.ar\/diario\/wp-json\/wp\/v2\/media\/41651"}],"wp:attachment":[{"href":"https:\/\/armstrongyregion.com.ar\/diario\/wp-json\/wp\/v2\/media?parent=41650"}],"wp:term":[{"taxonomy":"category","embeddable":true,"href":"https:\/\/armstrongyregion.com.ar\/diario\/wp-json\/wp\/v2\/categories?post=41650"},{"taxonomy":"post_tag","embeddable":true,"href":"https:\/\/armstrongyregion.com.ar\/diario\/wp-json\/wp\/v2\/tags?post=41650"}],"curies":[{"name":"wp","href":"https:\/\/api.w.org\/{rel}","templated":true}]}}