{"id":41647,"date":"2024-02-06T21:03:45","date_gmt":"2024-02-06T21:03:45","guid":{"rendered":"https:\/\/armstrongyregion.com.ar\/diario\/?p=41647"},"modified":"2024-02-06T21:03:48","modified_gmt":"2024-02-06T21:03:48","slug":"pullaro-vamos-a-abrir-consolidar-y-cuidar-los-mercados-internacionales","status":"publish","type":"post","link":"https:\/\/armstrongyregion.com.ar\/diario\/pullaro-vamos-a-abrir-consolidar-y-cuidar-los-mercados-internacionales\/","title":{"rendered":"Pullaro: \u201cVamos a abrir, consolidar y cuidar los mercados internacionales\u201d"},"content":{"rendered":"\n<figure class=\"wp-block-image size-full\"><a href=\"http:\/\/armstrongyregion.com.ar\/diario\/wp-content\/uploads\/2024\/02\/EMPRESAS-TRACTORAS.jpg\"><img loading=\"lazy\" decoding=\"async\" width=\"570\" height=\"320\" src=\"http:\/\/armstrongyregion.com.ar\/diario\/wp-content\/uploads\/2024\/02\/EMPRESAS-TRACTORAS.jpg\" alt=\"\" class=\"wp-image-41648\" srcset=\"https:\/\/armstrongyregion.com.ar\/diario\/wp-content\/uploads\/2024\/02\/EMPRESAS-TRACTORAS.jpg 570w, https:\/\/armstrongyregion.com.ar\/diario\/wp-content\/uploads\/2024\/02\/EMPRESAS-TRACTORAS-300x168.jpg 300w\" sizes=\"auto, (max-width: 570px) 100vw, 570px\" \/><\/a><\/figure>\n\n\n\n<h2 class=\"wp-block-heading\">El gobernador present\u00f3 en Armstrong el programa de Empresas Tractoras, que busca potenciar la exportaci\u00f3n santafesina. \u201cQueremos que nos dejen producir y eso es lo que vamos a defender\u201d, afirm\u00f3 Pullaro.<\/h2>\n\n\n\n<figure class=\"wp-block-embed is-type-video is-provider-youtube wp-block-embed-youtube wp-embed-aspect-16-9 wp-has-aspect-ratio\"><div class=\"wp-block-embed__wrapper\">\n<iframe loading=\"lazy\" title=\"Pullaro: &quot;Vamos a abrir, consolidar y cuidar los mercados internacionales&quot;. Lic. Graciela De la casa\" width=\"800\" height=\"450\" src=\"https:\/\/www.youtube.com\/embed\/9YstP-2XeXE?feature=oembed\" frameborder=\"0\" allow=\"accelerometer; autoplay; clipboard-write; encrypted-media; gyroscope; picture-in-picture; web-share\" allowfullscreen><\/iframe>\n<\/div><\/figure>\n\n\n\n<p><\/p>\n\n\n\n<p>El gobernador de la provincia de Santa Fe, Maximiliano Pullaro, present\u00f3 este martes \u201cEmpresas Tractoras\u201d, un programa para potenciar la exportaci\u00f3n santafesina. Se trata de una iniciativa que apunta a consolidar la internacionalizaci\u00f3n de empresas santafesinas a trav\u00e9s de firmas que ya se encuentren exportando y que tengan capacidad de ser \u201ctractoras\u201d hacia los mercados globales.<\/p>\n\n\n\n<p>Durante la actividad, llevada a cabo en la planta Crucianelli S.A. -ubicada en Armstrong-, Pullaro afirm\u00f3: \u201cEstamos convencidos de cu\u00e1l debe ser el rumbo de la provincia de Santa Fe y es con el sector productivo. Nuestro pa\u00eds va a salir adelante cuando genere trabajo, empleo, riqueza y crecimiento econ\u00f3mico, no poni\u00e9ndole un pie en la cabeza a quienes quieren producir. Por eso, desde el gobierno de la provincia de Santa Fe vamos a trabajar al lado de ustedes\u201d.<\/p>\n\n\n\n<p>\u201cEs fundamental escuchar -continu\u00f3-, sentarnos en una mesa y planificar juntos hacia d\u00f3nde tiene que ir la pol\u00edtica y c\u00f3mo construimos una pol\u00edtica de Estado en la provincia de Santa Fe que nos permita cumplir los objetivos que nos vamos proponiendo, objetivos medibles, mensurables, con la construcci\u00f3n de indicadores que nos permitan ir midiendo una pol\u00edtica p\u00fablica. Eso es la eficiencia en las pol\u00edticas de Estado que tenemos que llevar adelante permanentemente a la provincia de Santa Fe\u201d.<\/p>\n\n\n\n<p>Seguidamente el gobernador detall\u00f3 que \u201cel Programa Empresas Tractoras pretende abrir, consolidar y cuidar los mercados internacionales. Para eso tenemos que ser serios como pa\u00eds, para que nadie nos deje de comprar o que a nadie le podamos dejar de vender y desde ese lugar tambi\u00e9n lograr conquistar nuevos mercados que nos permitan crecer\u201d.<\/p>\n\n\n\n<p>\u201cQueremos que nos dejen producir y eso es lo que vamos a defender los pr\u00f3ximos tres a\u00f1os y diez meses que nos quedan como gobierno. Sepan que este es un modelo que vamos a llevar adelante, este va a ser nuestro ADN y esto va a estar sellado a fuego en cada uno de nosotros. Siempre vamos a defender al sector productivo de la provincia de Santa Fe, porque estamos convencidos de que si a Santa Fe le va bien, a la Rep\u00fablica Argentina le va a ir bien\u201d, finaliz\u00f3 Pullaro.<\/p>\n\n\n\n<p><strong>Un programa con previsibilidad<\/strong><\/p>\n\n\n\n<p>Por su parte, el ministro de Desarrollo Productivo, Gustavo Puccini, explic\u00f3 los alcances del programa Empresas Tractoras: \u201cEl programa que estamos poniendo en marcha va a ser a trav\u00e9s de un decreto, esto quiere decir que cualquier gobierno que venga se va a encontrar con un programa y tiene la obligaci\u00f3n de mantenerlo activo con el correr de los a\u00f1os. Con esto lo que se busca es dar previsibilidad y reglas de juegos clara para adelante\u201d.<\/p>\n\n\n\n<p>Posteriormente, respecto a la decisi\u00f3n del incremento de las retenciones del gobierno nacional, el ministro de la cartera productiva aclar\u00f3 que \u201cel Gobernador tom\u00f3 la decisi\u00f3n el s\u00e1bado de directamente terminar y dar por acabada la discusi\u00f3n, por lo menos desde la provincia de Santa Fe. Es lo que se va a mantener para adelante, que con Santa Fe no cuenten para ning\u00fan incremento de retenciones, no se negocia nada, directamente hay que encontrar otras alternativas\u201d.<\/p>\n\n\n\n<p>Puccini detall\u00f3 que \u201cEmpresas Tractoras\u201d busca detectar aquellas firmas que tengan o puedan tener plantas productoras o centros de distribuci\u00f3n en el exterior , potenciando sus proveedores locales mediante herramientas de internacionalizaci\u00f3n para acompa\u00f1arlos en los mercados externos y ampliar sus posibilidades en otros mercados. En esta primera etapa, planifican identificar 15 empresas tractoras y, junto a ellas, 5 proveedores con potencial de ser nuevos exportadores.<\/p>\n\n\n\n<p>El Ministerio de Desarrollo Productivo desplegar\u00e1 un paquete de programas y herramientas para traccionar firmas a los mercados internacionales, como Promoci\u00f3n Industrial, Tecnopyme, Aprender, producci\u00f3n y trabajo, Acceso a servicios tecnol\u00f3gicos a trav\u00e9s de la DAT, Apoyo a la exportaci\u00f3n, In Company, Inteligencia Comercial, Promoci\u00f3n Comercial, Innovar para Exportar, Certificar Calidad para Exportar y Grupos Exportadores.<\/p>\n\n\n\n<figure class=\"wp-block-image\"><img decoding=\"async\" src=\"https:\/\/ci3.googleusercontent.com\/meips\/ADKq_NYUWDTIbqjmbkbEVr9uNT9DMwyrHGh6S6WawWXsSA-7oO5jGw_Vl66KrNEmgfXkO9CVCv66SfyCvurTKvdMyUol7OyZ6m8ZXuzY5exbXMgk-DdaN_lJxB2PAvnBhan9qTf8UpHxNt6EsLgmDzg=s0-d-e1-ft#https:\/\/www.santafe.gov.ar\/noticias\/recursos\/fotos\/2024\/02\/2024-02-06NID_279695O_2.jpeg\" alt=\"\"\/><\/figure>\n\n\n\n<p><strong>Una pol\u00edtica de Estado<\/strong><\/p>\n\n\n\n<p>Para finalizar, Ra\u00fal Crucianelli agradeci\u00f3 la presencia de las autoridades provinciales y afirm\u00f3 que \u201cla posibilidad de exportar es un viejo anhelo para muchas empresas. Estamos convencidos que la exportaci\u00f3n es posible y es una necesidad\u201d. En tanto, Gustavo Crucianelli detall\u00f3 que \u201chace un tiempo atr\u00e1s tomamos la decisi\u00f3n de comenzar a exportar, un camino dif\u00edcil y de largo plazo. Por eso que hoy sea una pol\u00edtica de Estado del gobierno nos da much\u00edsima tranquilidad a las empresas\u201d.<\/p>\n\n\n\n<p>Participaron tambi\u00e9n de la actividad, el secretario provincial de Desarrollo Industrial, Guillermo Beccani; el intendente de Armstrong, Guillermo Luzzi; y legisladores provinciales.<\/p>\n","protected":false},"excerpt":{"rendered":"<p>Pullaro: \u201cVamos a abrir, consolidar y cuidar los mercados internacionales\u201d<\/p>\n","protected":false},"author":1,"featured_media":41648,"comment_status":"open","ping_status":"open","sticky":false,"template":"","format":"image","meta":{"_jetpack_memberships_contains_paid_content":false,"footnotes":"","jetpack_publicize_message":"","jetpack_publicize_feature_enabled":true,"jetpack_social_post_already_shared":true,"jetpack_social_options":{"image_generator_settings":{"template":"highway","default_image_id":0,"enabled":false},"version":2}},"categories":[8,1,2,7,3],"tags":[33,10284,2137,10285,10286,8777,42,4068,2846,3683],"class_list":["post-41647","post","type-post","status-publish","format-image","has-post-thumbnail","hentry","category-deliberando","category-diario-armstrong","category-locales","category-politica","category-region","tag-a","tag-abrir","tag-consolidar","tag-cuidar","tag-internacionales","tag-lic-graciela-de-la-casa","tag-los","tag-mercados","tag-pullaro","tag-vamos","post_format-post-format-image"],"jetpack_publicize_connections":[],"jetpack_featured_media_url":"https:\/\/armstrongyregion.com.ar\/diario\/wp-content\/uploads\/2024\/02\/EMPRESAS-TRACTORAS.jpg","jetpack_shortlink":"https:\/\/wp.me\/p62QDO-aPJ","jetpack_sharing_enabled":true,"amp_enabled":true,"_links":{"self":[{"href":"https:\/\/armstrongyregion.com.ar\/diario\/wp-json\/wp\/v2\/posts\/41647","targetHints":{"allow":["GET"]}}],"collection":[{"href":"https:\/\/armstrongyregion.com.ar\/diario\/wp-json\/wp\/v2\/posts"}],"about":[{"href":"https:\/\/armstrongyregion.com.ar\/diario\/wp-json\/wp\/v2\/types\/post"}],"author":[{"embeddable":true,"href":"https:\/\/armstrongyregion.com.ar\/diario\/wp-json\/wp\/v2\/users\/1"}],"replies":[{"embeddable":true,"href":"https:\/\/armstrongyregion.com.ar\/diario\/wp-json\/wp\/v2\/comments?post=41647"}],"version-history":[{"count":1,"href":"https:\/\/armstrongyregion.com.ar\/diario\/wp-json\/wp\/v2\/posts\/41647\/revisions"}],"predecessor-version":[{"id":41649,"href":"https:\/\/armstrongyregion.com.ar\/diario\/wp-json\/wp\/v2\/posts\/41647\/revisions\/41649"}],"wp:featuredmedia":[{"embeddable":true,"href":"https:\/\/armstrongyregion.com.ar\/diario\/wp-json\/wp\/v2\/media\/41648"}],"wp:attachment":[{"href":"https:\/\/armstrongyregion.com.ar\/diario\/wp-json\/wp\/v2\/media?parent=41647"}],"wp:term":[{"taxonomy":"category","embeddable":true,"href":"https:\/\/armstrongyregion.com.ar\/diario\/wp-json\/wp\/v2\/categories?post=41647"},{"taxonomy":"post_tag","embeddable":true,"href":"https:\/\/armstrongyregion.com.ar\/diario\/wp-json\/wp\/v2\/tags?post=41647"}],"curies":[{"name":"wp","href":"https:\/\/api.w.org\/{rel}","templated":true}]}}