{"id":4164,"date":"2015-09-21T15:36:29","date_gmt":"2015-09-21T15:36:29","guid":{"rendered":"https:\/\/armstrongyregion.com.ar\/diario\/?p=4164"},"modified":"2015-09-21T15:36:29","modified_gmt":"2015-09-21T15:36:29","slug":"4-pasaje-de-teatro-correa-2015%e2%80%8f","status":"publish","type":"post","link":"https:\/\/armstrongyregion.com.ar\/diario\/4-pasaje-de-teatro-correa-2015%e2%80%8f\/","title":{"rendered":"4\u00b0 Pasaje de Teatro Correa 2015\u200f."},"content":{"rendered":"<p><a href=\"http:\/\/armstrongyregion.com.ar\/diario\/wp-content\/uploads\/2015\/09\/pasajeteatrocorrea2015.jpg\"><img loading=\"lazy\" decoding=\"async\" class=\"alignnone size-medium wp-image-4165\" src=\"http:\/\/armstrongyregion.com.ar\/diario\/wp-content\/uploads\/2015\/09\/pasajeteatrocorrea2015-300x224.jpg\" alt=\"pasajeteatrocorrea2015\" width=\"300\" height=\"224\" srcset=\"https:\/\/armstrongyregion.com.ar\/diario\/wp-content\/uploads\/2015\/09\/pasajeteatrocorrea2015-300x224.jpg 300w, https:\/\/armstrongyregion.com.ar\/diario\/wp-content\/uploads\/2015\/09\/pasajeteatrocorrea2015.jpg 768w\" sizes=\"auto, (max-width: 300px) 100vw, 300px\" \/><\/a>Del 24 al 30 de septiembre el teatro se da cita en la cuarta edici\u00f3n del Pasaje de Teatro Correa 2015, organizado por el Grupo Actitudes y el Concejo de Cultura de la Comuna de Correa. Se presentar\u00e1n 17 obras de elencos de las provincias de Santa Fe, Buenos Aires y Entre R\u00edos, incluyendo puestas en escena de Actitudes, el Grupo de Teatro Infantil de la Comuna de Correa y el Taller de Teatro de la EEMPA N\u00ba 1249 \u201cProfesor Ricardo Garc\u00eda\u201d. Las obras se presentar\u00e1n en el Centro Cultural Villa \u00c1ngela, el Polideportivo Comunal y los jardines de infantes. Todos los espect\u00e1culos son con entrada libre y gratuita.<br \/>\nJueves 24:<br \/>\n. 21 hs. C. C. Villa \u00c1ngela. El Grupo de Teatro Vocacional Independiente \u201cEspejos\u201d (Carcara\u00f1a \u2013 Ca\u00f1ada de G\u00f3mez) presenta la obra \u201cLas heridas del viento\u201d de Juan Carlos Rubio, adaptada por Jorge Tasso con la actuaci\u00f3n de Jorge Tasso y Diego Lombardelli<\/p>\n<p>Viernes 25:<br \/>\n. 20:30 hs. C. C. Villa \u00c1ngela. El Grupo de Teatro Villa Eloisa presenta la obra \u201cPobres delirantes\u201d dirigida por Carlos Costamagna<br \/>\n. 22 hs. C. C. Villa \u00c1ngela. El Grupo de Teatro Mecachoendie (Totoras) presenta la obra \u201cSeguiremos siendo felices\u201d de Lautaro Campo, bajo la direcci\u00f3n de Diego Prialis<\/p>\n<p>S\u00e1bado 26:<br \/>\n. 15 hs. Polideportivo Comunal. Los Andariegios del Multicosmo (Ca\u00f1ada de G\u00f3mez) presenta la obra infantil \u201cEl libro de lucesita\u201d con la actuaci\u00f3n de Joel Lazos, Miguel Guti\u00e9rrez y Sol Wortzel<br \/>\n. 18 hs. C. C. Villa \u00c1ngela. El Grupo Descarrilados (Clason) presenta la obra infantil \u201cCeremonia de chocolate\u201d escrita y dirigida por Alejandro Acosta<br \/>\n. 19:30 hs. C. C. Villa \u00c1ngela. Face Teatro (Buenos Aires) presenta la obra \u201cDecir s\u00ed\u201d de Griselda Gambaro, dirigida por Ernesto Sigaud<br \/>\n. 20:30 hs. C. C. Villa \u00c1ngela. Teatro\u2026 Va (Buenos Aires) presenta la obra \u201cCanci\u00f3n de cuna para un anarquista\u201d de Jorge D\u00edas dirigida por Emilio Hugo Alba<br \/>\n. 22 hs. C. C. Villa \u00c1ngela. El Grupo Carlos Gaggeri (Teodelina) presenta la obra \u201cPugliese y Darienzo\u201d de Alberto Cattan dirigida por Natal\u00ed Lisa<\/p>\n<p>Domingo 27:<br \/>\n. 15 hs. Polideportivo Comunal. N\u00f3madas (Villa Mantero y Basavilbaso, Entre R\u00edos) presenta la obra infantil \u201cEl Circucumelerotongo de los Hermanos Teria\u201d<br \/>\n. 18:30 hs. C. C. Villa \u00c1ngela. El Taller de Teatro Integrado (Henderson, Buenos Aires) presenta las obras \u201c\u00c1vidos\u201d de Santiago Serrano y \u201cModelos de madre para recortar y armar\u201d de Hugo Saccoccia, dirigidas por Fabio Oyhanarte<br \/>\n. 19:30 hs. C. C. Villa \u00c1ngela. El Grupo de Teatro Municipal de Basavilbaso (Entre R\u00edos) presenta la obra \u201cHistorias para ser contadas\u201d de Osvaldo Dragun, bajo la direcci\u00f3n de Eugenio Rodr\u00edguez<br \/>\n. 20:30 hs. C. C. Villa \u00c1ngela. Agrupaci\u00f3n Cultural Victoria (Entre R\u00edos) presenta la obra \u201cEsperando el lunes\u201d de Carlos Alsina dirigida por Delfina Sartori y Nestor Sartori<\/p>\n<p>Lunes 28: En Jard\u00edn I Bambini Actitudes presenta la obra \u201cPan, manteca y az\u00facar. Una flor de merienda\u201d dirigida por Alejandro Acosta<\/p>\n<p>Martes 29:<br \/>\n. 19 hs. C. C. Villa \u00c1ngela. El Grupo Peque\u00f1os de la Comuna de San Jer\u00f3nimo presenta \u201cAlgo hay que hacer con Andr\u00e9s\u201d, dramaturgia grupal dirigida por Alejandro Acosta<br \/>\n. 19:45 hs. C. C. Villa \u00c1ngela. El Grupo de Teatro de la EEMPA N\u00ba 1249 de Correa presenta la obra \u201cUn elefante de colores\u201d (teatro de sombras) bajo la direcci\u00f3n de Alejandro Acosta<br \/>\n. 20:30 hs. C. C. Villa \u00c1ngela. El grupo de teatro infantil de la Comuna de Correa \u201cTeloncito\u201d presenta la dramaturgia grupal \u201cUn reino y un mu\u00f1equito de nieve\u201d dirigida por Alejandro Acosta<\/p>\n<p>Mi\u00e9rcoles 30:<br \/>\n. 20:30 hs. C. C. Villa \u00c1ngela. Actitudes presenta la obra \u201cLas d\u00b4enfrente\u201d de Federico Mertens dirigida por Alejandro Acosta<\/p>\n","protected":false},"excerpt":{"rendered":"<p>Del 24 al 30 de septiembre el teatro se da cita en la cuarta edici\u00f3n del Pasaje de Teatro Correa 2015, organizado por el Grupo Actitudes y el Concejo de Cultura de la Comuna de Correa. Se presentar\u00e1n 17 obras de elencos de las provincias de Santa Fe, Buenos Aires y Entre R\u00edos, incluyendo puestas <a href=\"https:\/\/armstrongyregion.com.ar\/diario\/4-pasaje-de-teatro-correa-2015%e2%80%8f\/\" title=\"Read more\" >&#8230;<\/a><\/p>\n","protected":false},"author":2,"featured_media":4165,"comment_status":"open","ping_status":"open","sticky":false,"template":"","format":"standard","meta":{"_jetpack_memberships_contains_paid_content":false,"footnotes":"","jetpack_publicize_message":"","jetpack_publicize_feature_enabled":true,"jetpack_social_post_already_shared":false,"jetpack_social_options":{"image_generator_settings":{"template":"highway","default_image_id":0,"enabled":false},"version":2}},"categories":[6,1,3],"tags":[306,854,303,19,2780,1431],"class_list":["post-4164","post","type-post","status-publish","format-standard","has-post-thumbnail","hentry","category-cultura-entretenimiento","category-diario-armstrong","category-region","tag-306","tag-854","tag-correa","tag-de","tag-pasaje","tag-teatro"],"jetpack_publicize_connections":[],"jetpack_featured_media_url":"https:\/\/armstrongyregion.com.ar\/diario\/wp-content\/uploads\/2015\/09\/pasajeteatrocorrea2015.jpg","jetpack_shortlink":"https:\/\/wp.me\/p62QDO-15a","jetpack_sharing_enabled":true,"amp_enabled":true,"_links":{"self":[{"href":"https:\/\/armstrongyregion.com.ar\/diario\/wp-json\/wp\/v2\/posts\/4164","targetHints":{"allow":["GET"]}}],"collection":[{"href":"https:\/\/armstrongyregion.com.ar\/diario\/wp-json\/wp\/v2\/posts"}],"about":[{"href":"https:\/\/armstrongyregion.com.ar\/diario\/wp-json\/wp\/v2\/types\/post"}],"author":[{"embeddable":true,"href":"https:\/\/armstrongyregion.com.ar\/diario\/wp-json\/wp\/v2\/users\/2"}],"replies":[{"embeddable":true,"href":"https:\/\/armstrongyregion.com.ar\/diario\/wp-json\/wp\/v2\/comments?post=4164"}],"version-history":[{"count":0,"href":"https:\/\/armstrongyregion.com.ar\/diario\/wp-json\/wp\/v2\/posts\/4164\/revisions"}],"wp:featuredmedia":[{"embeddable":true,"href":"https:\/\/armstrongyregion.com.ar\/diario\/wp-json\/wp\/v2\/media\/4165"}],"wp:attachment":[{"href":"https:\/\/armstrongyregion.com.ar\/diario\/wp-json\/wp\/v2\/media?parent=4164"}],"wp:term":[{"taxonomy":"category","embeddable":true,"href":"https:\/\/armstrongyregion.com.ar\/diario\/wp-json\/wp\/v2\/categories?post=4164"},{"taxonomy":"post_tag","embeddable":true,"href":"https:\/\/armstrongyregion.com.ar\/diario\/wp-json\/wp\/v2\/tags?post=4164"}],"curies":[{"name":"wp","href":"https:\/\/api.w.org\/{rel}","templated":true}]}}