{"id":41638,"date":"2024-02-05T00:41:40","date_gmt":"2024-02-05T00:41:40","guid":{"rendered":"https:\/\/armstrongyregion.com.ar\/diario\/?p=41638"},"modified":"2024-02-05T00:41:42","modified_gmt":"2024-02-05T00:41:42","slug":"feriados-por-carnaval-cuando-caen-y-como-queda-el-finde-xxl-en-febrero","status":"publish","type":"post","link":"https:\/\/armstrongyregion.com.ar\/diario\/feriados-por-carnaval-cuando-caen-y-como-queda-el-finde-xxl-en-febrero\/","title":{"rendered":"Feriados por carnaval: cu\u00e1ndo caen y c\u00f3mo queda el finde XXL en febrero."},"content":{"rendered":"\n<figure class=\"wp-block-image size-full\"><a href=\"http:\/\/armstrongyregion.com.ar\/diario\/wp-content\/uploads\/2024\/01\/calendario-2024-feriados-.jpg\"><img loading=\"lazy\" decoding=\"async\" width=\"595\" height=\"324\" src=\"http:\/\/armstrongyregion.com.ar\/diario\/wp-content\/uploads\/2024\/01\/calendario-2024-feriados-.jpg\" alt=\"\" class=\"wp-image-41250\" srcset=\"https:\/\/armstrongyregion.com.ar\/diario\/wp-content\/uploads\/2024\/01\/calendario-2024-feriados-.jpg 595w, https:\/\/armstrongyregion.com.ar\/diario\/wp-content\/uploads\/2024\/01\/calendario-2024-feriados--300x163.jpg 300w\" sizes=\"auto, (max-width: 595px) 100vw, 595px\" \/><\/a><\/figure>\n\n\n\n<h2 class=\"wp-block-heading\">Muchos argentinos ya planifican unas mini vacaciones en carnaval por la larga duraci\u00f3n de ese fin de semana.<\/h2>\n\n\n\n<p>El feriado de carnaval est\u00e1 cada vez m\u00e1s cerca y es por eso que muchos argentinos empiezan a planificar la pr\u00f3xima escapada de descanso. Este a\u00f1o ser\u00e1 un fin de semana extralargo<strong><\/strong>ideal para salir de minivacaciones.<\/p>\n\n\n\n<p><strong>El 12 y 13 de febrero de Carnaval caen lunes y martes.<\/strong>&nbsp;Son feriados nacionales garantizados por ley, es por eso que se espera un gran movimiento tur\u00edstico por todo el pa\u00eds, ya que sumados al s\u00e1bado y domingo se transforman en un fin de semana XXL.<\/p>\n","protected":false},"excerpt":{"rendered":"<p>Feriados por carnaval: cu\u00e1ndo caen y c\u00f3mo queda el finde XXL en febrero.<\/p>\n","protected":false},"author":1,"featured_media":41250,"comment_status":"open","ping_status":"open","sticky":false,"template":"","format":"image","meta":{"_jetpack_memberships_contains_paid_content":false,"footnotes":"","jetpack_publicize_message":"","jetpack_publicize_feature_enabled":true,"jetpack_social_post_already_shared":true,"jetpack_social_options":{"image_generator_settings":{"template":"highway","default_image_id":0,"enabled":false},"version":2}},"categories":[8,1,2,7,3],"tags":[8983,572,1753,10145,10282,8777,81,10281,10283],"class_list":["post-41638","post","type-post","status-publish","format-image","has-post-thumbnail","hentry","category-deliberando","category-diario-armstrong","category-locales","category-politica","category-region","tag-carnaval-2","tag-como","tag-cuando","tag-feriados","tag-fonde","tag-lic-graciela-de-la-casa","tag-para","tag-queda","tag-xxl","post_format-post-format-image"],"jetpack_publicize_connections":[],"jetpack_featured_media_url":"https:\/\/armstrongyregion.com.ar\/diario\/wp-content\/uploads\/2024\/01\/calendario-2024-feriados-.jpg","jetpack_shortlink":"https:\/\/wp.me\/p62QDO-aPA","jetpack_sharing_enabled":true,"amp_enabled":true,"_links":{"self":[{"href":"https:\/\/armstrongyregion.com.ar\/diario\/wp-json\/wp\/v2\/posts\/41638","targetHints":{"allow":["GET"]}}],"collection":[{"href":"https:\/\/armstrongyregion.com.ar\/diario\/wp-json\/wp\/v2\/posts"}],"about":[{"href":"https:\/\/armstrongyregion.com.ar\/diario\/wp-json\/wp\/v2\/types\/post"}],"author":[{"embeddable":true,"href":"https:\/\/armstrongyregion.com.ar\/diario\/wp-json\/wp\/v2\/users\/1"}],"replies":[{"embeddable":true,"href":"https:\/\/armstrongyregion.com.ar\/diario\/wp-json\/wp\/v2\/comments?post=41638"}],"version-history":[{"count":1,"href":"https:\/\/armstrongyregion.com.ar\/diario\/wp-json\/wp\/v2\/posts\/41638\/revisions"}],"predecessor-version":[{"id":41639,"href":"https:\/\/armstrongyregion.com.ar\/diario\/wp-json\/wp\/v2\/posts\/41638\/revisions\/41639"}],"wp:featuredmedia":[{"embeddable":true,"href":"https:\/\/armstrongyregion.com.ar\/diario\/wp-json\/wp\/v2\/media\/41250"}],"wp:attachment":[{"href":"https:\/\/armstrongyregion.com.ar\/diario\/wp-json\/wp\/v2\/media?parent=41638"}],"wp:term":[{"taxonomy":"category","embeddable":true,"href":"https:\/\/armstrongyregion.com.ar\/diario\/wp-json\/wp\/v2\/categories?post=41638"},{"taxonomy":"post_tag","embeddable":true,"href":"https:\/\/armstrongyregion.com.ar\/diario\/wp-json\/wp\/v2\/tags?post=41638"}],"curies":[{"name":"wp","href":"https:\/\/api.w.org\/{rel}","templated":true}]}}