{"id":41632,"date":"2024-02-04T23:50:19","date_gmt":"2024-02-04T23:50:19","guid":{"rendered":"https:\/\/armstrongyregion.com.ar\/diario\/?p=41632"},"modified":"2024-02-04T23:50:21","modified_gmt":"2024-02-04T23:50:21","slug":"tras-el-cierre-definitivo-de-la-boleteria-de-trenes-clerici-pide-intervencion-del-municipio","status":"publish","type":"post","link":"https:\/\/armstrongyregion.com.ar\/diario\/tras-el-cierre-definitivo-de-la-boleteria-de-trenes-clerici-pide-intervencion-del-municipio\/","title":{"rendered":"Tras el cierre definitivo de la boleter\u00eda de Trenes, Clerici pide intervenci\u00f3n del Municipio."},"content":{"rendered":"\n<p><\/p>\n\n\n\n<h2 class=\"wp-block-heading\">Los ediles tienen en Comisi\u00f3n una minuta de Comunicaci\u00f3n pidiendo que se de asesoramiento a los usuarios del servicio de pasajeros que deban tomar el tren en Ca\u00f1ada de G\u00f3mez y adquirir su boleto de manera online.<\/h2>\n\n\n\n<figure class=\"wp-block-image size-full\"><a href=\"http:\/\/armstrongyregion.com.ar\/diario\/wp-content\/uploads\/2024\/02\/Captura-de-pantalla-2024-02-04-195814.jpg\"><img loading=\"lazy\" decoding=\"async\" width=\"336\" height=\"378\" src=\"http:\/\/armstrongyregion.com.ar\/diario\/wp-content\/uploads\/2024\/02\/Captura-de-pantalla-2024-02-04-195814.jpg\" alt=\"\" class=\"wp-image-41633\" srcset=\"https:\/\/armstrongyregion.com.ar\/diario\/wp-content\/uploads\/2024\/02\/Captura-de-pantalla-2024-02-04-195814.jpg 336w, https:\/\/armstrongyregion.com.ar\/diario\/wp-content\/uploads\/2024\/02\/Captura-de-pantalla-2024-02-04-195814-267x300.jpg 267w\" sizes=\"auto, (max-width: 336px) 100vw, 336px\" \/><\/a><figcaption class=\"wp-element-caption\">Estela Clerici-<\/figcaption><\/figure>\n\n\n\n<p>El Concejo Municipal de Ca\u00f1ada de G\u00f3mez emiti\u00f3 una Resoluci\u00f3n pidiendo que no se cierre la boleter\u00eda del servicio de pasajeros de trenes en nuestra ciudad, autor\u00eda de la concejal Stella Clerici, quien acompa\u00f1\u00f3 la solicitud con numerosas firmas de usuarios del tren. Desde el lunes 5 se levanta la boleter\u00eda seg\u00fan informaci\u00f3n oficial.<\/p>\n\n\n\n<p>La edil de Trabajando por Ca\u00f1ada plante\u00f3, el viernes en sesi\u00f3n autoconvocada, que el Departamento Ejecutivo brinde, a trav\u00e9s del personal municipal existente en la Estaci\u00f3n de Trenes, durante los horarios de 7 a 13 hs y en lo posible durante horario vespertino, asesoramiento y colaboraci\u00f3n para que los usuarios del servicio de tren de pasajeros Ca\u00f1ada \u2013 Rosario, Rosario \u2013 Ca\u00f1ada y dem\u00e1s usuarios de otros servicios puedan adquirir sus pasajes online.<\/p>\n\n\n\n<p><em>\u201cPese al pedido de no cierre de la boleter\u00eda de la Estaci\u00f3n de Trenes la empresa prestataria del servicio ha decidido cerrar la misma\u201d,<\/em>&nbsp;inform\u00f3 Cl\u00e9rici y remarc\u00f3 que \u201c<em>muchos usuarios no cuentan con internet o pertenecen a un grupo etario a los que no les es f\u00e1cil la utilizaci\u00f3n de la compra de pasajes por internet, si bien existe en la Estaci\u00f3n de Trenes conectividad ser\u00eda necesario que personal municipal pueda brindar ayuda a los usuarios para la compra online\u201d.<\/em><\/p>\n\n\n\n<p>Para finalizar, la exintendenta remarc\u00f3 que en su gesti\u00f3n de gobierno\u00a0<em>\u201cSe ha invertido sumas importantes para la permanente restauraci\u00f3n de la boleter\u00eda y en general de la Estaci\u00f3n de Trenes, un edificio de valor arquitect\u00f3nico e hist\u00f3rico\u201d,<\/em>\u00a0y que ha sido una dura y larga gesti\u00f3n la realizada para el retorno del tren de pasajeros que ahora se ve en peligro de continuar.<\/p>\n\n\n\n<p>Fuente: Redacci\u00f3n El Recinto.<\/p>\n\n\n\n<p><\/p>\n\n\n","protected":false},"excerpt":{"rendered":"<p>Tras el cierre definitivo de la boleter\u00eda de Trenes, Clerici pide intervenci\u00f3n del Municipio.<\/p>\n","protected":false},"author":1,"featured_media":41633,"comment_status":"open","ping_status":"open","sticky":false,"template":"","format":"image","meta":{"_jetpack_memberships_contains_paid_content":false,"footnotes":"","jetpack_publicize_message":"","jetpack_publicize_feature_enabled":true,"jetpack_social_post_already_shared":true,"jetpack_social_options":{"image_generator_settings":{"template":"highway","default_image_id":0,"enabled":false},"version":2}},"categories":[8,1,2,7,3],"tags":[10279,334,19,10278,8777,8845],"class_list":["post-41632","post","type-post","status-publish","format-image","has-post-thumbnail","hentry","category-deliberando","category-diario-armstrong","category-locales","category-politica","category-region","tag-boleteria-2","tag-cierre","tag-de","tag-definitivo","tag-lic-graciela-de-la-casa","tag-trenes","post_format-post-format-image"],"jetpack_publicize_connections":[],"jetpack_featured_media_url":"https:\/\/armstrongyregion.com.ar\/diario\/wp-content\/uploads\/2024\/02\/Captura-de-pantalla-2024-02-04-195814.jpg","jetpack_shortlink":"https:\/\/wp.me\/p62QDO-aPu","jetpack_sharing_enabled":true,"amp_enabled":true,"_links":{"self":[{"href":"https:\/\/armstrongyregion.com.ar\/diario\/wp-json\/wp\/v2\/posts\/41632","targetHints":{"allow":["GET"]}}],"collection":[{"href":"https:\/\/armstrongyregion.com.ar\/diario\/wp-json\/wp\/v2\/posts"}],"about":[{"href":"https:\/\/armstrongyregion.com.ar\/diario\/wp-json\/wp\/v2\/types\/post"}],"author":[{"embeddable":true,"href":"https:\/\/armstrongyregion.com.ar\/diario\/wp-json\/wp\/v2\/users\/1"}],"replies":[{"embeddable":true,"href":"https:\/\/armstrongyregion.com.ar\/diario\/wp-json\/wp\/v2\/comments?post=41632"}],"version-history":[{"count":1,"href":"https:\/\/armstrongyregion.com.ar\/diario\/wp-json\/wp\/v2\/posts\/41632\/revisions"}],"predecessor-version":[{"id":41634,"href":"https:\/\/armstrongyregion.com.ar\/diario\/wp-json\/wp\/v2\/posts\/41632\/revisions\/41634"}],"wp:featuredmedia":[{"embeddable":true,"href":"https:\/\/armstrongyregion.com.ar\/diario\/wp-json\/wp\/v2\/media\/41633"}],"wp:attachment":[{"href":"https:\/\/armstrongyregion.com.ar\/diario\/wp-json\/wp\/v2\/media?parent=41632"}],"wp:term":[{"taxonomy":"category","embeddable":true,"href":"https:\/\/armstrongyregion.com.ar\/diario\/wp-json\/wp\/v2\/categories?post=41632"},{"taxonomy":"post_tag","embeddable":true,"href":"https:\/\/armstrongyregion.com.ar\/diario\/wp-json\/wp\/v2\/tags?post=41632"}],"curies":[{"name":"wp","href":"https:\/\/api.w.org\/{rel}","templated":true}]}}