{"id":41627,"date":"2024-02-04T23:39:25","date_gmt":"2024-02-04T23:39:25","guid":{"rendered":"https:\/\/armstrongyregion.com.ar\/diario\/?p=41627"},"modified":"2024-02-04T23:43:30","modified_gmt":"2024-02-04T23:43:30","slug":"nuevo-caso-de-dengue-positivo-en-armstrong","status":"publish","type":"post","link":"https:\/\/armstrongyregion.com.ar\/diario\/nuevo-caso-de-dengue-positivo-en-armstrong\/","title":{"rendered":"Nuevo caso de dengue positivo en Armstrong."},"content":{"rendered":"\n<figure class=\"wp-block-image size-full\"><a href=\"http:\/\/armstrongyregion.com.ar\/diario\/wp-content\/uploads\/2024\/02\/Dengue-4-2-24-a.jpg\"><img loading=\"lazy\" decoding=\"async\" width=\"360\" height=\"360\" src=\"http:\/\/armstrongyregion.com.ar\/diario\/wp-content\/uploads\/2024\/02\/Dengue-4-2-24-a.jpg\" alt=\"\" class=\"wp-image-41628\" srcset=\"https:\/\/armstrongyregion.com.ar\/diario\/wp-content\/uploads\/2024\/02\/Dengue-4-2-24-a.jpg 360w, https:\/\/armstrongyregion.com.ar\/diario\/wp-content\/uploads\/2024\/02\/Dengue-4-2-24-a-300x300.jpg 300w, https:\/\/armstrongyregion.com.ar\/diario\/wp-content\/uploads\/2024\/02\/Dengue-4-2-24-a-150x150.jpg 150w\" sizes=\"auto, (max-width: 360px) 100vw, 360px\" \/><\/a><\/figure>\n\n\n\n<p>Informamos que en el d\u00eda de la fecha se confirm\u00f3 un nuevo caso positivo de DENGUE en nuestra ciudad y un caso sospechoso a la espera del resultado.<\/p>\n\n\n\n<figure class=\"wp-block-image size-full\"><a href=\"http:\/\/armstrongyregion.com.ar\/diario\/wp-content\/uploads\/2024\/02\/Dengue.4-2-24-b.jpg\"><img loading=\"lazy\" decoding=\"async\" width=\"360\" height=\"360\" src=\"http:\/\/armstrongyregion.com.ar\/diario\/wp-content\/uploads\/2024\/02\/Dengue.4-2-24-b.jpg\" alt=\"\" class=\"wp-image-41629\" srcset=\"https:\/\/armstrongyregion.com.ar\/diario\/wp-content\/uploads\/2024\/02\/Dengue.4-2-24-b.jpg 360w, https:\/\/armstrongyregion.com.ar\/diario\/wp-content\/uploads\/2024\/02\/Dengue.4-2-24-b-300x300.jpg 300w, https:\/\/armstrongyregion.com.ar\/diario\/wp-content\/uploads\/2024\/02\/Dengue.4-2-24-b-150x150.jpg 150w\" sizes=\"auto, (max-width: 360px) 100vw, 360px\" \/><\/a><\/figure>\n\n\n\n<p>Ambos casos ser\u00edan importados de personas que viajaron a otros lugares por vacaciones.<\/p>\n\n\n\n<p>El dia Lunes 5 de Febrero, se realizar\u00e1n 2 bloqueos sanitarios seg\u00fan establecen los protocolos correspondientes. A las 8 de la ma\u00f1ana se dar\u00e1 inicio al bloqueo sanitario de la zona Suroeste de la ciudad y a las 18.30 hs al de zona Sureste.<\/p>\n\n\n\n<p>Pedimos a la poblaci\u00f3n que ante esta situaci\u00f3n, los vecinos descacharricen en sus hogares, apelando a la prevenci\u00f3n para frenar la propagaci\u00f3n del dengue.<\/p>\n\n\n\n<p>Se recomienda la utilizaci\u00f3n de repelente en la zona intervenida por el bloqueo sanitario, haciendo aplicaciones peri\u00f3dicas cada 4 horas.<\/p>\n\n\n\n<p>Trabajar\u00e1n en el bloqueo sanitario personal del Samco, Susamco, Municipio, Bomberos Voluntarios y Maestranza Municipal.<\/p>\n","protected":false},"excerpt":{"rendered":"<p>Nuevo caso de dengue positivo en Armstrong<\/p>\n","protected":false},"author":1,"featured_media":41629,"comment_status":"open","ping_status":"open","sticky":false,"template":"","format":"image","meta":{"_jetpack_memberships_contains_paid_content":false,"footnotes":"","jetpack_publicize_message":"","jetpack_publicize_feature_enabled":true,"jetpack_social_post_already_shared":true,"jetpack_social_options":{"image_generator_settings":{"template":"highway","default_image_id":0,"enabled":false},"version":2}},"categories":[8,1,2,7,4,3],"tags":[20,297,3363,15,8777,51],"class_list":["post-41627","post","type-post","status-publish","format-image","has-post-thumbnail","hentry","category-deliberando","category-diario-armstrong","category-locales","category-politica","category-prevencion-salud","category-region","tag-armstrong","tag-caso","tag-dengue","tag-en","tag-lic-graciela-de-la-casa","tag-nuevo","post_format-post-format-image"],"jetpack_publicize_connections":[],"jetpack_featured_media_url":"https:\/\/armstrongyregion.com.ar\/diario\/wp-content\/uploads\/2024\/02\/Dengue.4-2-24-b.jpg","jetpack_shortlink":"https:\/\/wp.me\/p62QDO-aPp","jetpack_sharing_enabled":true,"amp_enabled":true,"_links":{"self":[{"href":"https:\/\/armstrongyregion.com.ar\/diario\/wp-json\/wp\/v2\/posts\/41627","targetHints":{"allow":["GET"]}}],"collection":[{"href":"https:\/\/armstrongyregion.com.ar\/diario\/wp-json\/wp\/v2\/posts"}],"about":[{"href":"https:\/\/armstrongyregion.com.ar\/diario\/wp-json\/wp\/v2\/types\/post"}],"author":[{"embeddable":true,"href":"https:\/\/armstrongyregion.com.ar\/diario\/wp-json\/wp\/v2\/users\/1"}],"replies":[{"embeddable":true,"href":"https:\/\/armstrongyregion.com.ar\/diario\/wp-json\/wp\/v2\/comments?post=41627"}],"version-history":[{"count":1,"href":"https:\/\/armstrongyregion.com.ar\/diario\/wp-json\/wp\/v2\/posts\/41627\/revisions"}],"predecessor-version":[{"id":41630,"href":"https:\/\/armstrongyregion.com.ar\/diario\/wp-json\/wp\/v2\/posts\/41627\/revisions\/41630"}],"wp:featuredmedia":[{"embeddable":true,"href":"https:\/\/armstrongyregion.com.ar\/diario\/wp-json\/wp\/v2\/media\/41629"}],"wp:attachment":[{"href":"https:\/\/armstrongyregion.com.ar\/diario\/wp-json\/wp\/v2\/media?parent=41627"}],"wp:term":[{"taxonomy":"category","embeddable":true,"href":"https:\/\/armstrongyregion.com.ar\/diario\/wp-json\/wp\/v2\/categories?post=41627"},{"taxonomy":"post_tag","embeddable":true,"href":"https:\/\/armstrongyregion.com.ar\/diario\/wp-json\/wp\/v2\/tags?post=41627"}],"curies":[{"name":"wp","href":"https:\/\/api.w.org\/{rel}","templated":true}]}}