{"id":4161,"date":"2015-09-21T15:08:50","date_gmt":"2015-09-21T15:08:50","guid":{"rendered":"https:\/\/armstrongyregion.com.ar\/diario\/?p=4161"},"modified":"2015-09-21T15:08:50","modified_gmt":"2015-09-21T15:08:50","slug":"canada-de-gomez-congreso-nacional-de-historia","status":"publish","type":"post","link":"https:\/\/armstrongyregion.com.ar\/diario\/canada-de-gomez-congreso-nacional-de-historia\/","title":{"rendered":"Ca\u00f1ada de G\u00f3mez. Congreso Nacional de Historia."},"content":{"rendered":"<p><a href=\"http:\/\/armstrongyregion.com.ar\/diario\/wp-content\/uploads\/2015\/09\/Ap\u00e9ndice-fotos-1008.jpg\"><img loading=\"lazy\" decoding=\"async\" class=\"alignnone size-medium wp-image-4162\" src=\"http:\/\/armstrongyregion.com.ar\/diario\/wp-content\/uploads\/2015\/09\/Ap\u00e9ndice-fotos-1008-300x248.jpg\" alt=\"Ca\u00f1ada de Gomez-\" width=\"300\" height=\"248\" srcset=\"https:\/\/armstrongyregion.com.ar\/diario\/wp-content\/uploads\/2015\/09\/Ap\u00e9ndice-fotos-1008-300x248.jpg 300w, https:\/\/armstrongyregion.com.ar\/diario\/wp-content\/uploads\/2015\/09\/Ap\u00e9ndice-fotos-1008-1024x847.jpg 1024w\" sizes=\"auto, (max-width: 300px) 100vw, 300px\" \/><\/a>200 a\u00f1os de Independencia.<br \/>\n150 a\u00f1os del nacimiento de Ca\u00f1ada de G\u00f3mez.<br \/>\nEn el marco de la conmemoraci\u00f3n del 200\u00ba aniversario de la Declaratoria de la Independencia y en el 150\u00ba aniversario de la habilitaci\u00f3n de la Estaci\u00f3n Ca\u00f1ada de G\u00f3mez, la Municipalidad de Ca\u00f1ada de G\u00f3mez organiza el Primer Congreso Nacional de Historia a desarrollarse los d\u00edas 5, 6 y 7 de octubre del corriente a\u00f1o en Casa del Bicentenario, en Biblioteca \u201cAlfredo Saybene\u201d del Colegio Nacional Florentino Ameghino y en el Sal\u00f3n de Actos del Instituto del Profesorado N\u00ba 5 Perito Moreno.<br \/>\nDichas Jornadas buscan llevar adelante una actualizaci\u00f3n de enfoques te\u00f3ricos y metodol\u00f3gicos expresados en an\u00e1lisis y resultados in\u00e9ditos o en evaluaciones cr\u00edticas de los distintos temas de la investigaci\u00f3n hist\u00f3rica, con el fin de fortalecer los conocimientos espec\u00edficos referidos a procesos hist\u00f3ricos analizados desde un punto de vista riguroso. Para ellos hemos dividido en dos las actividades, una de ellas ser\u00e1n temas relacionados con historia nacional y provincial que ser\u00e1n llevadas adelante por destacados profesores e historiadores que fueron invitados a participar del mismo. Finalmente el otro tema a desarrollar ser\u00e1 nuestra historia local, donde presentaremos trabajos realizados por alumnos del nivel medio de las instituciones educativas de la ciudad.<br \/>\nCabe agregar que se entregar\u00e1 certificados a cada uno de los asistentes al evento y pueden inscribirse por correo electr\u00f3nico (museohistoricocdg@yahoo.com.ar) enviando Nombre, D.N.I., direcci\u00f3n y Tel\u00e9fono; o bien en el horario de acreditaciones en el lugar que se desarrollen las jornadas.<br \/>\nA continuaci\u00f3n trayectoria de cada uno de los disertantes:<br \/>\n\u00b7 Lic. Marcelo Ulloque, nacido en Ca\u00f1ada de G\u00f3mez se gradu\u00f3 de Profesor de Ense\u00f1anza Media y Superior en Historia en la Facultad de Humanidades y Artes de la Universidad Nacional de Rosario en 1993. En 2000 homolog\u00f3 su diploma por el de Licenciado en Historia ante el Estado Espa\u00f1ol. En 2011 se gradu\u00f3 de Mag\u00edster en Poder y Sociedad desde la Problem\u00e1tica del G\u00e9nero en la UNR. Es docente de esa Universidad, del Instituto Superior del Profesorado N\u00b0 5 de Ca\u00f1ada de G\u00f3mez, donde desde 2010 es Jefe de la carrera de Educaci\u00f3n Primaria, y tambi\u00e9n ense\u00f1a en su Anexo de Carcara\u00f1\u00e1. Ha publicado libros sobre Infancia y Asistencialidad, y art\u00edculos de su especialidad en diversas revistas cient\u00edficas y medios masivos de comunicaci\u00f3n.<br \/>\n\u00b7 Lic. Pablo V\u00e1zquez, integrante del Instituto de Revisionismo Hist\u00f3rico Argentino e Iberoamericano Manuel Dorrego. V\u00e1zquez es Licenciado en Ciencia Pol\u00edtica de la Universidad Argentina John F. Kennedy. Curs\u00f3 el Doctorado en Comunicaci\u00f3n, Cohorte 2008, de la Universidad Nacional de La Plata, siendo su tesis sobre FORJA y la comunicaci\u00f3n pol\u00edtica. Docente del Instituto Superior de Formaci\u00f3n T\u00e9cnica Superior n\u00ba 12 de la Ciudad Aut\u00f3noma de Buenos Aires, de la Universidad de Ciencias Empresariales y Sociales, y de la Universidad Nacional de Lomas de Zamora. Es Miembro de N\u00famero y de la Comisi\u00f3n Directiva de los Institutos Nacionales de Investigaciones Hist\u00f3ricas Eva Per\u00f3n, Juan Manuel de Rosas y Manuel Dorrego. Es Miembro del Instituto de Altos Estudios Juan Per\u00f3n, de la Comisi\u00f3n de Homenaje a FORJA, de la Comisi\u00f3n de Homenaje a Jos\u00e9 Mar\u00eda Rosa y de la Comisi\u00f3n Nacional de Homenaje a la Vuelta de Obligado. Fue docente de la C\u00e1tedra Jauretche del Banco de la Provincia de Buenos Aires. Ha asesorado a diversas publicaciones y realizaciones art\u00edsticas sobre temas hist\u00f3ricos. Ha dictado conferencias y cursos en diversas instituciones del pa\u00eds. Escribi\u00f3: Revista Continente; Peronismo y propaganda; Jauretche y la comunicaci\u00f3n pol\u00edtica moderna; y Peronismo vs. Mercantismo. Hizo los estudios preliminares de Evita, su legado de pu\u00f1o y letra, y Manual del Peronista. Y es coautor de La Otra Historia, con Pacho O&#8217; Donnell, Felipe Pigna, Araceli Bellota, Enrique Manson, Hern\u00e1n Brienza, Fabi\u00e1n D&#8217; Antonio, Hugo Chumbita, Pablo Hern\u00e1ndez y otros.<br \/>\n\u00b7 Dra. Ana Virginia Persello, se gradu\u00f3 en la Universidad Nacional de Rosario, obtuvo su maestr\u00eda en la Facultad Latinoamericana de Ciencias Sociales y se doctor\u00f3 en la Universidad de Buenos Aires. Es profesora de Historia Argentina (Siglo XX) en la carrera de Historia de la Universidad Nacional de Rosario, y pertenece a la Carrera de Investigador del Consejo de Investigaciones de la misma universidad. Ha publicado El radicalismo en crisis, 1930-1943 (1996) y art\u00edculos en los Anuarios de la Escuela de Historia de la UNR, de la Facultad de Ciencias Humanas de la UN del Centro, en los Cuadernos del Centro de Investigaciones Socio-Hist\u00f3ricas de la UN de La Plata y en la revista Estudios Sociales de la UN de Santa F\u00e9. Colabor\u00f3 en Nueva Historia Argentina (2000) y particip\u00f3 en la elaboraci\u00f3n de libros de texto.<br \/>\n\u00b7 Arq. Gustavo Fernetti, es egresado en la Facultad de Arquitectura, Planeamiento y Dise\u00f1o de la UNR, adem\u00e1s es muse\u00f3logo egresado en la Escuela Superior de Museolog\u00eda de Rosario y es uno de los fundadores del Museo Itinerante del Barrio de la Refiner\u00eda Rosario, es el autor del Museo Itinerante de Ernesto \u201cChe\u201d Guevara, y permanente asesor de distintos museos de nuestra regi\u00f3n.<br \/>\n\u00b7 Dr. Alberto Rodolfo Lettieri, historiador argentino, doctor en historia por la Universidad de Buenos Aires desde 2004. Es investigador independiente del CONICET, profesor titular en tres c\u00e1tedras de la Universidad de Buenos Aires y Director de investigaciones y extensi\u00f3n educativa del Instituto de Revisionismo Hist\u00f3rico Argentino e Iberoamericano Manuel Dorrego\/Ministerio de Cultura de la Naci\u00f3n. Ha dictado decenas de seminarios de grado y posgrado. Ha publicado m\u00e1s de 15 libros acad\u00e9micos y de divulgaci\u00f3n, ha escrito editoriales en Tiempo Argentino, Miradas al Sur, Revista \u00d1, Veintitres, Infobaires24, ABCenlinea y diversos medios del interior del pa\u00eds. En radio conduce el Ciclo \u00abClaves para construir la otra historia\u00bb, y participa de diversos programas de actualidad. Tambi\u00e9n ha tenido numerosas participaciones en TV abierta y Cable.<br \/>\n\u00b7 Dr. Vicente Zito Lema nacido en Buenos Aires. Trabaj\u00f3 como periodista en distintos peri\u00f3dicos como Clar\u00edn, El Cronista Comercial y La Opini\u00f3n. Fue director y fundador de la revista Cero de 1964 a 1967, colaborando con poetas del grupo \u00abBarrilete\u00bb, entre quienes se encontraban poetas como Miguel \u00c1ngel Bustos y Roberto Jorge Santoro. En la revista se lleg\u00f3 a publicar poemas de Ho Chi Minh por primera vez en castellano, traducidos por Juan L. Ortiz. En 1969, funda y dirige la revista literaria Talism\u00e1n, en la cual revindica la figura intelectual de Jacobo Fijman y se gan\u00f3 la censura por un dossier dedicado a la familia, cuya portada presentaba la fotograf\u00eda de Zito Lema, su compa\u00f1era y sus dos hijas, desnudas. La fotograf\u00eda habr\u00eda de ser ganadora de un certamen internacional. Talism\u00e1n est\u00e1 considerada una de las mas importantes revistas del surrealismo en la Argentina, donde participaron entre otros Enrique Molina y Aldo Pellegrini. En la d\u00e9cada del &#8217;70 se vincular\u00eda con distintas revistas como Liberaci\u00f3n colaborando con Julio Cort\u00e1zar y Rodolfo Walsh, Nuevo Hombre, y Crisis junto con Eduardo Galeano, Haroldo Conti y Federico Vogelius. Tras el golpe de estado de 1976 en Argentina, perseguido por la dictadura militar debe dejar el pa\u00eds en 1977 marchando a Europa. Tras haber estado en varios pa\u00edses decide finalmente radicarse en Holanda. Entre sus actividades en el exilio se destaca el haber conformado la Comisi\u00f3n Argentina por los Derechos Humanos (CADHU) junto con otros intelectuales como Julio Cort\u00e1zar, David Vi\u00f1as, Eduardo Luis Duhalde, entre otros. Estando exiliado escribe Mater, una de las primeras obras de teatro sobre los desaparecidos y la lucha de las Madres de Plaza de Mayo.2 Regresa a la Argentina en 1983. Fue disc\u00edpulo del creador de la escuela de psicolog\u00eda social, Enrique Pichon-Rivi\u00e8re, y del poeta Jacobo Fijman. Junto con las Madres de Plaza de Mayo funda en 2000 la Universidad Popular Madres de Plaza de Mayo, de la cual fue rector hasta 2003. Dirigi\u00f3 la revista Cultura y Utop\u00eda, de la Universidad Popular Madres Plaza de Mayo. En el a\u00f1o 2013 es declarado \u00abDoctor Honoris Causa\u00bb por la Universidad Nacional de R\u00edo Cuarto, en la provincia de C\u00f3rdoba. En su emotiva disertaci\u00f3n recuerda su relaci\u00f3n con el escritor Haroldo Conti. En el a\u00f1o 2013, fue nombrado \u00abDoctor Honoris Causa\u00bb por la universidad nacional de la patagonia. En el a\u00f1o 2014 se le otorg\u00f3 el premio Rosa de Cobre por la Biblioteca Nacional. Actualmente trabaja como profesor de arte terapia y escritura en el centro cultural La Puerta y en el centro cultural Barbecho. Contin\u00faa su trabajo de escritor y poeta. Tiene a su cargo una c\u00e1tedra de arte en el departamento de historia de la universidad nacional de Avellaneda. As\u00ed como se encuentra desarrollando su Teor\u00eda de antropolog\u00eda teatral po\u00e9tica, que se extiende a la direcci\u00f3n, la actuaci\u00f3n y la dramaturgia. Ha sido declarado Personalidad destacada de la cultura y los derechos humanos, por ley de la legislatura de la ciudad de Buenos Aires, en el a\u00f1o 2014.<\/p>\n<p>CRONOGRAMA DE LAS JORNADAS:<\/p>\n<p>LUNES 5 DE OCTUBRE<br \/>\nCASA DEL BICENTENARIO \u2013 BV. BALCARCE Y QUINTANA<\/p>\n<p>17 hs.: Acreditaciones<br \/>\n17,30 hs.: Apertura del Congreso<br \/>\n18 hs.: Presentaci\u00f3n de trabajos realizados por alumnos de la ciudad.<br \/>\n19,30 hs: Disertaciones<br \/>\n\u201cNuestras ciudades en su contexto latinoamericano\u201d a cargo del Lic. Marcelo Ulloque<br \/>\n\u201cEl rol de los museos en las escuelas\u201d a cargo del Arq. Gustavo Fernetti.<\/p>\n<p>MARTES 6 DE OCTUBRE<br \/>\nBIBLIOTECA \u201cALFREDO SAYBENE\u201d<br \/>\nDEL COLEGIO NACIONAL FLORENTINO AMEGHINO<br \/>\nBV. CENTENARIO 1075<\/p>\n<p>17,30 hs.: Apertura del Congreso<br \/>\n18 hs.: Presentaci\u00f3n trabajos de estudiantes secundarios.<br \/>\n19,30 hs: Disertaciones<br \/>\n\u00abLos partidos pol\u00edticos y su rol en la construcci\u00f3n de nuestro pa\u00eds\u00bb a cargo de la Dra. Ana Virginia Persello y el Lic. Pablo V\u00e1zquez<\/p>\n<p>MI\u00c9RCOLES 7 DE OCTUBRE<br \/>\nSAL\u00d3N DE ACTOS DEL I.S.P. N\u00ba 5 PERITO MORENO<br \/>\nBALLESTEROS 907<\/p>\n<p>17,30 hs.: Apertura del Congreso<br \/>\n18 hs.: \u201cCa\u00f1ada de G\u00f3mez ciudad y su vida institucional\u201d, presentaci\u00f3n trabajos hist\u00f3ricos realizado por el Museo Hist\u00f3rico Municipal.<br \/>\n19,30 hs: Disertaciones:<br \/>\n\u201cLa Historia en clave Nacional, Federal y Popular\u201d a cargo del Dr. Alberto Lettieri<br \/>\n\u201cLos Derechos Humanos en Argentina\u201d a cargo del Dr. Vicente Zito Lema<br \/>\n21 hs: Cierre del Congreso y entrega de Certificados<\/p>\n","protected":false},"excerpt":{"rendered":"<p>200 a\u00f1os de Independencia. 150 a\u00f1os del nacimiento de Ca\u00f1ada de G\u00f3mez. En el marco de la conmemoraci\u00f3n del 200\u00ba aniversario de la Declaratoria de la Independencia y en el 150\u00ba aniversario de la habilitaci\u00f3n de la Estaci\u00f3n Ca\u00f1ada de G\u00f3mez, la Municipalidad de Ca\u00f1ada de G\u00f3mez organiza el Primer Congreso Nacional de Historia a <a href=\"https:\/\/armstrongyregion.com.ar\/diario\/canada-de-gomez-congreso-nacional-de-historia\/\" title=\"Read more\" >&#8230;<\/a><\/p>\n","protected":false},"author":2,"featured_media":4162,"comment_status":"open","ping_status":"open","sticky":false,"template":"","format":"standard","meta":{"_jetpack_memberships_contains_paid_content":false,"footnotes":"","jetpack_publicize_message":"","jetpack_publicize_feature_enabled":true,"jetpack_social_post_already_shared":false,"jetpack_social_options":{"image_generator_settings":{"template":"highway","default_image_id":0,"enabled":false},"version":2}},"categories":[6,1,2,3],"tags":[163,1741,19,164,850,621],"class_list":["post-4161","post","type-post","status-publish","format-standard","has-post-thumbnail","hentry","category-cultura-entretenimiento","category-diario-armstrong","category-locales","category-region","tag-canada","tag-congreso","tag-de","tag-gomez","tag-historia","tag-nacional"],"jetpack_publicize_connections":[],"jetpack_featured_media_url":"https:\/\/armstrongyregion.com.ar\/diario\/wp-content\/uploads\/2015\/09\/Ap\u00e9ndice-fotos-1008.jpg","jetpack_shortlink":"https:\/\/wp.me\/p62QDO-157","jetpack_sharing_enabled":true,"amp_enabled":true,"_links":{"self":[{"href":"https:\/\/armstrongyregion.com.ar\/diario\/wp-json\/wp\/v2\/posts\/4161","targetHints":{"allow":["GET"]}}],"collection":[{"href":"https:\/\/armstrongyregion.com.ar\/diario\/wp-json\/wp\/v2\/posts"}],"about":[{"href":"https:\/\/armstrongyregion.com.ar\/diario\/wp-json\/wp\/v2\/types\/post"}],"author":[{"embeddable":true,"href":"https:\/\/armstrongyregion.com.ar\/diario\/wp-json\/wp\/v2\/users\/2"}],"replies":[{"embeddable":true,"href":"https:\/\/armstrongyregion.com.ar\/diario\/wp-json\/wp\/v2\/comments?post=4161"}],"version-history":[{"count":0,"href":"https:\/\/armstrongyregion.com.ar\/diario\/wp-json\/wp\/v2\/posts\/4161\/revisions"}],"wp:featuredmedia":[{"embeddable":true,"href":"https:\/\/armstrongyregion.com.ar\/diario\/wp-json\/wp\/v2\/media\/4162"}],"wp:attachment":[{"href":"https:\/\/armstrongyregion.com.ar\/diario\/wp-json\/wp\/v2\/media?parent=4161"}],"wp:term":[{"taxonomy":"category","embeddable":true,"href":"https:\/\/armstrongyregion.com.ar\/diario\/wp-json\/wp\/v2\/categories?post=4161"},{"taxonomy":"post_tag","embeddable":true,"href":"https:\/\/armstrongyregion.com.ar\/diario\/wp-json\/wp\/v2\/tags?post=4161"}],"curies":[{"name":"wp","href":"https:\/\/api.w.org\/{rel}","templated":true}]}}