{"id":41609,"date":"2024-02-01T22:28:39","date_gmt":"2024-02-01T22:28:39","guid":{"rendered":"https:\/\/armstrongyregion.com.ar\/diario\/?p=41609"},"modified":"2024-02-01T22:28:42","modified_gmt":"2024-02-01T22:28:42","slug":"armstrong-picnic-en-el-bracito-fuerte","status":"publish","type":"post","link":"https:\/\/armstrongyregion.com.ar\/diario\/armstrong-picnic-en-el-bracito-fuerte\/","title":{"rendered":"Armstrong. P\u00edcnic en el Bracito Fuerte."},"content":{"rendered":"\n<figure class=\"wp-block-image size-full\"><a href=\"http:\/\/armstrongyregion.com.ar\/diario\/wp-content\/uploads\/2024\/02\/PICNIC-2024.jpg\"><img loading=\"lazy\" decoding=\"async\" width=\"317\" height=\"320\" src=\"http:\/\/armstrongyregion.com.ar\/diario\/wp-content\/uploads\/2024\/02\/PICNIC-2024.jpg\" alt=\"\" class=\"wp-image-41610\" srcset=\"https:\/\/armstrongyregion.com.ar\/diario\/wp-content\/uploads\/2024\/02\/PICNIC-2024.jpg 317w, https:\/\/armstrongyregion.com.ar\/diario\/wp-content\/uploads\/2024\/02\/PICNIC-2024-297x300.jpg 297w, https:\/\/armstrongyregion.com.ar\/diario\/wp-content\/uploads\/2024\/02\/PICNIC-2024-150x150.jpg 150w\" sizes=\"auto, (max-width: 317px) 100vw, 317px\" \/><\/a><\/figure>\n\n\n\n<p>Municipalidad de Armstrong invita a disfrutar del p\u00edcnic que se realizar\u00e1 en el parque recreativo<br>Bracito Fuerte el domingo 4 de febrero desde las 19 hs. con la Feria Sabores y Colores Locales,<br>m\u00fasica y danza en vivo.<br>Ser\u00e1 la primera presentaci\u00f3n del a\u00f1o de los emprendedores locales quienes ponen a disposici\u00f3n<br>toda su creatividad y originalidad, mientras el p\u00fablico apoya la econom\u00eda social. Creaciones<br>artesanales, en diversos rubros y para todas las edades.<br>N\u00fameros art\u00edsticos a cargo de la Academia de cumbia cruzada \u201cLos Caminos de la Cumbia\u201d de la<br>ciudad de Carcara\u00f1\u00e1, el grupo local \u201cCumbia, Pasi\u00f3n y Confianza\u201d y para bailar a pura cumbia \u201cVale<br>la Pena\u201d.<br>Como siempre, la calesita \u201cEl Profe\u201d y los tradicionales juegos infantiles de este espacio p\u00fablico tan<br>elegido por todos.<br>Tra\u00e9 tu equipo de mate, reposera, conservadora y muchas ganas de pasarla bien. Es una hermosa<br>oportunidad para compartir con familia y amigos un atardecer de verano.<\/p>\n","protected":false},"excerpt":{"rendered":"<p>Municipalidad de Armstrong invita a disfrutar del p\u00edcnic que se realizar\u00e1 en el parque recreativoBracito Fuerte el domingo 4 de febrero desde las 19 hs. con la Feria Sabores y Colores Locales,m\u00fasica y danza en vivo.Ser\u00e1 la primera presentaci\u00f3n del a\u00f1o de los emprendedores locales quienes ponen a disposici\u00f3ntoda su creatividad y originalidad, mientras el <a href=\"https:\/\/armstrongyregion.com.ar\/diario\/armstrong-picnic-en-el-bracito-fuerte\/\" title=\"Read more\" >&#8230;<\/a><\/p>\n","protected":false},"author":1,"featured_media":41610,"comment_status":"open","ping_status":"open","sticky":false,"template":"","format":"image","meta":{"_jetpack_memberships_contains_paid_content":false,"footnotes":"","jetpack_publicize_message":"","jetpack_publicize_feature_enabled":true,"jetpack_social_post_already_shared":true,"jetpack_social_options":{"image_generator_settings":{"template":"highway","default_image_id":0,"enabled":false},"version":2}},"categories":[8,1,2,7,3],"tags":[20,10272,16,15,8777,10271],"class_list":["post-41609","post","type-post","status-publish","format-image","has-post-thumbnail","hentry","category-deliberando","category-diario-armstrong","category-locales","category-politica","category-region","tag-armstrong","tag-bracito-fuerte","tag-el","tag-en","tag-lic-graciela-de-la-casa","tag-picnic","post_format-post-format-image"],"jetpack_publicize_connections":[],"jetpack_featured_media_url":"https:\/\/armstrongyregion.com.ar\/diario\/wp-content\/uploads\/2024\/02\/PICNIC-2024.jpg","jetpack_shortlink":"https:\/\/wp.me\/p62QDO-aP7","jetpack_sharing_enabled":true,"amp_enabled":true,"_links":{"self":[{"href":"https:\/\/armstrongyregion.com.ar\/diario\/wp-json\/wp\/v2\/posts\/41609","targetHints":{"allow":["GET"]}}],"collection":[{"href":"https:\/\/armstrongyregion.com.ar\/diario\/wp-json\/wp\/v2\/posts"}],"about":[{"href":"https:\/\/armstrongyregion.com.ar\/diario\/wp-json\/wp\/v2\/types\/post"}],"author":[{"embeddable":true,"href":"https:\/\/armstrongyregion.com.ar\/diario\/wp-json\/wp\/v2\/users\/1"}],"replies":[{"embeddable":true,"href":"https:\/\/armstrongyregion.com.ar\/diario\/wp-json\/wp\/v2\/comments?post=41609"}],"version-history":[{"count":1,"href":"https:\/\/armstrongyregion.com.ar\/diario\/wp-json\/wp\/v2\/posts\/41609\/revisions"}],"predecessor-version":[{"id":41611,"href":"https:\/\/armstrongyregion.com.ar\/diario\/wp-json\/wp\/v2\/posts\/41609\/revisions\/41611"}],"wp:featuredmedia":[{"embeddable":true,"href":"https:\/\/armstrongyregion.com.ar\/diario\/wp-json\/wp\/v2\/media\/41610"}],"wp:attachment":[{"href":"https:\/\/armstrongyregion.com.ar\/diario\/wp-json\/wp\/v2\/media?parent=41609"}],"wp:term":[{"taxonomy":"category","embeddable":true,"href":"https:\/\/armstrongyregion.com.ar\/diario\/wp-json\/wp\/v2\/categories?post=41609"},{"taxonomy":"post_tag","embeddable":true,"href":"https:\/\/armstrongyregion.com.ar\/diario\/wp-json\/wp\/v2\/tags?post=41609"}],"curies":[{"name":"wp","href":"https:\/\/api.w.org\/{rel}","templated":true}]}}