{"id":41599,"date":"2024-02-01T12:12:37","date_gmt":"2024-02-01T12:12:37","guid":{"rendered":"https:\/\/armstrongyregion.com.ar\/diario\/?p=41599"},"modified":"2024-02-01T12:12:40","modified_gmt":"2024-02-01T12:12:40","slug":"armstrong-informe-dia-01-02-2024","status":"publish","type":"post","link":"https:\/\/armstrongyregion.com.ar\/diario\/armstrong-informe-dia-01-02-2024\/","title":{"rendered":"Armstrong. Informe d\u00eda 01\/02\/2024."},"content":{"rendered":"\n<figure class=\"wp-block-image size-full\"><a href=\"http:\/\/armstrongyregion.com.ar\/diario\/wp-content\/uploads\/2024\/02\/transito_cortado_por_obras.jpg\"><img loading=\"lazy\" decoding=\"async\" width=\"343\" height=\"343\" src=\"http:\/\/armstrongyregion.com.ar\/diario\/wp-content\/uploads\/2024\/02\/transito_cortado_por_obras.jpg\" alt=\"\" class=\"wp-image-41600\" srcset=\"https:\/\/armstrongyregion.com.ar\/diario\/wp-content\/uploads\/2024\/02\/transito_cortado_por_obras.jpg 343w, https:\/\/armstrongyregion.com.ar\/diario\/wp-content\/uploads\/2024\/02\/transito_cortado_por_obras-300x300.jpg 300w, https:\/\/armstrongyregion.com.ar\/diario\/wp-content\/uploads\/2024\/02\/transito_cortado_por_obras-150x150.jpg 150w\" sizes=\"auto, (max-width: 343px) 100vw, 343px\" \/><\/a><\/figure>\n\n\n\n<p><strong>La Municipalidad de Armstrong a trav\u00e9s de la Secretar\u00eda de Obras P\u00fablicas informa que por diversos trabajos las siguientes calles se encuentran con tr\u00e1nsito interrumpido:<\/strong><\/p>\n\n\n\n<figure class=\"wp-block-table\"><table><tbody><tr><td>Brasil entre Bergara y Moreno;Flotron entre P\u00edo Chiodi y Crucianelli;Venezuela entre Fischer y San Lorenzo;Villa Maria y Barrios mano sur.<\/td><\/tr><\/tbody><\/table><\/figure>\n\n\n\n<p><strong>Asimismo, se solicita circular con precauci\u00f3n en calle Schaer entre Fischer Bis y Democracia, por baches en calzada.&nbsp;<\/strong><\/p>\n\n\n\n<p>Disculpas por las molestias ocasionadas. Muchas gracias.<\/p>\n","protected":false},"excerpt":{"rendered":"<p>La Municipalidad de Armstrong a trav\u00e9s de la Secretar\u00eda de Obras P\u00fablicas informa que por diversos trabajos las siguientes calles se encuentran con tr\u00e1nsito interrumpido: Brasil entre Bergara y Moreno;Flotron entre P\u00edo Chiodi y Crucianelli;Venezuela entre Fischer y San Lorenzo;Villa Maria y Barrios mano sur. Asimismo, se solicita circular con precauci\u00f3n en calle Schaer entre <a href=\"https:\/\/armstrongyregion.com.ar\/diario\/armstrong-informe-dia-01-02-2024\/\" title=\"Read more\" >&#8230;<\/a><\/p>\n","protected":false},"author":1,"featured_media":41600,"comment_status":"open","ping_status":"open","sticky":false,"template":"","format":"image","meta":{"_jetpack_memberships_contains_paid_content":false,"footnotes":"","jetpack_publicize_message":"","jetpack_publicize_feature_enabled":true,"jetpack_social_post_already_shared":true,"jetpack_social_options":{"image_generator_settings":{"template":"highway","default_image_id":0,"enabled":false},"version":2}},"categories":[8,1,2,7,3],"tags":[9284,20,8777,220,60,9476],"class_list":["post-41599","post","type-post","status-publish","format-image","has-post-thumbnail","hentry","category-deliberando","category-diario-armstrong","category-locales","category-politica","category-region","tag-afectado","tag-armstrong","tag-lic-graciela-de-la-casa","tag-obras","tag-por","tag-transito-2","post_format-post-format-image"],"jetpack_publicize_connections":[],"jetpack_featured_media_url":"https:\/\/armstrongyregion.com.ar\/diario\/wp-content\/uploads\/2024\/02\/transito_cortado_por_obras.jpg","jetpack_shortlink":"https:\/\/wp.me\/p62QDO-aOX","jetpack_sharing_enabled":true,"amp_enabled":true,"_links":{"self":[{"href":"https:\/\/armstrongyregion.com.ar\/diario\/wp-json\/wp\/v2\/posts\/41599","targetHints":{"allow":["GET"]}}],"collection":[{"href":"https:\/\/armstrongyregion.com.ar\/diario\/wp-json\/wp\/v2\/posts"}],"about":[{"href":"https:\/\/armstrongyregion.com.ar\/diario\/wp-json\/wp\/v2\/types\/post"}],"author":[{"embeddable":true,"href":"https:\/\/armstrongyregion.com.ar\/diario\/wp-json\/wp\/v2\/users\/1"}],"replies":[{"embeddable":true,"href":"https:\/\/armstrongyregion.com.ar\/diario\/wp-json\/wp\/v2\/comments?post=41599"}],"version-history":[{"count":1,"href":"https:\/\/armstrongyregion.com.ar\/diario\/wp-json\/wp\/v2\/posts\/41599\/revisions"}],"predecessor-version":[{"id":41601,"href":"https:\/\/armstrongyregion.com.ar\/diario\/wp-json\/wp\/v2\/posts\/41599\/revisions\/41601"}],"wp:featuredmedia":[{"embeddable":true,"href":"https:\/\/armstrongyregion.com.ar\/diario\/wp-json\/wp\/v2\/media\/41600"}],"wp:attachment":[{"href":"https:\/\/armstrongyregion.com.ar\/diario\/wp-json\/wp\/v2\/media?parent=41599"}],"wp:term":[{"taxonomy":"category","embeddable":true,"href":"https:\/\/armstrongyregion.com.ar\/diario\/wp-json\/wp\/v2\/categories?post=41599"},{"taxonomy":"post_tag","embeddable":true,"href":"https:\/\/armstrongyregion.com.ar\/diario\/wp-json\/wp\/v2\/tags?post=41599"}],"curies":[{"name":"wp","href":"https:\/\/api.w.org\/{rel}","templated":true}]}}