{"id":41593,"date":"2024-02-01T03:37:44","date_gmt":"2024-02-01T03:37:44","guid":{"rendered":"https:\/\/armstrongyregion.com.ar\/diario\/?p=41593"},"modified":"2024-02-01T03:37:46","modified_gmt":"2024-02-01T03:37:46","slug":"armstrong-incendio-en-una-torre-de-luz-en-cancha-de-futbol-del-club-defensores","status":"publish","type":"post","link":"https:\/\/armstrongyregion.com.ar\/diario\/armstrong-incendio-en-una-torre-de-luz-en-cancha-de-futbol-del-club-defensores\/","title":{"rendered":"Armstrong. Incendio en una torre de luz en cancha de f\u00fatbol del club Defensores."},"content":{"rendered":"\n<figure class=\"wp-block-image size-full\"><a href=\"http:\/\/armstrongyregion.com.ar\/diario\/wp-content\/uploads\/2024\/02\/incendio-cancha.defensores-.jpg\"><img loading=\"lazy\" decoding=\"async\" width=\"323\" height=\"358\" src=\"http:\/\/armstrongyregion.com.ar\/diario\/wp-content\/uploads\/2024\/02\/incendio-cancha.defensores-.jpg\" alt=\"\" class=\"wp-image-41594\" srcset=\"https:\/\/armstrongyregion.com.ar\/diario\/wp-content\/uploads\/2024\/02\/incendio-cancha.defensores-.jpg 323w, https:\/\/armstrongyregion.com.ar\/diario\/wp-content\/uploads\/2024\/02\/incendio-cancha.defensores--271x300.jpg 271w\" sizes=\"auto, (max-width: 323px) 100vw, 323px\" \/><\/a><\/figure>\n\n\n\n<p>Pasadas las 22:20 el cuerpo activo de Bomberos Voluntarios es alertado por un incendio en una torre de luz en cancha de f\u00fatbol del club Defensores. <\/p>\n\n\n\n<p>Al llegar al lugar los efectivos divisaron algunas llamas que sal\u00edan de un nido que hab\u00eda en dicha torre. Procedieron al corte de energ\u00eda el\u00e9ctrica, luego apagaron las llamas y enfriaron la zona.<\/p>\n\n\n\n<p>Fuente: Bomberos Voluntarios de Armstrong. <\/p>\n","protected":false},"excerpt":{"rendered":"<p>Armstrong. Incendio en una torre de luz en cancha de f\u00fatbol del club Defensores.<\/p>\n","protected":false},"author":1,"featured_media":41594,"comment_status":"open","ping_status":"open","sticky":false,"template":"","format":"image","meta":{"_jetpack_memberships_contains_paid_content":false,"footnotes":"","jetpack_publicize_message":"","jetpack_publicize_feature_enabled":true,"jetpack_social_post_already_shared":true,"jetpack_social_options":{"image_generator_settings":{"template":"highway","default_image_id":0,"enabled":false},"version":2}},"categories":[8,1,2,7,3],"tags":[20,258,19,260,449,8777],"class_list":["post-41593","post","type-post","status-publish","format-image","has-post-thumbnail","hentry","category-deliberando","category-diario-armstrong","category-locales","category-politica","category-region","tag-armstrong","tag-club","tag-de","tag-defensores","tag-incendio","tag-lic-graciela-de-la-casa","post_format-post-format-image"],"jetpack_publicize_connections":[],"jetpack_featured_media_url":"https:\/\/armstrongyregion.com.ar\/diario\/wp-content\/uploads\/2024\/02\/incendio-cancha.defensores-.jpg","jetpack_shortlink":"https:\/\/wp.me\/p62QDO-aOR","jetpack_sharing_enabled":true,"amp_enabled":true,"_links":{"self":[{"href":"https:\/\/armstrongyregion.com.ar\/diario\/wp-json\/wp\/v2\/posts\/41593","targetHints":{"allow":["GET"]}}],"collection":[{"href":"https:\/\/armstrongyregion.com.ar\/diario\/wp-json\/wp\/v2\/posts"}],"about":[{"href":"https:\/\/armstrongyregion.com.ar\/diario\/wp-json\/wp\/v2\/types\/post"}],"author":[{"embeddable":true,"href":"https:\/\/armstrongyregion.com.ar\/diario\/wp-json\/wp\/v2\/users\/1"}],"replies":[{"embeddable":true,"href":"https:\/\/armstrongyregion.com.ar\/diario\/wp-json\/wp\/v2\/comments?post=41593"}],"version-history":[{"count":1,"href":"https:\/\/armstrongyregion.com.ar\/diario\/wp-json\/wp\/v2\/posts\/41593\/revisions"}],"predecessor-version":[{"id":41595,"href":"https:\/\/armstrongyregion.com.ar\/diario\/wp-json\/wp\/v2\/posts\/41593\/revisions\/41595"}],"wp:featuredmedia":[{"embeddable":true,"href":"https:\/\/armstrongyregion.com.ar\/diario\/wp-json\/wp\/v2\/media\/41594"}],"wp:attachment":[{"href":"https:\/\/armstrongyregion.com.ar\/diario\/wp-json\/wp\/v2\/media?parent=41593"}],"wp:term":[{"taxonomy":"category","embeddable":true,"href":"https:\/\/armstrongyregion.com.ar\/diario\/wp-json\/wp\/v2\/categories?post=41593"},{"taxonomy":"post_tag","embeddable":true,"href":"https:\/\/armstrongyregion.com.ar\/diario\/wp-json\/wp\/v2\/tags?post=41593"}],"curies":[{"name":"wp","href":"https:\/\/api.w.org\/{rel}","templated":true}]}}