{"id":41586,"date":"2024-01-31T22:22:05","date_gmt":"2024-01-31T22:22:05","guid":{"rendered":"https:\/\/armstrongyregion.com.ar\/diario\/?p=41586"},"modified":"2024-02-01T04:50:23","modified_gmt":"2024-02-01T04:50:23","slug":"provincia-comienza-a-saldar-la-paritaria-2023-con-un-14-de-aumento-a-pagar-en-los-proximos-dias","status":"publish","type":"post","link":"https:\/\/armstrongyregion.com.ar\/diario\/provincia-comienza-a-saldar-la-paritaria-2023-con-un-14-de-aumento-a-pagar-en-los-proximos-dias\/","title":{"rendered":"Provincia comienza a saldar la Paritaria 2023 con un 14% de aumento a pagar en los pr\u00f3ximos d\u00edas."},"content":{"rendered":"\n<figure class=\"wp-block-image size-full\"><a href=\"http:\/\/armstrongyregion.com.ar\/diario\/wp-content\/uploads\/2024\/01\/PARITARIAS-.jpg\"><img loading=\"lazy\" decoding=\"async\" width=\"570\" height=\"320\" src=\"http:\/\/armstrongyregion.com.ar\/diario\/wp-content\/uploads\/2024\/01\/PARITARIAS-.jpg\" alt=\"\" class=\"wp-image-41587\" srcset=\"https:\/\/armstrongyregion.com.ar\/diario\/wp-content\/uploads\/2024\/01\/PARITARIAS-.jpg 570w, https:\/\/armstrongyregion.com.ar\/diario\/wp-content\/uploads\/2024\/01\/PARITARIAS--300x168.jpg 300w\" sizes=\"auto, (max-width: 570px) 100vw, 570px\" \/><\/a><\/figure>\n\n\n\n<h2 class=\"wp-block-heading\">Los ministros Bastia y Olivares realizaron este jueves el anuncio. \u201cCon mucho esfuerzo, en un contexto de dificultades, y tal como venimos planteando desde el inicio de la gesti\u00f3n sobre actualizar los salarios conforme a las posibilidades de la Provincia, vamos a liquidar este 14% en base a los haberes de diciembre en los pr\u00f3ximos d\u00edas\u201d, detallaron. La diferencia tambi\u00e9n ser\u00e1 completada de acuerdo a ingresos.<\/h2>\n\n\n\n<figure class=\"wp-block-embed is-type-video is-provider-youtube wp-block-embed-youtube wp-embed-aspect-16-9 wp-has-aspect-ratio\"><div class=\"wp-block-embed__wrapper\">\n<iframe loading=\"lazy\" title=\"Diario Armstrong y Region. Ministro de Econom\u00eda Pablo Olivares. Lic. Graciela De la Casa.\" width=\"800\" height=\"450\" src=\"https:\/\/www.youtube.com\/embed\/tuEbS7SCTdY?feature=oembed\" frameborder=\"0\" allow=\"accelerometer; autoplay; clipboard-write; encrypted-media; gyroscope; picture-in-picture; web-share\" allowfullscreen><\/iframe>\n<\/div><figcaption class=\"wp-element-caption\">Ministros Bastia y Olivares.<\/figcaption><\/figure>\n\n\n\n<p>Los ministros de Gobierno e Innovaci\u00f3n P\u00fablica, Fabi\u00e1n Bastia, y de Econom\u00eda, Pablo Olivares, anunciaron hoy que el gobierno provincial comenzar\u00e1 a saldar la Paritaria 2023 con un 14 % de aumento sobre los haberes de diciembre, que pagar\u00e1 por planilla complementaria en el mes de febrero. Adem\u00e1s, las autoridades se comprometieron a que ning\u00fan trabajador perciba en esta oportunidad un incremento menor a $ 50.000.<\/p>\n\n\n\n<p>Durante la conferencia de prensa, el ministro de Gobierno e Innovaci\u00f3n P\u00fablica, Fabi\u00e1n Bastia, destac\u00f3: \u201cHemos trabajado mucho y evaluado las condiciones econ\u00f3mico financieras de la provincia, como lo hemos hecho desde que asumimos. En ese marco, y atendiendo al compromiso y la palabra de nuestro gobernador, cumplimos con la palabra empe\u00f1ada y nos hacemos cargo de las dificultades\u201d.<\/p>\n\n\n\n<p>El ministro de Gobierno rese\u00f1\u00f3 que \u201custedes saben que el contexto nacional es muy complejo y se ha complejizado mucho m\u00e1s en los \u00faltimos tiempos, con un proceso inflacionario importante que se aceler\u00f3, con ingresos econ\u00f3micos en Provincia por debajo de la inflaci\u00f3n, con una ca\u00edda de la econom\u00eda y los pron\u00f3sticos de un descenso del PBI en el a\u00f1o de cuatro puntos, pero acentuado en el primer semestre\u201d.<\/p>\n\n\n\n<p>\u201cCon todo ese contexto -continu\u00f3 el ministro de Gobierno-, nuestra provincia y nuestro gobierno ha cumplido con todas las obligaciones pendientes que hab\u00eda; muchas de ellas que exist\u00edan al momento de asumir. Queremos cumplir con otros compromisos que tambi\u00e9n nos quedaron, como es la Paritaria 2023. Por eso, comunicamos la actualizaci\u00f3n salarial, que dijimos ser\u00eda conforme al aumento de los ingresos que tuviera la provincia\u201d.<\/p>\n\n\n\n<p>Por su parte, el ministro de Econom\u00eda, Pablo Olivares detall\u00f3 que \u201clos recursos corrientes de la provincia tuvieron un crecimiento del 14% mensual. Por lo cual, en virtud de lo que plantea el gobernador de actualizar los salarios conforme a las posibilidades de mayores recursos de la provincia, vamos a liquidar este 14 % en base a los haberes de diciembre por planilla complementaria. En los pr\u00f3ximos d\u00edas daremos a conocer cu\u00e1ndo se abonar\u00e1\u201d, anticip\u00f3.<\/p>\n\n\n\n<p>\u201cDe esta manera, comenzamos a dar cumplimiento al acuerdo paritario 2023, y esperamos que, conforme a lo que evolucionan los recursos de la Provincia, en los pr\u00f3ximos dos meses estar terminando de completar este incremento salarial. Adem\u00e1s, vamos a garantizar que ning\u00fan trabajador va a tener un incremento menor a los $ 50.000\u201d, puntualiz\u00f3 el ministro de Econom\u00eda.<\/p>\n\n\n\n<p><\/p>\n","protected":false},"excerpt":{"rendered":"<p>Los ministros Bastia y Olivares realizaron este jueves el anuncio. \u201cCon mucho esfuerzo, en un contexto de dificultades, y tal como venimos planteando desde el inicio de la gesti\u00f3n sobre actualizar los salarios conforme a las posibilidades de la Provincia, vamos a liquidar este 14% en base a los haberes de diciembre en los pr\u00f3ximos <a href=\"https:\/\/armstrongyregion.com.ar\/diario\/provincia-comienza-a-saldar-la-paritaria-2023-con-un-14-de-aumento-a-pagar-en-los-proximos-dias\/\" title=\"Read more\" >&#8230;<\/a><\/p>\n","protected":false},"author":1,"featured_media":41587,"comment_status":"open","ping_status":"open","sticky":false,"template":"","format":"image","meta":{"_jetpack_memberships_contains_paid_content":false,"footnotes":"","jetpack_publicize_message":"","jetpack_publicize_feature_enabled":true,"jetpack_social_post_already_shared":true,"jetpack_social_options":{"image_generator_settings":{"template":"highway","default_image_id":0,"enabled":false},"version":2}},"categories":[6,8,1,2,7],"tags":[10264,33,1299,8777,8640,10263],"class_list":["post-41586","post","type-post","status-publish","format-image","has-post-thumbnail","hentry","category-cultura-entretenimiento","category-deliberando","category-diario-armstrong","category-locales","category-politica","tag-14-aumento","tag-a","tag-comienza","tag-lic-graciela-de-la-casa","tag-provincia-2","tag-saldar","post_format-post-format-image"],"jetpack_publicize_connections":[],"jetpack_featured_media_url":"https:\/\/armstrongyregion.com.ar\/diario\/wp-content\/uploads\/2024\/01\/PARITARIAS-.jpg","jetpack_shortlink":"https:\/\/wp.me\/p62QDO-aOK","jetpack_sharing_enabled":true,"amp_enabled":true,"_links":{"self":[{"href":"https:\/\/armstrongyregion.com.ar\/diario\/wp-json\/wp\/v2\/posts\/41586","targetHints":{"allow":["GET"]}}],"collection":[{"href":"https:\/\/armstrongyregion.com.ar\/diario\/wp-json\/wp\/v2\/posts"}],"about":[{"href":"https:\/\/armstrongyregion.com.ar\/diario\/wp-json\/wp\/v2\/types\/post"}],"author":[{"embeddable":true,"href":"https:\/\/armstrongyregion.com.ar\/diario\/wp-json\/wp\/v2\/users\/1"}],"replies":[{"embeddable":true,"href":"https:\/\/armstrongyregion.com.ar\/diario\/wp-json\/wp\/v2\/comments?post=41586"}],"version-history":[{"count":2,"href":"https:\/\/armstrongyregion.com.ar\/diario\/wp-json\/wp\/v2\/posts\/41586\/revisions"}],"predecessor-version":[{"id":41597,"href":"https:\/\/armstrongyregion.com.ar\/diario\/wp-json\/wp\/v2\/posts\/41586\/revisions\/41597"}],"wp:featuredmedia":[{"embeddable":true,"href":"https:\/\/armstrongyregion.com.ar\/diario\/wp-json\/wp\/v2\/media\/41587"}],"wp:attachment":[{"href":"https:\/\/armstrongyregion.com.ar\/diario\/wp-json\/wp\/v2\/media?parent=41586"}],"wp:term":[{"taxonomy":"category","embeddable":true,"href":"https:\/\/armstrongyregion.com.ar\/diario\/wp-json\/wp\/v2\/categories?post=41586"},{"taxonomy":"post_tag","embeddable":true,"href":"https:\/\/armstrongyregion.com.ar\/diario\/wp-json\/wp\/v2\/tags?post=41586"}],"curies":[{"name":"wp","href":"https:\/\/api.w.org\/{rel}","templated":true}]}}