{"id":41575,"date":"2024-01-31T15:09:22","date_gmt":"2024-01-31T15:09:22","guid":{"rendered":"https:\/\/armstrongyregion.com.ar\/diario\/?p=41575"},"modified":"2024-01-31T15:09:25","modified_gmt":"2024-01-31T15:09:25","slug":"armstrong-participo-de-una-reunion-con-autoridades-provinciales","status":"publish","type":"post","link":"https:\/\/armstrongyregion.com.ar\/diario\/armstrong-participo-de-una-reunion-con-autoridades-provinciales\/","title":{"rendered":"Armstrong particip\u00f3 de una reuni\u00f3n con autoridades provinciales."},"content":{"rendered":"\n<figure class=\"wp-block-image size-full\"><a href=\"http:\/\/armstrongyregion.com.ar\/diario\/wp-content\/uploads\/2024\/01\/pablito-cideter-a-.jpg\"><img loading=\"lazy\" decoding=\"async\" width=\"376\" height=\"265\" src=\"http:\/\/armstrongyregion.com.ar\/diario\/wp-content\/uploads\/2024\/01\/pablito-cideter-a-.jpg\" alt=\"\" class=\"wp-image-41576\" srcset=\"https:\/\/armstrongyregion.com.ar\/diario\/wp-content\/uploads\/2024\/01\/pablito-cideter-a-.jpg 376w, https:\/\/armstrongyregion.com.ar\/diario\/wp-content\/uploads\/2024\/01\/pablito-cideter-a--300x211.jpg 300w\" sizes=\"auto, (max-width: 376px) 100vw, 376px\" \/><\/a><\/figure>\n\n\n\n<p>El pasado viernes 26 de enero en instalaciones del Cideter Las Parejas, autoridades de los Ministerios de Desarrollo Productivo, de Educaci\u00f3n, y de Trabajo, Empleo y Seguridad Social del Gobierno de la Provincia de Santa Fe convocaron a una reuni\u00f3n de trabajo.<\/p>\n\n\n\n<figure class=\"wp-block-image size-full\"><a href=\"http:\/\/armstrongyregion.com.ar\/diario\/wp-content\/uploads\/2024\/01\/pablito-cideter-2-.jpg\"><img loading=\"lazy\" decoding=\"async\" width=\"675\" height=\"450\" src=\"http:\/\/armstrongyregion.com.ar\/diario\/wp-content\/uploads\/2024\/01\/pablito-cideter-2-.jpg\" alt=\"\" class=\"wp-image-41577\" srcset=\"https:\/\/armstrongyregion.com.ar\/diario\/wp-content\/uploads\/2024\/01\/pablito-cideter-2-.jpg 675w, https:\/\/armstrongyregion.com.ar\/diario\/wp-content\/uploads\/2024\/01\/pablito-cideter-2--300x200.jpg 300w\" sizes=\"auto, (max-width: 675px) 100vw, 675px\" \/><\/a><\/figure>\n\n\n\n<p><br>De la misma participaron, entre otros, los responsables de la Secretar\u00eda de Desarrollo Productivo de la Municipalidad de Armstrong CPN Julieta Lambertucci y el CPN Carlos Cuffia, el Senador Pablo Verdecchia, el presidente del Centro Tecnol\u00f3gico Cideter Sr. Osvaldo Giorgi, y los concejales Alejandro Pertusati y Noelia Garc\u00eda.<\/p>\n\n\n\n<figure class=\"wp-block-image size-full\"><a href=\"http:\/\/armstrongyregion.com.ar\/diario\/wp-content\/uploads\/2024\/01\/pablito-cideter-3-.jpg\"><img loading=\"lazy\" decoding=\"async\" width=\"675\" height=\"450\" src=\"http:\/\/armstrongyregion.com.ar\/diario\/wp-content\/uploads\/2024\/01\/pablito-cideter-3-.jpg\" alt=\"\" class=\"wp-image-41578\" srcset=\"https:\/\/armstrongyregion.com.ar\/diario\/wp-content\/uploads\/2024\/01\/pablito-cideter-3-.jpg 675w, https:\/\/armstrongyregion.com.ar\/diario\/wp-content\/uploads\/2024\/01\/pablito-cideter-3--300x200.jpg 300w\" sizes=\"auto, (max-width: 675px) 100vw, 675px\" \/><\/a><\/figure>\n\n\n\n<p><br>El objetivo fue informarse sobre qu\u00e9 tipos de capacitaciones se necesitan en la regi\u00f3n para llevar a cabo trabajos de manera articulada entre todas las partes, con los recursos con los que ya cuentan y ampliar el abanico de posibilidades, con cursos te\u00f3rico-pr\u00e1cticos de r\u00e1pida salida laboral.<\/p>\n","protected":false},"excerpt":{"rendered":"<p>Armstrong particip\u00f3 de una reuni\u00f3n con autoridades provinciales.<\/p>\n","protected":false},"author":1,"featured_media":41576,"comment_status":"open","ping_status":"open","sticky":false,"template":"","format":"image","meta":{"_jetpack_memberships_contains_paid_content":false,"footnotes":"","jetpack_publicize_message":"","jetpack_publicize_feature_enabled":true,"jetpack_social_post_already_shared":true,"jetpack_social_options":{"image_generator_settings":{"template":"highway","default_image_id":0,"enabled":false},"version":2}},"categories":[8,1,2,7,3],"tags":[20,857,100,8777,992,748,462],"class_list":["post-41575","post","type-post","status-publish","format-image","has-post-thumbnail","hentry","category-deliberando","category-diario-armstrong","category-locales","category-politica","category-region","tag-armstrong","tag-autoridades","tag-con","tag-lic-graciela-de-la-casa","tag-participo","tag-provinciales","tag-reunion","post_format-post-format-image"],"jetpack_publicize_connections":[],"jetpack_featured_media_url":"https:\/\/armstrongyregion.com.ar\/diario\/wp-content\/uploads\/2024\/01\/pablito-cideter-a-.jpg","jetpack_shortlink":"https:\/\/wp.me\/p62QDO-aOz","jetpack_sharing_enabled":true,"amp_enabled":true,"_links":{"self":[{"href":"https:\/\/armstrongyregion.com.ar\/diario\/wp-json\/wp\/v2\/posts\/41575","targetHints":{"allow":["GET"]}}],"collection":[{"href":"https:\/\/armstrongyregion.com.ar\/diario\/wp-json\/wp\/v2\/posts"}],"about":[{"href":"https:\/\/armstrongyregion.com.ar\/diario\/wp-json\/wp\/v2\/types\/post"}],"author":[{"embeddable":true,"href":"https:\/\/armstrongyregion.com.ar\/diario\/wp-json\/wp\/v2\/users\/1"}],"replies":[{"embeddable":true,"href":"https:\/\/armstrongyregion.com.ar\/diario\/wp-json\/wp\/v2\/comments?post=41575"}],"version-history":[{"count":1,"href":"https:\/\/armstrongyregion.com.ar\/diario\/wp-json\/wp\/v2\/posts\/41575\/revisions"}],"predecessor-version":[{"id":41579,"href":"https:\/\/armstrongyregion.com.ar\/diario\/wp-json\/wp\/v2\/posts\/41575\/revisions\/41579"}],"wp:featuredmedia":[{"embeddable":true,"href":"https:\/\/armstrongyregion.com.ar\/diario\/wp-json\/wp\/v2\/media\/41576"}],"wp:attachment":[{"href":"https:\/\/armstrongyregion.com.ar\/diario\/wp-json\/wp\/v2\/media?parent=41575"}],"wp:term":[{"taxonomy":"category","embeddable":true,"href":"https:\/\/armstrongyregion.com.ar\/diario\/wp-json\/wp\/v2\/categories?post=41575"},{"taxonomy":"post_tag","embeddable":true,"href":"https:\/\/armstrongyregion.com.ar\/diario\/wp-json\/wp\/v2\/tags?post=41575"}],"curies":[{"name":"wp","href":"https:\/\/api.w.org\/{rel}","templated":true}]}}