{"id":41559,"date":"2024-01-30T02:40:10","date_gmt":"2024-01-30T02:40:10","guid":{"rendered":"https:\/\/armstrongyregion.com.ar\/diario\/?p=41559"},"modified":"2024-01-30T02:40:12","modified_gmt":"2024-01-30T02:40:12","slug":"residencias-culturales-2024-el-jueves-comienza-la-inscripcion","status":"publish","type":"post","link":"https:\/\/armstrongyregion.com.ar\/diario\/residencias-culturales-2024-el-jueves-comienza-la-inscripcion\/","title":{"rendered":"Residencias Culturales 2024: el jueves comienza la inscripci\u00f3n."},"content":{"rendered":"\n<figure class=\"wp-block-image size-full\"><a href=\"http:\/\/armstrongyregion.com.ar\/diario\/wp-content\/uploads\/2024\/01\/pullaro-susana-.jpg\"><img loading=\"lazy\" decoding=\"async\" width=\"537\" height=\"358\" src=\"http:\/\/armstrongyregion.com.ar\/diario\/wp-content\/uploads\/2024\/01\/pullaro-susana-.jpg\" alt=\"\" class=\"wp-image-41560\" srcset=\"https:\/\/armstrongyregion.com.ar\/diario\/wp-content\/uploads\/2024\/01\/pullaro-susana-.jpg 537w, https:\/\/armstrongyregion.com.ar\/diario\/wp-content\/uploads\/2024\/01\/pullaro-susana--300x200.jpg 300w\" sizes=\"auto, (max-width: 537px) 100vw, 537px\" \/><\/a><\/figure>\n\n\n\n<h2 class=\"wp-block-heading\">El Gobierno provincial anunci\u00f3 la entrada en vigencia de las \u201cResidencias Culturales 2024\u201d, dirigidas a j\u00f3venes de entre 18 y 25 a\u00f1os y se desarrollar\u00e1n en espacios dependientes del Ministerio de Cultura de la Provincia de Santa Fe. Los interesados podr\u00e1n anotarse del 1 al 9 de febrero de 2024 en\u00a0<a rel=\"noreferrer noopener\" href=\"http:\/\/www.santafe.gob.ar\/cultura\" target=\"_blank\">www.santafe.gob.ar\/cultura<\/a>.<\/h2>\n\n\n\n<p>El gobernador Maximiliano Pullaro encabez\u00f3 este lunes la puesta en marcha de la convocatoria 2024 a las Residencias Culturales en la provincia de Santa Fe. El programa, dependiente del Ministerio de Cultura, implica una pr\u00e1ctica formaci\u00f3n de once meses de duraci\u00f3n, con una asignaci\u00f3n est\u00edmulo dirigida a j\u00f3venes de entre 18 y 25 a\u00f1os, que tiene como objetivo la capacitaci\u00f3n permanente en nuevas y diversas miradas sobre el campo cultural y el espacio p\u00fablico.<\/p>\n\n\n\n<p>En ese marco y acompa\u00f1ado por la ministra de Cultura, Susana Rueda, el gobernador sostuvo que \u201chay muchos problemas trascendentes que ocupan la agenda pol\u00edtica y la agenda p\u00fablica todos los d\u00edas, pero entendemos que sin una pol\u00edtica que apueste fuertemente a la cultura, es muy dif\u00edcil resolver los temas de fondo que tenemos en la provincia. Nuestro programa de gobierno tiene que ver con la articulaci\u00f3n de diferentes \u00e1reas para que puedan tener un impacto positivo y empezar a dejar atr\u00e1s problemas estructurales que tiene la provincia de Santa Fe\u201d.<\/p>\n\n\n\n<p>Con respecto a la convocatoria a las residencias, la ministra Rueda asegur\u00f3 que \u201cla educaci\u00f3n y la formaci\u00f3n que tienen los residentes culturales, despu\u00e9s se traduce en un aprendizaje transversal con los eventuales espectadores de este sistema cultural. Queremos construir un p\u00fablico que reclame cultura y que construya convivencia\u201d, enfatiz\u00f3 la funcionaria.<\/p>\n\n\n\n<figure class=\"wp-block-image\"><img decoding=\"async\" src=\"https:\/\/ci3.googleusercontent.com\/meips\/ADKq_NbT5elv2_LdU34TtxPK_di71LIk8iQ-m89nWLox-EZS_e4EVtevvVsTEWQ9yyqj3nHiPwiDpWe3rO8YDEytvNRkhpLJE9dEcLjKuKHZdhPwsuP9DPSar3z21U4XTe7zFjEhGX_GZ09dMJWVYlM=s0-d-e1-ft#https:\/\/www.santafe.gob.ar\/noticias\/recursos\/fotos\/2024\/01\/2024-01-29NID_279654O_3.jpeg\" alt=\"\"\/><\/figure>\n\n\n\n<p><strong>Nuevas residencias<\/strong><\/p>\n\n\n\n<p>En esta ocasi\u00f3n las residencias alcanzan a un total de 180 j\u00f3venes, que \u201cvan a estar funcionando desde marzo hasta diciembre a trav\u00e9s de una asignaci\u00f3n est\u00edmulo y con capacitaciones que se disfrutan a lo largo de la vida\u201d, apunt\u00f3 Susana Rueda.<\/p>\n\n\n\n<p>Mientras tanto, el secretario de Integraci\u00f3n Cultural, Guillermo Lasala, aclar\u00f3 que \u201clos residentes desarrollar\u00e1n su pr\u00e1ctica y su formaci\u00f3n en 19 instituciones de Rosario, de Santa Fe, de Villa Gobernador G\u00e1lvez, de Cayast\u00e1, de Rinc\u00f3n y de Gaboto.\u201d<\/p>\n\n\n\n<p>En cuanto a la inscripci\u00f3n, Lasala aclar\u00f3 que \u201ctodos aquellos que est\u00e9n interesados podr\u00e1n ingresar del 1 al 9 de febrero a&nbsp;<a href=\"http:\/\/www.santafe.gob.ar\/cultura\" target=\"_blank\" rel=\"noreferrer noopener\">www.santafe.gob.ar\/cultura<\/a>, donde encostrar\u00e1n los requisitos y el formulario para completar\u201d.<\/p>\n\n\n\n<p>Luego los j\u00f3venes podr\u00e1n acercar la documentaci\u00f3n en plataforma Lavard\u00e9n, en el caso de quienes sean de la zona sur y de Rosario, o en El Molino, La Redonda y el Alero Coronel Dorrego en la ciudad de Santa Fe. \u201cUna vez recibidos todos esas inscripciones, comienza el proceso de evaluaci\u00f3n que requiere de instancia previas de pr\u00e1ctica presencial y entrevista personal,\u201d asegur\u00f3 Lasala.<\/p>\n\n\n\n<p><strong>El programa<\/strong><\/p>\n\n\n\n<p>La residencia busca propiciar que la persona se forme y resuelva situaciones complejas y reales, en las que se requiere simult\u00e1neamente el conocimiento de diferentes lenguajes culturales, expresiones art\u00edsticas, las ciencias, las t\u00e9cnicas, las tecnolog\u00edas, as\u00ed como la sensibilidad social y la comprensi\u00f3n del entorno.<\/p>\n\n\n\n<p>Se trata de una pr\u00e1ctica a desarrollarse en el marco de un proyecto cultural, pedag\u00f3gico y social que busca promover v\u00ednculos y sucesos colectivos a trav\u00e9s de diversos procesos; una experiencia que combina las artes y los oficios, el trabajo y el juego, la ciencia con la vida cotidiana y los conceptos, en espacios pensados para grandes y chicos.<\/p>\n\n\n\n<p>La formaci\u00f3n se instala como una alternativa pedag\u00f3gica donde cada residente crea su propio recorrido mediante la experiencia, las percepciones, las emociones, sus creencias y potenciando la construcci\u00f3n de v\u00ednculos con un p\u00fablico diverso.<\/p>\n","protected":false},"excerpt":{"rendered":"<p>El Gobierno provincial anunci\u00f3 la entrada en vigencia de las \u201cResidencias Culturales 2024\u201d, dirigidas a j\u00f3venes de entre 18 y 25 a\u00f1os y se desarrollar\u00e1n en espacios dependientes del Ministerio de Cultura de la Provincia de Santa Fe. Los interesados podr\u00e1n anotarse del 1 al 9 de febrero de 2024 en\u00a0www.santafe.gob.ar\/cultura. El gobernador Maximiliano Pullaro <a href=\"https:\/\/armstrongyregion.com.ar\/diario\/residencias-culturales-2024-el-jueves-comienza-la-inscripcion\/\" title=\"Read more\" >&#8230;<\/a><\/p>\n","protected":false},"author":1,"featured_media":41560,"comment_status":"open","ping_status":"open","sticky":false,"template":"","format":"image","meta":{"_jetpack_memberships_contains_paid_content":false,"footnotes":"","jetpack_publicize_message":"","jetpack_publicize_feature_enabled":true,"jetpack_social_post_already_shared":true,"jetpack_social_options":{"image_generator_settings":{"template":"highway","default_image_id":0,"enabled":false},"version":2}},"categories":[8,1,2,7,3],"tags":[10146,1299,3472,16,2278,755,31,8777,10255],"class_list":["post-41559","post","type-post","status-publish","format-image","has-post-thumbnail","hentry","category-deliberando","category-diario-armstrong","category-locales","category-politica","category-region","tag-10146","tag-comienza","tag-culturales","tag-el","tag-inscripcion","tag-jueves","tag-la","tag-lic-graciela-de-la-casa","tag-residencias","post_format-post-format-image"],"jetpack_publicize_connections":[],"jetpack_featured_media_url":"https:\/\/armstrongyregion.com.ar\/diario\/wp-content\/uploads\/2024\/01\/pullaro-susana-.jpg","jetpack_shortlink":"https:\/\/wp.me\/p62QDO-aOj","jetpack_sharing_enabled":true,"amp_enabled":true,"_links":{"self":[{"href":"https:\/\/armstrongyregion.com.ar\/diario\/wp-json\/wp\/v2\/posts\/41559","targetHints":{"allow":["GET"]}}],"collection":[{"href":"https:\/\/armstrongyregion.com.ar\/diario\/wp-json\/wp\/v2\/posts"}],"about":[{"href":"https:\/\/armstrongyregion.com.ar\/diario\/wp-json\/wp\/v2\/types\/post"}],"author":[{"embeddable":true,"href":"https:\/\/armstrongyregion.com.ar\/diario\/wp-json\/wp\/v2\/users\/1"}],"replies":[{"embeddable":true,"href":"https:\/\/armstrongyregion.com.ar\/diario\/wp-json\/wp\/v2\/comments?post=41559"}],"version-history":[{"count":1,"href":"https:\/\/armstrongyregion.com.ar\/diario\/wp-json\/wp\/v2\/posts\/41559\/revisions"}],"predecessor-version":[{"id":41561,"href":"https:\/\/armstrongyregion.com.ar\/diario\/wp-json\/wp\/v2\/posts\/41559\/revisions\/41561"}],"wp:featuredmedia":[{"embeddable":true,"href":"https:\/\/armstrongyregion.com.ar\/diario\/wp-json\/wp\/v2\/media\/41560"}],"wp:attachment":[{"href":"https:\/\/armstrongyregion.com.ar\/diario\/wp-json\/wp\/v2\/media?parent=41559"}],"wp:term":[{"taxonomy":"category","embeddable":true,"href":"https:\/\/armstrongyregion.com.ar\/diario\/wp-json\/wp\/v2\/categories?post=41559"},{"taxonomy":"post_tag","embeddable":true,"href":"https:\/\/armstrongyregion.com.ar\/diario\/wp-json\/wp\/v2\/tags?post=41559"}],"curies":[{"name":"wp","href":"https:\/\/api.w.org\/{rel}","templated":true}]}}