{"id":41552,"date":"2024-01-30T02:31:27","date_gmt":"2024-01-30T02:31:27","guid":{"rendered":"https:\/\/armstrongyregion.com.ar\/diario\/?p=41552"},"modified":"2024-01-30T02:31:30","modified_gmt":"2024-01-30T02:31:30","slug":"armstrong-informe-area-de-orden-publico-29-01-2024","status":"publish","type":"post","link":"https:\/\/armstrongyregion.com.ar\/diario\/armstrong-informe-area-de-orden-publico-29-01-2024\/","title":{"rendered":"Armstrong. Informe \u00c1rea de Orden P\u00fablico 29\/01\/2024."},"content":{"rendered":"\n<figure class=\"wp-block-image size-full\"><a href=\"http:\/\/armstrongyregion.com.ar\/diario\/wp-content\/uploads\/2024\/01\/informe-29-1-24-.jpg\"><img loading=\"lazy\" decoding=\"async\" width=\"800\" height=\"450\" src=\"http:\/\/armstrongyregion.com.ar\/diario\/wp-content\/uploads\/2024\/01\/informe-29-1-24-.jpg\" alt=\"\" class=\"wp-image-41553\" srcset=\"https:\/\/armstrongyregion.com.ar\/diario\/wp-content\/uploads\/2024\/01\/informe-29-1-24-.jpg 800w, https:\/\/armstrongyregion.com.ar\/diario\/wp-content\/uploads\/2024\/01\/informe-29-1-24--300x169.jpg 300w, https:\/\/armstrongyregion.com.ar\/diario\/wp-content\/uploads\/2024\/01\/informe-29-1-24--768x432.jpg 768w\" sizes=\"auto, (max-width: 800px) 100vw, 800px\" \/><\/a><\/figure>\n\n\n\n<p>El \u00c1rea de Orden P\u00fablico de la Municipalidad de Armstrong inform\u00f3 que en el transcurso de la<br>\u00faltima semana se procedi\u00f3 a realizar recorridos en coordinaci\u00f3n con Polic\u00eda y central de monitoreo<br>para acciones de prevenci\u00f3n de faltas y delitos, con presencia efectiva en barrio FoNaVi Sur<br>incluyendo plaza Nona Rocha, y barrio FoNaVi Norte.<\/p>\n\n\n\n<figure class=\"wp-block-image size-full\"><a href=\"http:\/\/armstrongyregion.com.ar\/diario\/wp-content\/uploads\/2024\/01\/informe-29-1-23-b-.jpg\"><img loading=\"lazy\" decoding=\"async\" width=\"400\" height=\"187\" src=\"http:\/\/armstrongyregion.com.ar\/diario\/wp-content\/uploads\/2024\/01\/informe-29-1-23-b-.jpg\" alt=\"\" class=\"wp-image-41554\" srcset=\"https:\/\/armstrongyregion.com.ar\/diario\/wp-content\/uploads\/2024\/01\/informe-29-1-23-b-.jpg 400w, https:\/\/armstrongyregion.com.ar\/diario\/wp-content\/uploads\/2024\/01\/informe-29-1-23-b--300x140.jpg 300w\" sizes=\"auto, (max-width: 400px) 100vw, 400px\" \/><\/a><\/figure>\n\n\n\n<p><br>Operativos de control con presencia policial preventiva e inspectores de tr\u00e1nsito en el acceso a la<br>ciudad de Ruta Nacional N\u00b0 9 y calle Paraguay, Camino 14-v\u00edas del ferrocarril-camino al cementerio.<br>Control vehicular en Ruta Provincial N\u00b0 15 altura Comisar\u00eda Baiochi.<br>Tambi\u00e9n con presencia policial preventiva se procedi\u00f3 al secuestro de dos motoveh\u00edculos y un<br>autom\u00f3vil. Cada uno de ellos conducidos por un masculino mayor de edad por falta de<br>documentaci\u00f3n exigible para circular; un motoveh\u00edculo conducido por un menor de edad por falta<br>de documentaci\u00f3n y circular a contramano. En todos los casos interviene el Juzgado Municipal de<br>Faltas.<br>El s\u00e1bado 27 en horas de la tarde se realiz\u00f3 un operativo de saturaci\u00f3n en el radio urbano con<br>patrulleros de distintas unidades de orden p\u00fablico del Departamento Belgrano, y se\u00f1alizaci\u00f3n en<br>accesos.<br>Con polic\u00eda afectada al operativo saturaci\u00f3n e inspectores de tr\u00e1nsito, un motociclista evita el<br>control de calles Fischer Bis y Schaer. Luego fue interceptado, se secuestr\u00f3 el motoveh\u00edculo y se<br>aprehendi\u00f3 a un mayor de edad que fue conducido hasta dependencia policial. Se inicia<br>legajo\/imputaci\u00f3n por desobediencia.<\/p>\n","protected":false},"excerpt":{"rendered":"<p>Armstrong. Informe \u00c1rea de Orden P\u00fablico 29\/01\/2024.<\/p>\n","protected":false},"author":1,"featured_media":41553,"comment_status":"open","ping_status":"open","sticky":false,"template":"","format":"image","meta":{"_jetpack_memberships_contains_paid_content":false,"footnotes":"","jetpack_publicize_message":"","jetpack_publicize_feature_enabled":true,"jetpack_social_post_already_shared":true,"jetpack_social_options":{"image_generator_settings":{"template":"highway","default_image_id":0,"enabled":false},"version":2}},"categories":[8,1,2,7,3],"tags":[903,20,8653,8777,1570,8585],"class_list":["post-41552","post","type-post","status-publish","format-image","has-post-thumbnail","hentry","category-deliberando","category-diario-armstrong","category-locales","category-politica","category-region","tag-area","tag-armstrong","tag-informe-2","tag-lic-graciela-de-la-casa","tag-orden","tag-publico-2","post_format-post-format-image"],"jetpack_publicize_connections":[],"jetpack_featured_media_url":"https:\/\/armstrongyregion.com.ar\/diario\/wp-content\/uploads\/2024\/01\/informe-29-1-24-.jpg","jetpack_shortlink":"https:\/\/wp.me\/p62QDO-aOc","jetpack_sharing_enabled":true,"amp_enabled":true,"_links":{"self":[{"href":"https:\/\/armstrongyregion.com.ar\/diario\/wp-json\/wp\/v2\/posts\/41552","targetHints":{"allow":["GET"]}}],"collection":[{"href":"https:\/\/armstrongyregion.com.ar\/diario\/wp-json\/wp\/v2\/posts"}],"about":[{"href":"https:\/\/armstrongyregion.com.ar\/diario\/wp-json\/wp\/v2\/types\/post"}],"author":[{"embeddable":true,"href":"https:\/\/armstrongyregion.com.ar\/diario\/wp-json\/wp\/v2\/users\/1"}],"replies":[{"embeddable":true,"href":"https:\/\/armstrongyregion.com.ar\/diario\/wp-json\/wp\/v2\/comments?post=41552"}],"version-history":[{"count":1,"href":"https:\/\/armstrongyregion.com.ar\/diario\/wp-json\/wp\/v2\/posts\/41552\/revisions"}],"predecessor-version":[{"id":41555,"href":"https:\/\/armstrongyregion.com.ar\/diario\/wp-json\/wp\/v2\/posts\/41552\/revisions\/41555"}],"wp:featuredmedia":[{"embeddable":true,"href":"https:\/\/armstrongyregion.com.ar\/diario\/wp-json\/wp\/v2\/media\/41553"}],"wp:attachment":[{"href":"https:\/\/armstrongyregion.com.ar\/diario\/wp-json\/wp\/v2\/media?parent=41552"}],"wp:term":[{"taxonomy":"category","embeddable":true,"href":"https:\/\/armstrongyregion.com.ar\/diario\/wp-json\/wp\/v2\/categories?post=41552"},{"taxonomy":"post_tag","embeddable":true,"href":"https:\/\/armstrongyregion.com.ar\/diario\/wp-json\/wp\/v2\/tags?post=41552"}],"curies":[{"name":"wp","href":"https:\/\/api.w.org\/{rel}","templated":true}]}}