{"id":41548,"date":"2024-01-28T16:20:40","date_gmt":"2024-01-28T16:20:40","guid":{"rendered":"https:\/\/armstrongyregion.com.ar\/diario\/?p=41548"},"modified":"2024-01-28T16:20:43","modified_gmt":"2024-01-28T16:20:43","slug":"pullaro-cosquin-representa-la-unidad-del-pueblo-de-la-republica-argentina","status":"publish","type":"post","link":"https:\/\/armstrongyregion.com.ar\/diario\/pullaro-cosquin-representa-la-unidad-del-pueblo-de-la-republica-argentina\/","title":{"rendered":"Pullaro: \u201cCosqu\u00edn representa la unidad del pueblo de la Rep\u00fablica Argentina\u201d."},"content":{"rendered":"\n<p>La s\u00e9ptima luna del 64\u00b0 Festival Nacional del Folclore Cosqu\u00edn tuvo como protagonista a Santa Fe. Sobre el escenario Atahualpa Yupanqui, este viernes por la noche el elenco art\u00edstico oficial de la Provincia present\u00f3 su puesta de m\u00fasica, danza y canto maravillando a la multitud que colm\u00f3 la plaza Pr\u00f3spero Molina.<\/p>\n\n\n\n<figure class=\"wp-block-image size-full\"><a href=\"http:\/\/armstrongyregion.com.ar\/diario\/wp-content\/uploads\/2024\/01\/PULLARO-COSQUIN-1-1.jpg\"><img loading=\"lazy\" decoding=\"async\" width=\"400\" height=\"267\" src=\"http:\/\/armstrongyregion.com.ar\/diario\/wp-content\/uploads\/2024\/01\/PULLARO-COSQUIN-1-1.jpg\" alt=\"\" class=\"wp-image-41550\" srcset=\"https:\/\/armstrongyregion.com.ar\/diario\/wp-content\/uploads\/2024\/01\/PULLARO-COSQUIN-1-1.jpg 400w, https:\/\/armstrongyregion.com.ar\/diario\/wp-content\/uploads\/2024\/01\/PULLARO-COSQUIN-1-1-300x200.jpg 300w\" sizes=\"auto, (max-width: 400px) 100vw, 400px\" \/><\/a><\/figure>\n\n\n\n<p><br>El gobernador Maximiliano Pullaro acompa\u00f1\u00f3 a la delegaci\u00f3n santafesina en su exitosa presentaci\u00f3n en el Festival m\u00e1s importante del pa\u00eds. En conferencia de prensa, acompa\u00f1ado por la vicegobernadora Gisela Scaglia, la ministra de Cultura Susana Rueda, la diputada Clara Garc\u00eda y el intendente de Cosqu\u00edn Ra\u00fal Cardinalli, el mandatario remarc\u00f3: \u201cQuiero agradecer profunda y sinceramente al intendente Cardinali por su recibimiento y acompa\u00f1amiento. Tenemos que estar juntos, unidos en estos momentos dif\u00edciles. Si nos entendemos y respetamos podemos encontrar una verdad que saque a la Argentina y a cada una de nuestras provincias adelante. Para nosotros Cosqu\u00edn representa eso, la unidad del pueblo de la Rep\u00fablica Argentina\u201d. En este sentido, el Gobernador complet\u00f3: \u201cLa puesta en escena de nuestra delegaci\u00f3n nos honra realmente y queremos mostrarle a todo el pa\u00eds lo que es la cultura santafesina\u201d.&nbsp;<\/p>\n\n\n\n<p><strong>Abrazo cordob\u00e9s, cultura santafesina<\/strong><\/p>\n\n\n\n<figure class=\"wp-block-image\"><img decoding=\"async\" src=\"https:\/\/ci3.googleusercontent.com\/meips\/ADKq_NZ-MU3uyCeqYP7_QO3utv8TlWbpyYYV_rVXc2JbVcU9XPIR-bh4QGqhoV2LeaCdzTD8wxq8aHpj9WvEqrVO8kLn0Q1p82RzuugU4u37XHop5br0XgIG0BFJ-k6yoSxA0W1oAyKjdWmtjsxVdoY=s0-d-e1-ft#https:\/\/www.santafe.gob.ar\/noticias\/recursos\/fotos\/2024\/01\/2024-01-27NID_279641O_6.jpeg\" alt=\"\"\/><\/figure>\n\n\n\n<p>Por su parte, el intendente Cardinalli asegur\u00f3 que \u201ceste festival hermana a todos los argentinos. Hoy ha quedado demostrado en un hecho simple pero contundente: el gobernador Maximiliano Pullaro camin\u00f3 por las calles de Cosqu\u00edn recibiendo el afecto, respeto y cari\u00f1o de turistas y vecinos de mi ciudad. Esto es extremadamente valioso ya que no todos pueden hacerlo\u201d.<\/p>\n\n\n\n<p><br>Al tomar la palabra, la vicegobernadora Gisela Scaglia manifest\u00f3: \u201cEs una alegr\u00eda muy grande volver a apostar por la cultura, por el folclore, por la identidad santafesina. Queremos mostrarle al pa\u00eds que la cultura santafesina est\u00e1 m\u00e1s viva que nunca\u201d.<\/p>\n\n\n\n<p><br>Sobre la actuaci\u00f3n de la delegaci\u00f3n oficial en el Festival, la ministra Rueda explic\u00f3 que \u201ctiene una impronta vinculada a la identidad de Santa Fe, relacionada con el r\u00edo Paran\u00e1 y los humedales. Creemos que la identidad santafesina tiene que ser puesta en consideraci\u00f3n para todo el pa\u00eds. Durante muchos a\u00f1os hemos sido un faro de la cultura y ahora estamos retomando ese camino. La cultura es una construcci\u00f3n colectiva y la cultura te cambia la vida. En un momento muy dif\u00edcil de la Argentina estamos convencidos tambi\u00e9n que la cultura es inclusi\u00f3n y tiene la misi\u00f3n de mejorar y cambiar la vida de la poblaci\u00f3n\u201d.<\/p>\n\n\n\n<p><strong>Elenco oficial y puesta en escena<\/strong><\/p>\n\n\n\n<figure class=\"wp-block-image\"><img decoding=\"async\" src=\"https:\/\/ci3.googleusercontent.com\/meips\/ADKq_NbVUXycTZp4xMPPp-7x-Xh7ZcrSrHlQYpS7z3RvC5s5tfZJ0gVeSpSY2IxEL3hLhsgLyEpLqNhbcY2FtqmslxTdktbOuu1xsbUmM8ohAiPUbGZGw3DCBLfQ--8mwLaoiNdpv7eOEAdNqP-VsRk=s0-d-e1-ft#https:\/\/www.santafe.gob.ar\/noticias\/recursos\/fotos\/2024\/01\/2024-01-27NID_279641O_2.jpeg\" alt=\"\"\/><\/figure>\n\n\n\n<p>Como grupo musical base se present\u00f3 \u2018Proyecto Mate\u2019 y el \u2018Ballet Mart\u00edn Fierro\u2019 (ambos de la ciudad de Santa Fe) con la direcci\u00f3n de Ariel Sosa. Adem\u00e1s, contar\u00e1 con la participaci\u00f3n de las solistas Patricia G\u00f3mez (Reconquista), Miriam Cubelos (Rosario), Luciana Rubio (Venado Tuerto) y la participaci\u00f3n especial en acorde\u00f3n de Javier Colli (Santa Fe) y Andrea Garc\u00eda (Santa Fe), en percusi\u00f3n.<\/p>\n\n\n\n<p><img decoding=\"async\" alt=\"\" src=\"https:\/\/ci3.googleusercontent.com\/meips\/ADKq_NYQhNbLvw6H7bYrT_p__2sTriuH54DA0y7echU2X19efvXSOKZwV4YaIfgP7jifft8v-bzxtnvG2gl_4FL9nL7vYBLrcY0d54PgJBjpVyY_UTlh2__4GAKI-6SiU2YQ0JzysxPHEiOS3ZRfHk0=s0-d-e1-ft#https:\/\/www.santafe.gob.ar\/noticias\/recursos\/fotos\/2024\/01\/2024-01-27NID_279641O_4.jpeg\"><br>La presentaci\u00f3n, que pudo verse por RTS la se\u00f1al televisiva de la provincia de Santa Fe, dur\u00f3 20 minutos separados en 3 bloques que tendr\u00e1n como repertorio los temas: \u201cOraci\u00f3n del remanso\u201d, de Jorge Fandermole; \u201cCoraz\u00f3n de curup\u00ed\u00bb, de Chacho Muller; \u201cR\u00edo de camalotes\u00bb, de Mario Corradini; \u201cLos inundados\u201d, de Ariel Ram\u00edrez; \u201cLo que sos mi chamam\u00e9\u201d, de Miguel \u00c1ngel Morelli y \u201cJaaukanig\u00e1s\u201d, de Mariano Pereson.<\/p>\n\n\n\n<p><strong>Idiosincrasia santafesina<\/strong><\/p>\n\n\n\n<p>Una vez finalizada la presentaci\u00f3n art\u00edstica de la delegaci\u00f3n santafesina, sobre el escenario Atahualpa Yupanqui el gobernador Maximiliano Pullaro entreg\u00f3 como ofrenda institucional al intendente Cardinali un ejemplar del Poncho Santafesino.<\/p>\n\n\n\n<p><br>Se trata de una prenda tradicional oficializada en la Ley Provincial N\u00b0 14.158 en la que se indica que el pa\u00f1o marr\u00f3n vicu\u00f1a representa la tierra santafesina y sus habitantes, desde los pueblos originarios hasta la actualidad. Adem\u00e1s, acerca de los colores de la guarda central, se indica que el representa la identidad federal de Santa Fe y homenajea al Brigadier General Estanislao L\u00f3pez; las l\u00edneas celestes representan r\u00edos, lagunas y humedales; el verde, la tierra f\u00e9rtil; y el amarillo refiere a la historia que nace desde la inmigraci\u00f3n.<\/p>\n\n\n\n<figure class=\"wp-block-image\"><img decoding=\"async\" src=\"https:\/\/ci3.googleusercontent.com\/meips\/ADKq_NY9Jf77mNxUZDX___tr9inMZbeq2UdFAYArScPqHZ3jUjLXoVUS38WPBCWHBD10mxypPoYEG5WL_J0F1XTul9CCbiO5G4Gl7nKlA682xmzFsT1CCrNF6PpwDam3Yfb5LqXMoBPotJOIwJThnG4=s0-d-e1-ft#https:\/\/www.santafe.gob.ar\/noticias\/recursos\/fotos\/2024\/01\/2024-01-27NID_279641O_5.jpeg\" alt=\"\"\/><\/figure>\n\n\n\n<figure class=\"wp-block-image size-full\"><a href=\"http:\/\/armstrongyregion.com.ar\/diario\/wp-content\/uploads\/2024\/01\/PULLARO-COSQUIN-.jpg\"><img loading=\"lazy\" decoding=\"async\" width=\"400\" height=\"267\" src=\"http:\/\/armstrongyregion.com.ar\/diario\/wp-content\/uploads\/2024\/01\/PULLARO-COSQUIN-.jpg\" alt=\"\" class=\"wp-image-41549\" srcset=\"https:\/\/armstrongyregion.com.ar\/diario\/wp-content\/uploads\/2024\/01\/PULLARO-COSQUIN-.jpg 400w, https:\/\/armstrongyregion.com.ar\/diario\/wp-content\/uploads\/2024\/01\/PULLARO-COSQUIN--300x200.jpg 300w\" sizes=\"auto, (max-width: 400px) 100vw, 400px\" \/><\/a><\/figure>\n\n\n\n<h2 class=\"wp-block-heading\">Lo asegur\u00f3 el Gobernador este viernes en Cosqu\u00edn, en la antesala de la presentaci\u00f3n la delegaci\u00f3n oficial santafesina en el escenario principal del Festival Folcl\u00f3rico. \u201cLa puesta en escena de nuestro elenco art\u00edstico nos honra realmente y queremos mostrarle a todo el pa\u00eds lo que es la cultura santafesina\u201d, remarc\u00f3 Pullaro.<\/h2>\n\n\n\n<p>La s\u00e9ptima luna del 64\u00b0 Festival Nacional del Folclore Cosqu\u00edn tuvo como protagonista a Santa Fe. Sobre el escenario Atahualpa Yupanqui, este viernes por la noche el elenco art\u00edstico oficial de la Provincia present\u00f3 su puesta de m\u00fasica, danza y canto maravillando a la multitud que colm\u00f3 la plaza Pr\u00f3spero Molina.<\/p>\n\n\n\n<p><br>El gobernador Maximiliano Pullaro acompa\u00f1\u00f3 a la delegaci\u00f3n santafesina en su exitosa presentaci\u00f3n en el Festival m\u00e1s importante del pa\u00eds. En conferencia de prensa, acompa\u00f1ado por la vicegobernadora Gisela Scaglia, la ministra de Cultura Susana Rueda, la diputada Clara Garc\u00eda y el intendente de Cosqu\u00edn Ra\u00fal Cardinalli, el mandatario remarc\u00f3: \u201cQuiero agradecer profunda y sinceramente al intendente Cardinali por su recibimiento y acompa\u00f1amiento. Tenemos que estar juntos, unidos en estos momentos dif\u00edciles. Si nos entendemos y respetamos podemos encontrar una verdad que saque a la Argentina y a cada una de nuestras provincias adelante. Para nosotros Cosqu\u00edn representa eso, la unidad del pueblo de la Rep\u00fablica Argentina\u201d. En este sentido, el Gobernador complet\u00f3: \u201cLa puesta en escena de nuestra delegaci\u00f3n nos honra realmente y queremos mostrarle a todo el pa\u00eds lo que es la cultura santafesina\u201d.&nbsp;<\/p>\n\n\n\n<p><strong>Abrazo cordob\u00e9s, cultura santafesina<\/strong><\/p>\n\n\n\n<figure class=\"wp-block-image\"><img decoding=\"async\" src=\"https:\/\/ci3.googleusercontent.com\/meips\/ADKq_NZ-MU3uyCeqYP7_QO3utv8TlWbpyYYV_rVXc2JbVcU9XPIR-bh4QGqhoV2LeaCdzTD8wxq8aHpj9WvEqrVO8kLn0Q1p82RzuugU4u37XHop5br0XgIG0BFJ-k6yoSxA0W1oAyKjdWmtjsxVdoY=s0-d-e1-ft#https:\/\/www.santafe.gob.ar\/noticias\/recursos\/fotos\/2024\/01\/2024-01-27NID_279641O_6.jpeg\" alt=\"\"\/><\/figure>\n\n\n\n<p>Por su parte, el intendente Cardinalli asegur\u00f3 que \u201ceste festival hermana a todos los argentinos. Hoy ha quedado demostrado en un hecho simple pero contundente: el gobernador Maximiliano Pullaro camin\u00f3 por las calles de Cosqu\u00edn recibiendo el afecto, respeto y cari\u00f1o de turistas y vecinos de mi ciudad. Esto es extremadamente valioso ya que no todos pueden hacerlo\u201d.<\/p>\n\n\n\n<p><br>Al tomar la palabra, la vicegobernadora Gisela Scaglia manifest\u00f3: \u201cEs una alegr\u00eda muy grande volver a apostar por la cultura, por el folclore, por la identidad santafesina. Queremos mostrarle al pa\u00eds que la cultura santafesina est\u00e1 m\u00e1s viva que nunca\u201d.<\/p>\n\n\n\n<p><br>Sobre la actuaci\u00f3n de la delegaci\u00f3n oficial en el Festival, la ministra Rueda explic\u00f3 que \u201ctiene una impronta vinculada a la identidad de Santa Fe, relacionada con el r\u00edo Paran\u00e1 y los humedales. Creemos que la identidad santafesina tiene que ser puesta en consideraci\u00f3n para todo el pa\u00eds. Durante muchos a\u00f1os hemos sido un faro de la cultura y ahora estamos retomando ese camino. La cultura es una construcci\u00f3n colectiva y la cultura te cambia la vida. En un momento muy dif\u00edcil de la Argentina estamos convencidos tambi\u00e9n que la cultura es inclusi\u00f3n y tiene la misi\u00f3n de mejorar y cambiar la vida de la poblaci\u00f3n\u201d.<\/p>\n\n\n\n<p><strong>Elenco oficial y puesta en escena<\/strong><\/p>\n\n\n\n<figure class=\"wp-block-image\"><img decoding=\"async\" src=\"https:\/\/ci3.googleusercontent.com\/meips\/ADKq_NbVUXycTZp4xMPPp-7x-Xh7ZcrSrHlQYpS7z3RvC5s5tfZJ0gVeSpSY2IxEL3hLhsgLyEpLqNhbcY2FtqmslxTdktbOuu1xsbUmM8ohAiPUbGZGw3DCBLfQ--8mwLaoiNdpv7eOEAdNqP-VsRk=s0-d-e1-ft#https:\/\/www.santafe.gob.ar\/noticias\/recursos\/fotos\/2024\/01\/2024-01-27NID_279641O_2.jpeg\" alt=\"\"\/><\/figure>\n\n\n\n<p>Como grupo musical base se present\u00f3 \u2018Proyecto Mate\u2019 y el \u2018Ballet Mart\u00edn Fierro\u2019 (ambos de la ciudad de Santa Fe) con la direcci\u00f3n de Ariel Sosa. Adem\u00e1s, contar\u00e1 con la participaci\u00f3n de las solistas Patricia G\u00f3mez (Reconquista), Miriam Cubelos (Rosario), Luciana Rubio (Venado Tuerto) y la participaci\u00f3n especial en acorde\u00f3n de Javier Colli (Santa Fe) y Andrea Garc\u00eda (Santa Fe), en percusi\u00f3n.<\/p>\n\n\n\n<p><img decoding=\"async\" alt=\"\" src=\"https:\/\/ci3.googleusercontent.com\/meips\/ADKq_NYQhNbLvw6H7bYrT_p__2sTriuH54DA0y7echU2X19efvXSOKZwV4YaIfgP7jifft8v-bzxtnvG2gl_4FL9nL7vYBLrcY0d54PgJBjpVyY_UTlh2__4GAKI-6SiU2YQ0JzysxPHEiOS3ZRfHk0=s0-d-e1-ft#https:\/\/www.santafe.gob.ar\/noticias\/recursos\/fotos\/2024\/01\/2024-01-27NID_279641O_4.jpeg\"><br>La presentaci\u00f3n, que pudo verse por RTS la se\u00f1al televisiva de la provincia de Santa Fe, dur\u00f3 20 minutos separados en 3 bloques que tendr\u00e1n como repertorio los temas: \u201cOraci\u00f3n del remanso\u201d, de Jorge Fandermole; \u201cCoraz\u00f3n de curup\u00ed\u00bb, de Chacho Muller; \u201cR\u00edo de camalotes\u00bb, de Mario Corradini; \u201cLos inundados\u201d, de Ariel Ram\u00edrez; \u201cLo que sos mi chamam\u00e9\u201d, de Miguel \u00c1ngel Morelli y \u201cJaaukanig\u00e1s\u201d, de Mariano Pereson.<\/p>\n\n\n\n<p><strong>Idiosincrasia santafesina<\/strong><\/p>\n\n\n\n<p>Una vez finalizada la presentaci\u00f3n art\u00edstica de la delegaci\u00f3n santafesina, sobre el escenario Atahualpa Yupanqui el gobernador Maximiliano Pullaro entreg\u00f3 como ofrenda institucional al intendente Cardinali un ejemplar del Poncho Santafesino.<\/p>\n\n\n\n<p><br>Se trata de una prenda tradicional oficializada en la Ley Provincial N\u00b0 14.158 en la que se indica que el pa\u00f1o marr\u00f3n vicu\u00f1a representa la tierra santafesina y sus habitantes, desde los pueblos originarios hasta la actualidad. Adem\u00e1s, acerca de los colores de la guarda central, se indica que el representa la identidad federal de Santa Fe y homenajea al Brigadier General Estanislao L\u00f3pez; las l\u00edneas celestes representan r\u00edos, lagunas y humedales; el verde, la tierra f\u00e9rtil; y el amarillo refiere a la historia que nace desde la inmigraci\u00f3n.<\/p>\n\n\n\n<figure class=\"wp-block-image\"><img decoding=\"async\" src=\"https:\/\/ci3.googleusercontent.com\/meips\/ADKq_NY9Jf77mNxUZDX___tr9inMZbeq2UdFAYArScPqHZ3jUjLXoVUS38WPBCWHBD10mxypPoYEG5WL_J0F1XTul9CCbiO5G4Gl7nKlA682xmzFsT1CCrNF6PpwDam3Yfb5LqXMoBPotJOIwJThnG4=s0-d-e1-ft#https:\/\/www.santafe.gob.ar\/noticias\/recursos\/fotos\/2024\/01\/2024-01-27NID_279641O_5.jpeg\" alt=\"\"\/><\/figure>\n","protected":false},"excerpt":{"rendered":"<p>Pullaro: \u201cCosqu\u00edn representa la unidad del pueblo de la Rep\u00fablica Argentina\u201d.<\/p>\n","protected":false},"author":1,"featured_media":41549,"comment_status":"open","ping_status":"open","sticky":false,"template":"","format":"image","meta":{"_jetpack_memberships_contains_paid_content":false,"footnotes":"","jetpack_publicize_message":"","jetpack_publicize_feature_enabled":true,"jetpack_social_post_already_shared":true,"jetpack_social_options":{"image_generator_settings":{"template":"highway","default_image_id":0,"enabled":false},"version":2}},"categories":[1],"tags":[10249,19,53,31,2810,2846,8739,10250,8822],"class_list":["post-41548","post","type-post","status-publish","format-image","has-post-thumbnail","hentry","category-diario-armstrong","tag-cosquin-2","tag-de","tag-del","tag-la","tag-pueblo","tag-pullaro","tag-representa","tag-republica-argentina","tag-unidad-2","post_format-post-format-image"],"jetpack_publicize_connections":[],"jetpack_featured_media_url":"https:\/\/armstrongyregion.com.ar\/diario\/wp-content\/uploads\/2024\/01\/PULLARO-COSQUIN-.jpg","jetpack_shortlink":"https:\/\/wp.me\/p62QDO-aO8","jetpack_sharing_enabled":true,"amp_enabled":true,"_links":{"self":[{"href":"https:\/\/armstrongyregion.com.ar\/diario\/wp-json\/wp\/v2\/posts\/41548","targetHints":{"allow":["GET"]}}],"collection":[{"href":"https:\/\/armstrongyregion.com.ar\/diario\/wp-json\/wp\/v2\/posts"}],"about":[{"href":"https:\/\/armstrongyregion.com.ar\/diario\/wp-json\/wp\/v2\/types\/post"}],"author":[{"embeddable":true,"href":"https:\/\/armstrongyregion.com.ar\/diario\/wp-json\/wp\/v2\/users\/1"}],"replies":[{"embeddable":true,"href":"https:\/\/armstrongyregion.com.ar\/diario\/wp-json\/wp\/v2\/comments?post=41548"}],"version-history":[{"count":1,"href":"https:\/\/armstrongyregion.com.ar\/diario\/wp-json\/wp\/v2\/posts\/41548\/revisions"}],"predecessor-version":[{"id":41551,"href":"https:\/\/armstrongyregion.com.ar\/diario\/wp-json\/wp\/v2\/posts\/41548\/revisions\/41551"}],"wp:featuredmedia":[{"embeddable":true,"href":"https:\/\/armstrongyregion.com.ar\/diario\/wp-json\/wp\/v2\/media\/41549"}],"wp:attachment":[{"href":"https:\/\/armstrongyregion.com.ar\/diario\/wp-json\/wp\/v2\/media?parent=41548"}],"wp:term":[{"taxonomy":"category","embeddable":true,"href":"https:\/\/armstrongyregion.com.ar\/diario\/wp-json\/wp\/v2\/categories?post=41548"},{"taxonomy":"post_tag","embeddable":true,"href":"https:\/\/armstrongyregion.com.ar\/diario\/wp-json\/wp\/v2\/tags?post=41548"}],"curies":[{"name":"wp","href":"https:\/\/api.w.org\/{rel}","templated":true}]}}