{"id":41545,"date":"2024-01-28T16:14:46","date_gmt":"2024-01-28T16:14:46","guid":{"rendered":"https:\/\/armstrongyregion.com.ar\/diario\/?p=41545"},"modified":"2024-01-28T16:14:49","modified_gmt":"2024-01-28T16:14:49","slug":"el-intendente-meyer-recibio-la-visita-del-gobernador-pullaro","status":"publish","type":"post","link":"https:\/\/armstrongyregion.com.ar\/diario\/el-intendente-meyer-recibio-la-visita-del-gobernador-pullaro\/","title":{"rendered":"El Intendente Meyer recibi\u00f3 la visita del Gobernador Pullaro."},"content":{"rendered":"\n<figure class=\"wp-block-image size-full\"><a href=\"http:\/\/armstrongyregion.com.ar\/diario\/wp-content\/uploads\/2024\/01\/PULLARO-MEYER-.jpg\"><img loading=\"lazy\" decoding=\"async\" width=\"645\" height=\"451\" src=\"http:\/\/armstrongyregion.com.ar\/diario\/wp-content\/uploads\/2024\/01\/PULLARO-MEYER-.jpg\" alt=\"\" class=\"wp-image-41546\" srcset=\"https:\/\/armstrongyregion.com.ar\/diario\/wp-content\/uploads\/2024\/01\/PULLARO-MEYER-.jpg 645w, https:\/\/armstrongyregion.com.ar\/diario\/wp-content\/uploads\/2024\/01\/PULLARO-MEYER--300x210.jpg 300w\" sizes=\"auto, (max-width: 645px) 100vw, 645px\" \/><\/a><\/figure>\n\n\n\n<h2 class=\"wp-block-heading\">Recorrieron la f\u00e1brica Vulcano, y adem\u00e1s junto a miembros del ente administrador del hospital hicieron llegar inquietudes al gobernador provincial.<\/h2>\n\n\n\n<p>En el d\u00eda de ayer, el Intendente Javier Meyer recibi\u00f3 la visita del Gobernador de la provincia de Santa Fe, Maximiliano Pullaro, acompa\u00f1ado por la Secretaria de Energ\u00eda, Ver\u00f3nica Geese, y el Senador del Departamento, Pablo Verdecchia.&nbsp;<\/p>\n\n\n\n<p>Recorrieron las instalaciones de Vulcano, donde se destac\u00f3 el proyecto de ampliaci\u00f3n de energ\u00eda para el desarrollo de la empresa y del \u00e1rea industrial de Las Rosas.&nbsp;<\/p>\n\n\n\n<p>Durante la visita, Gerardo Negri y Pablo Tedeschi, integrantes de la Comisi\u00f3n del SAMCo junto al Intendente, expusieron al Gobernador diversas necesidades del SAMCO local; por lo que el Gobernador se comprometi\u00f3 a gestionar reuniones con el Ministerio para impulsar mejoras que beneficien a la instituci\u00f3n.<\/p>\n\n\n\n<p>Las Rosas Digital.<\/p>\n","protected":false},"excerpt":{"rendered":"<p>El Intendente Meyer recibi\u00f3 la visita del Gobernador Pullaro.<\/p>\n","protected":false},"author":1,"featured_media":41546,"comment_status":"open","ping_status":"open","sticky":false,"template":"","format":"image","meta":{"_jetpack_memberships_contains_paid_content":false,"footnotes":"","jetpack_publicize_message":"","jetpack_publicize_feature_enabled":true,"jetpack_social_post_already_shared":true,"jetpack_social_options":{"image_generator_settings":{"template":"highway","default_image_id":0,"enabled":false},"version":2}},"categories":[8,1,2,7,3],"tags":[10248,31,8777,1934,2846,496,28],"class_list":["post-41545","post","type-post","status-publish","format-image","has-post-thumbnail","hentry","category-deliberando","category-diario-armstrong","category-locales","category-politica","category-region","tag-del-gobernador","tag-la","tag-lic-graciela-de-la-casa","tag-meyer","tag-pullaro","tag-recibio","tag-visita","post_format-post-format-image"],"jetpack_publicize_connections":[],"jetpack_featured_media_url":"https:\/\/armstrongyregion.com.ar\/diario\/wp-content\/uploads\/2024\/01\/PULLARO-MEYER-.jpg","jetpack_shortlink":"https:\/\/wp.me\/p62QDO-aO5","jetpack_sharing_enabled":true,"amp_enabled":true,"_links":{"self":[{"href":"https:\/\/armstrongyregion.com.ar\/diario\/wp-json\/wp\/v2\/posts\/41545","targetHints":{"allow":["GET"]}}],"collection":[{"href":"https:\/\/armstrongyregion.com.ar\/diario\/wp-json\/wp\/v2\/posts"}],"about":[{"href":"https:\/\/armstrongyregion.com.ar\/diario\/wp-json\/wp\/v2\/types\/post"}],"author":[{"embeddable":true,"href":"https:\/\/armstrongyregion.com.ar\/diario\/wp-json\/wp\/v2\/users\/1"}],"replies":[{"embeddable":true,"href":"https:\/\/armstrongyregion.com.ar\/diario\/wp-json\/wp\/v2\/comments?post=41545"}],"version-history":[{"count":1,"href":"https:\/\/armstrongyregion.com.ar\/diario\/wp-json\/wp\/v2\/posts\/41545\/revisions"}],"predecessor-version":[{"id":41547,"href":"https:\/\/armstrongyregion.com.ar\/diario\/wp-json\/wp\/v2\/posts\/41545\/revisions\/41547"}],"wp:featuredmedia":[{"embeddable":true,"href":"https:\/\/armstrongyregion.com.ar\/diario\/wp-json\/wp\/v2\/media\/41546"}],"wp:attachment":[{"href":"https:\/\/armstrongyregion.com.ar\/diario\/wp-json\/wp\/v2\/media?parent=41545"}],"wp:term":[{"taxonomy":"category","embeddable":true,"href":"https:\/\/armstrongyregion.com.ar\/diario\/wp-json\/wp\/v2\/categories?post=41545"},{"taxonomy":"post_tag","embeddable":true,"href":"https:\/\/armstrongyregion.com.ar\/diario\/wp-json\/wp\/v2\/tags?post=41545"}],"curies":[{"name":"wp","href":"https:\/\/api.w.org\/{rel}","templated":true}]}}