{"id":41536,"date":"2024-01-26T21:30:31","date_gmt":"2024-01-26T21:30:31","guid":{"rendered":"https:\/\/armstrongyregion.com.ar\/diario\/?p=41536"},"modified":"2024-01-26T21:30:34","modified_gmt":"2024-01-26T21:30:34","slug":"verdecchia-participo-de-la-presentacion-del-boleto-educativo-gratuito","status":"publish","type":"post","link":"https:\/\/armstrongyregion.com.ar\/diario\/verdecchia-participo-de-la-presentacion-del-boleto-educativo-gratuito\/","title":{"rendered":"<strong>Verdecchia particip\u00f3 de la presentaci\u00f3n del Boleto Educativo Gratuito.<\/strong>"},"content":{"rendered":"\n<figure class=\"wp-block-image size-full\"><a href=\"http:\/\/armstrongyregion.com.ar\/diario\/wp-content\/uploads\/2024\/01\/Senador-Verdecchia-123-.jpg\"><img loading=\"lazy\" decoding=\"async\" width=\"357\" height=\"268\" src=\"http:\/\/armstrongyregion.com.ar\/diario\/wp-content\/uploads\/2024\/01\/Senador-Verdecchia-123-.jpg\" alt=\"\" class=\"wp-image-41537\" srcset=\"https:\/\/armstrongyregion.com.ar\/diario\/wp-content\/uploads\/2024\/01\/Senador-Verdecchia-123-.jpg 357w, https:\/\/armstrongyregion.com.ar\/diario\/wp-content\/uploads\/2024\/01\/Senador-Verdecchia-123--300x225.jpg 300w\" sizes=\"auto, (max-width: 357px) 100vw, 357px\" \/><\/a><\/figure>\n\n\n\n<p><strong>El senador del Departamento Belgrano Dr. Pablo Verdecchia, particip\u00f3 de la presentaci\u00f3n del Boleto Educativo Gratuito en Ca\u00f1ada de G\u00f3mez. La misma estuvo encabezada por el gobernador Maximiliano Pullaro, quien anunci\u00f3 mejoras en el sistema. <\/strong><\/p>\n\n\n\n<p>Verdecchia en di\u00e1logo con los medios locales expresaba: \u201cCelebramos que siga vigente esta pol\u00edtica p\u00fablica que tiene muchos a\u00f1os, con el Gobernador Pullaro record\u00e1bamos que hace mas de 2 d\u00e9cadas en nuestra ciudad luch\u00e1bamos por el medio boleto estudiantil. Hab\u00edamos realizado un evento denominado \u201cRock por Vos\u201d con varias bandas locales, ya desde aquel momento nos hab\u00edamos puesto la camiseta, a veces nos olvidamos de las dificultades que tienen los estudiantes para poder acceder a la universidad p\u00fablica y gratuita, nuevamente esta semana se tom\u00f3 la decisi\u00f3n pol\u00edtica de sumar este beneficio\u201d.<\/p>\n\n\n\n<p>El Senador reiter\u00f3: \u201cInvitamos a todos los estudiantes del Departamento Belgrano a inscribirse al BE 2024 es 100 % digital, ingresando a la app \u201cBoleto Educativo\u201d a trav\u00e9s del celular, o ingresando en\u00a0<a href=\"https:\/\/www.santafe.gov.ar\/boletoeducativo\/\">www.santafe.gov.ar\/boletoeducativo<\/a>.\u00bb<\/p>\n\n\n\n<p> \u00abSinceramente estamos muy contentos por la continuidad de este servicio que favorece lo que venimos pregonado desde siempre, ya que sin educaci\u00f3n no hay futuro\u201d. Expres\u00f3 Verdecchia.<\/p>\n\n\n\n<p><strong>El alta para la edici\u00f3n 2024 del Boleto Educativo (BE 2024) ya se encuentra vigente y el servicio podr\u00e1 utilizarse desde el 1\u00ba de febrero. Los beneficiarios son los alumnos y alumnas regulares de los niveles inicial, primario, secundario, terciario, y universitario. Tambi\u00e9n docentes y asistentes escolares de los establecimientos educativos de la provincia.<\/strong><\/p>\n","protected":false},"excerpt":{"rendered":"<p>Verdecchia particip\u00f3 de la presentaci\u00f3n del Boleto Educativo Gratuito.<\/p>\n","protected":false},"author":1,"featured_media":41537,"comment_status":"open","ping_status":"open","sticky":false,"template":"","format":"image","meta":{"_jetpack_memberships_contains_paid_content":false,"footnotes":"","jetpack_publicize_message":"","jetpack_publicize_feature_enabled":true,"jetpack_social_post_already_shared":true,"jetpack_social_options":{"image_generator_settings":{"template":"highway","default_image_id":0,"enabled":false},"version":2}},"categories":[8,1,2,7,3],"tags":[2377,19,53,8608,1126,31,992,581,205],"class_list":["post-41536","post","type-post","status-publish","format-image","has-post-thumbnail","hentry","category-deliberando","category-diario-armstrong","category-locales","category-politica","category-region","tag-boleto","tag-de","tag-del","tag-educativo-2","tag-gratuito","tag-la","tag-participo","tag-presentacion","tag-verdecchia","post_format-post-format-image"],"jetpack_publicize_connections":[],"jetpack_featured_media_url":"https:\/\/armstrongyregion.com.ar\/diario\/wp-content\/uploads\/2024\/01\/Senador-Verdecchia-123-.jpg","jetpack_shortlink":"https:\/\/wp.me\/p62QDO-aNW","jetpack_sharing_enabled":true,"amp_enabled":true,"_links":{"self":[{"href":"https:\/\/armstrongyregion.com.ar\/diario\/wp-json\/wp\/v2\/posts\/41536","targetHints":{"allow":["GET"]}}],"collection":[{"href":"https:\/\/armstrongyregion.com.ar\/diario\/wp-json\/wp\/v2\/posts"}],"about":[{"href":"https:\/\/armstrongyregion.com.ar\/diario\/wp-json\/wp\/v2\/types\/post"}],"author":[{"embeddable":true,"href":"https:\/\/armstrongyregion.com.ar\/diario\/wp-json\/wp\/v2\/users\/1"}],"replies":[{"embeddable":true,"href":"https:\/\/armstrongyregion.com.ar\/diario\/wp-json\/wp\/v2\/comments?post=41536"}],"version-history":[{"count":1,"href":"https:\/\/armstrongyregion.com.ar\/diario\/wp-json\/wp\/v2\/posts\/41536\/revisions"}],"predecessor-version":[{"id":41538,"href":"https:\/\/armstrongyregion.com.ar\/diario\/wp-json\/wp\/v2\/posts\/41536\/revisions\/41538"}],"wp:featuredmedia":[{"embeddable":true,"href":"https:\/\/armstrongyregion.com.ar\/diario\/wp-json\/wp\/v2\/media\/41537"}],"wp:attachment":[{"href":"https:\/\/armstrongyregion.com.ar\/diario\/wp-json\/wp\/v2\/media?parent=41536"}],"wp:term":[{"taxonomy":"category","embeddable":true,"href":"https:\/\/armstrongyregion.com.ar\/diario\/wp-json\/wp\/v2\/categories?post=41536"},{"taxonomy":"post_tag","embeddable":true,"href":"https:\/\/armstrongyregion.com.ar\/diario\/wp-json\/wp\/v2\/tags?post=41536"}],"curies":[{"name":"wp","href":"https:\/\/api.w.org\/{rel}","templated":true}]}}