{"id":41508,"date":"2024-01-25T13:32:36","date_gmt":"2024-01-25T13:32:36","guid":{"rendered":"https:\/\/armstrongyregion.com.ar\/diario\/?p=41508"},"modified":"2024-01-25T14:29:09","modified_gmt":"2024-01-25T14:29:09","slug":"rosario-dos-presos-por-amenazas-al-gobernado","status":"publish","type":"post","link":"https:\/\/armstrongyregion.com.ar\/diario\/rosario-dos-presos-por-amenazas-al-gobernado\/","title":{"rendered":"Rosario: dos presos por amenazas al Gobernador."},"content":{"rendered":"\n<figure class=\"wp-block-image size-full\"><a href=\"http:\/\/armstrongyregion.com.ar\/diario\/wp-content\/uploads\/2024\/01\/PDI-2024.jpg\"><img loading=\"lazy\" decoding=\"async\" width=\"570\" height=\"320\" src=\"http:\/\/armstrongyregion.com.ar\/diario\/wp-content\/uploads\/2024\/01\/PDI-2024.jpg\" alt=\"\" class=\"wp-image-41509\" srcset=\"https:\/\/armstrongyregion.com.ar\/diario\/wp-content\/uploads\/2024\/01\/PDI-2024.jpg 570w, https:\/\/armstrongyregion.com.ar\/diario\/wp-content\/uploads\/2024\/01\/PDI-2024-300x168.jpg 300w\" sizes=\"auto, (max-width: 570px) 100vw, 570px\" \/><\/a><\/figure>\n\n\n\n<figure class=\"wp-block-table\"><table><tbody><tr><td>Se trata de dos personas de 24 y 20 a\u00f1os que eran investigadas por extorsi\u00f3n. La PDI comprob\u00f3 que la coincidencia de la escritura con notas dejadas contra el gobernador Maximiliano Pullaro.<br>La Brigada de Balaceras y Extorsiones de la Polic\u00eda de Investigaciones, dependiente del Ministerio de Justicia y Seguridad, realiz\u00f3 este mi\u00e9rcoles los allanamientos en los que detuvo a dos personas en el marco de una causa por amenazas extorsivas si la v\u00edctima no entregaba una importante suma de dinero. Los procedimientos se efectuaron en las calles Savio al 2700 y Pasaje 808 al 4600, ambos en la zona sudoeste de la ciudad de Rosario.<br>Durante los procedimientos, los agentes aprehendieron a los posibles autores del hecho: Alejo R, de 24 a\u00f1os, y a Vladimir C, de 20, a quienes les secuestraron una pistola de aire comprimido, chips de l\u00edneas telef\u00f3nicas, cuatro tel\u00e9fonos celulares, un cartucho calibre 22 y un trozo de cart\u00f3n que contiene la inscripci\u00f3n manuscrita del mismo n\u00famero utilizado para la amenaza extorsiva.<br>Fue en el marco de una investigaci\u00f3n de la PDI por un caso de extorsi\u00f3n, que condujo a los allanamientos y detenciones en los que, seg\u00fan las pericias de escopometr\u00eda realizadas, se comprob\u00f3 que la nota amenazante dejada en un caso coincide con la misma escritura de las notas contra el gobernador Maximiliano Pullaro.<br>Las pesquisas ven\u00edan recabando informaci\u00f3n al respecto sobre una serie de delitos y una l\u00ednea investigativa. El caso se termin\u00f3 de encaminar cuando los an\u00e1lisis sobre varias de las notas se\u00f1alaron que se correspond\u00edan entre s\u00ed.<br><img decoding=\"async\" src=\"https:\/\/ci3.googleusercontent.com\/meips\/ADKq_NZpEt_OUQ5QVIWPx8V0pWvENiINdLOOu5nafVSHLxfyxy2yOTKV1PKJtM2dy9nEWj_kWpPcYki-P4D1e3A24XoGqdPLGNmYhWqpqv8Q67QhQa8NjYFZoybqQe2lbx4-tjDSo3zGGvtbMG0Kq3U=s0-d-e1-ft#https:\/\/www.santafe.gob.ar\/noticias\/recursos\/fotos\/2024\/01\/2024-01-24NID_279630O_2.jpeg\" alt=\"\"><br>&nbsp;<br>&nbsp;<br>&nbsp;<br>&nbsp;<br><br>&nbsp;<\/td><td>&nbsp;<\/td><\/tr><\/tbody><\/table><\/figure>\n","protected":false},"excerpt":{"rendered":"<p>Se trata de dos personas de 24 y 20 a\u00f1os que eran investigadas por extorsi\u00f3n. La PDI comprob\u00f3 que la coincidencia de la escritura con notas dejadas contra el gobernador Maximiliano Pullaro.La Brigada de Balaceras y Extorsiones de la Polic\u00eda de Investigaciones, dependiente del Ministerio de Justicia y Seguridad, realiz\u00f3 este mi\u00e9rcoles los allanamientos en <a href=\"https:\/\/armstrongyregion.com.ar\/diario\/rosario-dos-presos-por-amenazas-al-gobernado\/\" title=\"Read more\" >&#8230;<\/a><\/p>\n","protected":false},"author":1,"featured_media":41509,"comment_status":"open","ping_status":"open","sticky":false,"template":"","format":"image","meta":{"_jetpack_memberships_contains_paid_content":false,"footnotes":"","jetpack_publicize_message":"","jetpack_publicize_feature_enabled":true,"jetpack_social_post_already_shared":true,"jetpack_social_options":{"image_generator_settings":{"template":"highway","default_image_id":0,"enabled":false},"version":2}},"categories":[8,1,2,7,3],"tags":[179,831,38,8777,60,10158,8588],"class_list":["post-41508","post","type-post","status-publish","format-image","has-post-thumbnail","hentry","category-deliberando","category-diario-armstrong","category-locales","category-politica","category-region","tag-al","tag-dos","tag-gobierno","tag-lic-graciela-de-la-casa","tag-por","tag-presos","tag-rosario-2","post_format-post-format-image"],"jetpack_publicize_connections":[],"jetpack_featured_media_url":"https:\/\/armstrongyregion.com.ar\/diario\/wp-content\/uploads\/2024\/01\/PDI-2024.jpg","jetpack_shortlink":"https:\/\/wp.me\/p62QDO-aNu","jetpack_sharing_enabled":true,"amp_enabled":true,"_links":{"self":[{"href":"https:\/\/armstrongyregion.com.ar\/diario\/wp-json\/wp\/v2\/posts\/41508","targetHints":{"allow":["GET"]}}],"collection":[{"href":"https:\/\/armstrongyregion.com.ar\/diario\/wp-json\/wp\/v2\/posts"}],"about":[{"href":"https:\/\/armstrongyregion.com.ar\/diario\/wp-json\/wp\/v2\/types\/post"}],"author":[{"embeddable":true,"href":"https:\/\/armstrongyregion.com.ar\/diario\/wp-json\/wp\/v2\/users\/1"}],"replies":[{"embeddable":true,"href":"https:\/\/armstrongyregion.com.ar\/diario\/wp-json\/wp\/v2\/comments?post=41508"}],"version-history":[{"count":2,"href":"https:\/\/armstrongyregion.com.ar\/diario\/wp-json\/wp\/v2\/posts\/41508\/revisions"}],"predecessor-version":[{"id":41514,"href":"https:\/\/armstrongyregion.com.ar\/diario\/wp-json\/wp\/v2\/posts\/41508\/revisions\/41514"}],"wp:featuredmedia":[{"embeddable":true,"href":"https:\/\/armstrongyregion.com.ar\/diario\/wp-json\/wp\/v2\/media\/41509"}],"wp:attachment":[{"href":"https:\/\/armstrongyregion.com.ar\/diario\/wp-json\/wp\/v2\/media?parent=41508"}],"wp:term":[{"taxonomy":"category","embeddable":true,"href":"https:\/\/armstrongyregion.com.ar\/diario\/wp-json\/wp\/v2\/categories?post=41508"},{"taxonomy":"post_tag","embeddable":true,"href":"https:\/\/armstrongyregion.com.ar\/diario\/wp-json\/wp\/v2\/tags?post=41508"}],"curies":[{"name":"wp","href":"https:\/\/api.w.org\/{rel}","templated":true}]}}