{"id":41499,"date":"2024-01-24T16:20:05","date_gmt":"2024-01-24T16:20:05","guid":{"rendered":"https:\/\/armstrongyregion.com.ar\/diario\/?p=41499"},"modified":"2024-01-24T16:20:07","modified_gmt":"2024-01-24T16:20:07","slug":"armstrong-nueva-iluminacion-led-en-calle-pio-chiodi","status":"publish","type":"post","link":"https:\/\/armstrongyregion.com.ar\/diario\/armstrong-nueva-iluminacion-led-en-calle-pio-chiodi\/","title":{"rendered":"Armstrong. Nueva iluminaci\u00f3n led en calle Pio Chiodi."},"content":{"rendered":"\n<figure class=\"wp-block-image size-full\"><a href=\"http:\/\/armstrongyregion.com.ar\/diario\/wp-content\/uploads\/2024\/01\/LUZZI-VERDECCHIA-.jpg\"><img loading=\"lazy\" decoding=\"async\" width=\"675\" height=\"450\" src=\"http:\/\/armstrongyregion.com.ar\/diario\/wp-content\/uploads\/2024\/01\/LUZZI-VERDECCHIA-.jpg\" alt=\"\" class=\"wp-image-41500\" srcset=\"https:\/\/armstrongyregion.com.ar\/diario\/wp-content\/uploads\/2024\/01\/LUZZI-VERDECCHIA-.jpg 675w, https:\/\/armstrongyregion.com.ar\/diario\/wp-content\/uploads\/2024\/01\/LUZZI-VERDECCHIA--300x200.jpg 300w\" sizes=\"auto, (max-width: 675px) 100vw, 675px\" \/><\/a><\/figure>\n\n\n\n<p>Los d\u00edas lunes 22 y martes 23 de enero, se encendieron los dos \u00faltimos tramos de luces led en una<br>de las arterias c\u00e9ntricas m\u00e1s transitadas. Se trata de calle P\u00edo Chiodi, desde Bv. 14 de Diciembre<br>hasta Yrigoyen, y luego hasta Ruta N\u00b0 9, completando as\u00ed toda su extensi\u00f3n.<\/p>\n\n\n\n<figure class=\"wp-block-image size-full\"><a href=\"http:\/\/armstrongyregion.com.ar\/diario\/wp-content\/uploads\/2024\/01\/LUZZI-LUCES-1-.jpg\"><img loading=\"lazy\" decoding=\"async\" width=\"338\" height=\"225\" src=\"http:\/\/armstrongyregion.com.ar\/diario\/wp-content\/uploads\/2024\/01\/LUZZI-LUCES-1-.jpg\" alt=\"\" class=\"wp-image-41501\" srcset=\"https:\/\/armstrongyregion.com.ar\/diario\/wp-content\/uploads\/2024\/01\/LUZZI-LUCES-1-.jpg 338w, https:\/\/armstrongyregion.com.ar\/diario\/wp-content\/uploads\/2024\/01\/LUZZI-LUCES-1--300x200.jpg 300w\" sizes=\"auto, (max-width: 338px) 100vw, 338px\" \/><\/a><\/figure>\n\n\n\n<p><br>Finalizando el 2023, la nueva iluminaci\u00f3n se encendi\u00f3 tambi\u00e9n en calle San Mart\u00edn, desde Belgrano<br>hasta Paraguay.<\/p>\n\n\n\n<figure class=\"wp-block-image size-full\"><a href=\"http:\/\/armstrongyregion.com.ar\/diario\/wp-content\/uploads\/2024\/01\/LUZZI-LUCES2-.jpg\"><img loading=\"lazy\" decoding=\"async\" width=\"675\" height=\"450\" src=\"http:\/\/armstrongyregion.com.ar\/diario\/wp-content\/uploads\/2024\/01\/LUZZI-LUCES2-.jpg\" alt=\"\" class=\"wp-image-41502\" srcset=\"https:\/\/armstrongyregion.com.ar\/diario\/wp-content\/uploads\/2024\/01\/LUZZI-LUCES2-.jpg 675w, https:\/\/armstrongyregion.com.ar\/diario\/wp-content\/uploads\/2024\/01\/LUZZI-LUCES2--300x200.jpg 300w\" sizes=\"auto, (max-width: 675px) 100vw, 675px\" \/><\/a><\/figure>\n\n\n\n<p><br>La Municipalidad de Armstrong avanza en su proyecto de iluminaci\u00f3n led en distintas calles de la<br>ciudad junto a la Cooperativa de Provisi\u00f3n de Obras y Servicios P\u00fablicos. Esta luminaria no s\u00f3lo<br>permite aumentar la cantidad de luz con un ahorro de energ\u00eda el\u00e9ctrica significativo sino tambi\u00e9n<br>mejora la calidad de vida, la seguridad y el tr\u00e1nsito.<\/p>\n\n\n\n<figure class=\"wp-block-image size-full\"><a href=\"http:\/\/armstrongyregion.com.ar\/diario\/wp-content\/uploads\/2024\/01\/LUZZI-LUCES-2-.jpg\"><img loading=\"lazy\" decoding=\"async\" width=\"675\" height=\"450\" src=\"http:\/\/armstrongyregion.com.ar\/diario\/wp-content\/uploads\/2024\/01\/LUZZI-LUCES-2-.jpg\" alt=\"\" class=\"wp-image-41503\" srcset=\"https:\/\/armstrongyregion.com.ar\/diario\/wp-content\/uploads\/2024\/01\/LUZZI-LUCES-2-.jpg 675w, https:\/\/armstrongyregion.com.ar\/diario\/wp-content\/uploads\/2024\/01\/LUZZI-LUCES-2--300x200.jpg 300w\" sizes=\"auto, (max-width: 675px) 100vw, 675px\" \/><\/a><\/figure>\n\n\n\n<p><br>El Intendente Guillermo Luzzi manifest\u00f3 que el objetivo es continuar con estos trabajos iniciados<br>durante la gesti\u00f3n del Dr. Verdecchia en todos los sectores, para poder cumplir con el proyecto<br>trazado hacia el 2025.<\/p>\n","protected":false},"excerpt":{"rendered":"<p>Armstrong. Nueva iluminaci\u00f3n led en calle Pio Chiodi.<\/p>\n","protected":false},"author":1,"featured_media":41500,"comment_status":"open","ping_status":"open","sticky":false,"template":"","format":"image","meta":{"_jetpack_memberships_contains_paid_content":false,"footnotes":"","jetpack_publicize_message":"","jetpack_publicize_feature_enabled":true,"jetpack_social_post_already_shared":true,"jetpack_social_options":{"image_generator_settings":{"template":"highway","default_image_id":0,"enabled":false},"version":2}},"categories":[8,1,2,7,3],"tags":[20,714,8819,8777,275],"class_list":["post-41499","post","type-post","status-publish","format-image","has-post-thumbnail","hentry","category-deliberando","category-diario-armstrong","category-locales","category-politica","category-region","tag-armstrong","tag-iluminacion","tag-led","tag-lic-graciela-de-la-casa","tag-nueva","post_format-post-format-image"],"jetpack_publicize_connections":[],"jetpack_featured_media_url":"https:\/\/armstrongyregion.com.ar\/diario\/wp-content\/uploads\/2024\/01\/LUZZI-VERDECCHIA-.jpg","jetpack_shortlink":"https:\/\/wp.me\/p62QDO-aNl","jetpack_sharing_enabled":true,"amp_enabled":true,"_links":{"self":[{"href":"https:\/\/armstrongyregion.com.ar\/diario\/wp-json\/wp\/v2\/posts\/41499","targetHints":{"allow":["GET"]}}],"collection":[{"href":"https:\/\/armstrongyregion.com.ar\/diario\/wp-json\/wp\/v2\/posts"}],"about":[{"href":"https:\/\/armstrongyregion.com.ar\/diario\/wp-json\/wp\/v2\/types\/post"}],"author":[{"embeddable":true,"href":"https:\/\/armstrongyregion.com.ar\/diario\/wp-json\/wp\/v2\/users\/1"}],"replies":[{"embeddable":true,"href":"https:\/\/armstrongyregion.com.ar\/diario\/wp-json\/wp\/v2\/comments?post=41499"}],"version-history":[{"count":1,"href":"https:\/\/armstrongyregion.com.ar\/diario\/wp-json\/wp\/v2\/posts\/41499\/revisions"}],"predecessor-version":[{"id":41504,"href":"https:\/\/armstrongyregion.com.ar\/diario\/wp-json\/wp\/v2\/posts\/41499\/revisions\/41504"}],"wp:featuredmedia":[{"embeddable":true,"href":"https:\/\/armstrongyregion.com.ar\/diario\/wp-json\/wp\/v2\/media\/41500"}],"wp:attachment":[{"href":"https:\/\/armstrongyregion.com.ar\/diario\/wp-json\/wp\/v2\/media?parent=41499"}],"wp:term":[{"taxonomy":"category","embeddable":true,"href":"https:\/\/armstrongyregion.com.ar\/diario\/wp-json\/wp\/v2\/categories?post=41499"},{"taxonomy":"post_tag","embeddable":true,"href":"https:\/\/armstrongyregion.com.ar\/diario\/wp-json\/wp\/v2\/tags?post=41499"}],"curies":[{"name":"wp","href":"https:\/\/api.w.org\/{rel}","templated":true}]}}