{"id":41480,"date":"2024-01-24T02:33:13","date_gmt":"2024-01-24T02:33:13","guid":{"rendered":"https:\/\/armstrongyregion.com.ar\/diario\/?p=41480"},"modified":"2024-01-24T02:33:15","modified_gmt":"2024-01-24T02:33:15","slug":"pullaro-la-mayoria-de-los-bloques-nos-va-a-acompanar-en-la-defensa-de-la-industria-y-el-campo-de-santa-fe","status":"publish","type":"post","link":"https:\/\/armstrongyregion.com.ar\/diario\/pullaro-la-mayoria-de-los-bloques-nos-va-a-acompanar-en-la-defensa-de-la-industria-y-el-campo-de-santa-fe\/","title":{"rendered":"Pullaro: \u201cLa mayor\u00eda de los bloques nos va a acompa\u00f1ar en la defensa de la industria y el campo de Santa Fe\u201d"},"content":{"rendered":"\n<figure class=\"wp-block-image size-full\"><a href=\"http:\/\/armstrongyregion.com.ar\/diario\/wp-content\/uploads\/2024\/01\/PULLARO-CONGRESO-.jpg\"><img loading=\"lazy\" decoding=\"async\" width=\"570\" height=\"320\" src=\"http:\/\/armstrongyregion.com.ar\/diario\/wp-content\/uploads\/2024\/01\/PULLARO-CONGRESO-.jpg\" alt=\"\" class=\"wp-image-41482\" srcset=\"https:\/\/armstrongyregion.com.ar\/diario\/wp-content\/uploads\/2024\/01\/PULLARO-CONGRESO-.jpg 570w, https:\/\/armstrongyregion.com.ar\/diario\/wp-content\/uploads\/2024\/01\/PULLARO-CONGRESO--300x168.jpg 300w\" sizes=\"auto, (max-width: 570px) 100vw, 570px\" \/><\/a><\/figure>\n\n\n\n<h2 class=\"wp-block-heading\">El gobernador mantuvo reuniones en Buenos Aires con diputados nacionales para reafirmar la posici\u00f3n de la provincia respecto de las retenciones a las exportaciones.<\/h2>\n\n\n\n<p>El gobernador de la provincia, Maximiliano Pullaro, se reuni\u00f3 este martes en el Congreso de la Naci\u00f3n, con diputados nacionales para plantear su postura frente a los cambios que propone el gobierno nacional, en materia de retenciones a las exportaciones.<\/p>\n\n\n\n<p>Respecto del encuentro, Pullaro destac\u00f3: \u201cVinimos a trabajar, a hablar con nuestros legisladores nacionales de diferentes bloques, para explicarles la importancia y el impacto que tendr\u00eda el aumento de retenciones en la provincia de Santa Fe y particularmente, en el interior productivo de la Rep\u00fablica Argentina\u201d, y agreg\u00f3: \u201cTrajimos una agenda de defensa de las econom\u00edas regionales, de la industria de la provincia de Santa Fe, y del campo de nuestra provincia\u201d.<\/p>\n\n\n\n<p>En la oportunidad, el gobernador estuvo acompa\u00f1ado por la vicegobernadora, Gisela Scaglia; el ministro de Desarrollo Productivo, Gustavo Puccini y los secretarios General, Juan Cruz C\u00e1ndido; de Energ\u00eda, Ver\u00f3nica Gesse y de Vinculaci\u00f3n Institucional, Juli\u00e1n Galdeano.<\/p>\n\n\n\n<p>Pullaro indic\u00f3 que \u201cvinimos con funcionarios para poder explicar espec\u00edficamente cu\u00e1l es el impacto y la negatividad que tiene cada una de estas medidas que quiere o que pretend\u00eda llevar adelante el Gobierno nacional en este megaproyecto de ley\u201d.<\/p>\n\n\n\n<p>\u201cNos vamos con una muy buena expectativa, porque la inmensa mayor\u00eda de los bloques, del bloque que conduce Rodrigo de Loredo de la Uni\u00f3n C\u00edvica Radical; del bloque que conduce Miguel \u00c1ngel Pichetto, de Alternativa Federal, y gran parte del bloque del PRO, van a votar en contra del aumento de retenciones a las exportaciones, lo cual nos posibilitar\u00e1 como provincia, seguir manteniendo pol\u00edticas que nos permitan crecer y desarrollarnos\u201d, asegur\u00f3 el gobernador.<\/p>\n\n\n\n<p>Para finalizar, Pullaro puso \u00e9nfasis en las expectativas generadas por el encuentro: \u201cEsperamos seguir dialogando para que el gobierno nacional pueda reflexionar y quitar el cap\u00edtulo de retenciones, pero nos vamos con la tranquilidad de que si eso no sucede y si el Gobierno nacional contin\u00faa con esta pol\u00edtica de sostener el aumento de las retenciones, hay un n\u00famero importante de legisladores que lo va a rechazar. Tenemos esa tranquilidad, no va a haber aumento de retenciones para las principales actividades, en la provincia de Santa Fe ni en la Rep\u00fablica Argentina\u201d, complet\u00f3.<\/p>\n\n\n\n<p><\/p>\n\n\n\n<figure class=\"wp-block-image\"><img decoding=\"async\" src=\"https:\/\/ci3.googleusercontent.com\/meips\/ADKq_NYCw_mdZS1ndyDjQgsAG72WoX100LUcGRtG6MXgY2_NLcxj1DTT7jFKFKC4QlHQQ_eY9xRZxx1jFnZFHIwp4fM33B9ZaYsOnmxwT4eZlp8KDcodbsYRAvg5zizI5XwqAR_QyTMVkMkYtTnGdbQ=s0-d-e1-ft#https:\/\/www.santafe.gov.ar\/noticias\/recursos\/fotos\/2024\/01\/2024-01-23NID_279620O_2.jpeg\" alt=\"\"\/><\/figure>\n\n\n\n<figure class=\"wp-block-image\"><img decoding=\"async\" src=\"https:\/\/ci3.googleusercontent.com\/meips\/ADKq_Nb2F45zLVlKEmjCpSbZovwOOZMKV8JXAJ-kwnOT1tfGwZRtbVC0h0w6EzqWLKypPp9skzymtUwwQsWO-xBXLLb5YEr_YRA5-oS_LEcHuV1L-_iYU9mcFaa6r-B7Xe4K0JKvDm3mxm9MJVVZez4=s0-d-e1-ft#https:\/\/www.santafe.gov.ar\/noticias\/recursos\/fotos\/2024\/01\/2024-01-23NID_279620O_3.jpeg\" alt=\"\"\/><\/figure>\n\n\n\n<figure class=\"wp-block-image\"><img decoding=\"async\" src=\"https:\/\/ci3.googleusercontent.com\/meips\/ADKq_NYzRaIEIuXDu8aHSDb4eyMJEWgEQ5w30BJSw3IX1_MD8n_FhIV5gTDSQxgM5WPPvW9jb_EdYVJ5t2JYeESppEhq9tSh99oes4XES_5scZm_wlgaCbOoAs6qtrIQKdvwctEXsxCKEeK3jFkyYhw=s0-d-e1-ft#https:\/\/www.santafe.gov.ar\/noticias\/recursos\/fotos\/2024\/01\/2024-01-23NID_279620O_4.jpeg\" alt=\"\"\/><\/figure>\n\n\n\n<figure class=\"wp-block-image\"><img decoding=\"async\" src=\"https:\/\/ci3.googleusercontent.com\/meips\/ADKq_NbdDRhncH0vXtKSJPuNdU7JhovQ2U3TNSIKLC9opg1OE5SEuANSB2bcf_j41JMIkzKKca04BoRJAIBd1MnFlAZb1x541qJlww4OhfN48GwzCUMbOxDkkQ_DdsFk0yoLpq2pPwbR_tjfiwYKt6o=s0-d-e1-ft#https:\/\/www.santafe.gov.ar\/noticias\/recursos\/fotos\/2024\/01\/2024-01-23NID_279620O_5.jpeg\" alt=\"\"\/><\/figure>\n","protected":false},"excerpt":{"rendered":"<p>Pullaro: \u201cLa mayor\u00eda de los bloques nos va a acompa\u00f1ar en la defensa de la industria y el campo de Santa Fe\u201d<\/p>\n","protected":false},"author":1,"featured_media":41482,"comment_status":"open","ping_status":"open","sticky":false,"template":"","format":"image","meta":{"_jetpack_memberships_contains_paid_content":false,"footnotes":"","jetpack_publicize_message":"","jetpack_publicize_feature_enabled":true,"jetpack_social_post_already_shared":true,"jetpack_social_options":{"image_generator_settings":{"template":"highway","default_image_id":0,"enabled":false},"version":2}},"categories":[8,1,2,7,3],"tags":[1924,2455,1603,8777,2846,3381,13],"class_list":["post-41480","post","type-post","status-publish","format-image","has-post-thumbnail","hentry","category-deliberando","category-diario-armstrong","category-locales","category-politica","category-region","tag-campo","tag-defensa","tag-industria","tag-lic-graciela-de-la-casa","tag-pullaro","tag-santa-fe","tag-y","post_format-post-format-image"],"jetpack_publicize_connections":[],"jetpack_featured_media_url":"https:\/\/armstrongyregion.com.ar\/diario\/wp-content\/uploads\/2024\/01\/PULLARO-CONGRESO-.jpg","jetpack_shortlink":"https:\/\/wp.me\/p62QDO-aN2","jetpack_sharing_enabled":true,"amp_enabled":true,"_links":{"self":[{"href":"https:\/\/armstrongyregion.com.ar\/diario\/wp-json\/wp\/v2\/posts\/41480","targetHints":{"allow":["GET"]}}],"collection":[{"href":"https:\/\/armstrongyregion.com.ar\/diario\/wp-json\/wp\/v2\/posts"}],"about":[{"href":"https:\/\/armstrongyregion.com.ar\/diario\/wp-json\/wp\/v2\/types\/post"}],"author":[{"embeddable":true,"href":"https:\/\/armstrongyregion.com.ar\/diario\/wp-json\/wp\/v2\/users\/1"}],"replies":[{"embeddable":true,"href":"https:\/\/armstrongyregion.com.ar\/diario\/wp-json\/wp\/v2\/comments?post=41480"}],"version-history":[{"count":1,"href":"https:\/\/armstrongyregion.com.ar\/diario\/wp-json\/wp\/v2\/posts\/41480\/revisions"}],"predecessor-version":[{"id":41483,"href":"https:\/\/armstrongyregion.com.ar\/diario\/wp-json\/wp\/v2\/posts\/41480\/revisions\/41483"}],"wp:featuredmedia":[{"embeddable":true,"href":"https:\/\/armstrongyregion.com.ar\/diario\/wp-json\/wp\/v2\/media\/41482"}],"wp:attachment":[{"href":"https:\/\/armstrongyregion.com.ar\/diario\/wp-json\/wp\/v2\/media?parent=41480"}],"wp:term":[{"taxonomy":"category","embeddable":true,"href":"https:\/\/armstrongyregion.com.ar\/diario\/wp-json\/wp\/v2\/categories?post=41480"},{"taxonomy":"post_tag","embeddable":true,"href":"https:\/\/armstrongyregion.com.ar\/diario\/wp-json\/wp\/v2\/tags?post=41480"}],"curies":[{"name":"wp","href":"https:\/\/api.w.org\/{rel}","templated":true}]}}