{"id":41477,"date":"2024-01-24T02:25:42","date_gmt":"2024-01-24T02:25:42","guid":{"rendered":"https:\/\/armstrongyregion.com.ar\/diario\/?p=41477"},"modified":"2024-01-24T02:25:46","modified_gmt":"2024-01-24T02:25:46","slug":"enrico-trajimos-el-pedido-de-los-santafesinos-para-que-se-reparen-las-rutas-nacionales","status":"publish","type":"post","link":"https:\/\/armstrongyregion.com.ar\/diario\/enrico-trajimos-el-pedido-de-los-santafesinos-para-que-se-reparen-las-rutas-nacionales\/","title":{"rendered":"Enrico: \u201cTrajimos el pedido de los santafesinos para que se reparen las rutas nacionales\u201d."},"content":{"rendered":"\n<figure class=\"wp-block-image size-full\"><a href=\"http:\/\/armstrongyregion.com.ar\/diario\/wp-content\/uploads\/2024\/01\/ENRICCO-.jpg\"><img loading=\"lazy\" decoding=\"async\" width=\"375\" height=\"250\" src=\"http:\/\/armstrongyregion.com.ar\/diario\/wp-content\/uploads\/2024\/01\/ENRICCO-.jpg\" alt=\"\" class=\"wp-image-41478\" srcset=\"https:\/\/armstrongyregion.com.ar\/diario\/wp-content\/uploads\/2024\/01\/ENRICCO-.jpg 375w, https:\/\/armstrongyregion.com.ar\/diario\/wp-content\/uploads\/2024\/01\/ENRICCO--300x200.jpg 300w\" sizes=\"auto, (max-width: 375px) 100vw, 375px\" \/><\/a><\/figure>\n\n\n\n<h2 class=\"wp-block-heading\">Se reuni\u00f3 nuevamente con el secretario de Obras P\u00fablicas de la Naci\u00f3n, Luis Giovine. \u201cNecesitamos que se inicien de manera inmediata los trabajos de mantenimiento y servicios de estas rutas, porque hoy son de extrema peligrosidad\u201d, advirti\u00f3 el ministro santafesino.<\/h2>\n\n\n\n<p>Esta semana, el ministro de Obras P\u00fablicas, Lisandro Enrico, estuvo en Buenos Aires donde se reuni\u00f3 con el secretario de Obras P\u00fablicas nacional, Luis Giovine, a quien le transmiti\u00f3 \u201cun pedido de todos los santafesinos: necesitamos que se inicien trabajos de mantenimiento y servicios de estas rutas que atraviesan nuestra provincia\u201d, manifest\u00f3 el funcionario.<\/p>\n\n\n\n<p>Enrico junto al secretario general del ministerio, Marcos Renna; y el director Provincial de Vialidad (Zona 7 y 6), Javier Picinato, fueron recibidos por el nuevo secretario de Obras P\u00fablicas de Naci\u00f3n, Luis Enrique Giovine, quien forma parte del Ministerio de Infraestructura que est\u00e1 a cargo de Guillermo Ferraro.<\/p>\n\n\n\n<p>Durante la reuni\u00f3n, Enrico aprovech\u00f3 a exponer un mapeo e im\u00e1genes de la situaci\u00f3n cr\u00edtica que presentan distintas rutas nacionales en el territorio santafesino, luego de padecer la falta de tareas de mantenimiento durante varios a\u00f1os. Entre las rutas nacionales se detallaron: 2, 7, 8, 9, 11, 19, 33, 34, 96, 98, 168, 173, 175, 177, 178, A007, 008, A009 y A012.<\/p>\n\n\n\n<figure class=\"wp-block-image\"><img decoding=\"async\" src=\"https:\/\/ci3.googleusercontent.com\/meips\/ADKq_NbWnsMJJ711yjlrSNNnFjDIgjFnzotZLFOPyptdV4c8YfhgMpebcvyIL1lxF45ss6Hpfy1W6m4_VZYGbNoBVC6pU2SqGRIJISXBOXXPy1XHqVGZYlTwLGdiNFvT_Jg2kssowl0etMYshOVHIQw=s0-d-e1-ft#https:\/\/www.santafe.gob.ar\/noticias\/recursos\/fotos\/2024\/01\/2024-01-23NID_279619O_3.jpeg\" alt=\"\"\/><\/figure>\n\n\n\n<p>Al finalizar el encuentro, el ministro de Obras P\u00fablicas se\u00f1al\u00f3: \u201cSanta Fe tiene la red vial destruida, tanto de rutas nacionales como provinciales, y llevar\u00e1 tiempo ejecutar todas las reparaciones. Pero desde nuestra gesti\u00f3n, con el gobernador Maximiliano Pullaro, tenemos la intenci\u00f3n de dedicarle mucho trabajo, inversi\u00f3n y compromiso a esta tarea para empezar a recuperar transitabilidad en las rutas\u201d.<\/p>\n\n\n\n<p><br>\u201cEn la provincia haremos planes de reparaci\u00f3n y repavimentaci\u00f3n. De hecho, en estos d\u00edas activamos una serie de arreglos de urgencia. Y respecto a las rutas nacionales, que le corresponden atender por ley al Gobierno Nacional, desde nuestra gesti\u00f3n provincial nos predisponernos a colaborar con todo lo que podamos, pero tambi\u00e9n iremos a Buenos Aires las veces que sean necesarias, insistiremos, reclamaremos y defenderemos la seguridad vial de los santafesinos. Las rutas no pueden seguir en estado de peligrosidad\u201d, ampli\u00f3.<\/p>\n\n\n\n<p><strong>Seguridad vial y cosecha<\/strong><\/p>\n\n\n\n<figure class=\"wp-block-image\"><img decoding=\"async\" src=\"https:\/\/ci3.googleusercontent.com\/meips\/ADKq_NbEpQd1hCd31DauzpkJxGRyrjd1oSChmaEatkh-8GdV_ydvI9NfTRb1X6r3W5wXBOT3Ags8Y8dWgWiKBKrgOIJcWabHzASw7t5xe7mm6Pe6hK_J43feFLz6uPXLMGLsw4HkjwFCi1YfTX6UwFQ=s0-d-e1-ft#https:\/\/www.santafe.gob.ar\/noticias\/recursos\/fotos\/2024\/01\/2024-01-23NID_279619O_2.jpeg\" alt=\"\"\/><\/figure>\n\n\n\n<p>Por \u00faltimo, Lisandro Enrico se\u00f1al\u00f3 que las autoridades nacionales tomaron nota de los pedidos que llev\u00f3, que surgen en gran medida de escuchar a los vecinos de distintas localidades, quienes se\u00f1alan el enorme riesgo de circular por rutas nacionales por el estado de las trazas, donde se topan con baches, deformaciones, banquinas descalzadas o falta de iluminaci\u00f3n que en muchos terminan generando siniestros.<\/p>\n\n\n\n<p>\u201cQueremos que desde Naci\u00f3n se inicie un plan de mantenimiento, con obras y servicios. Nosotros mediante la Direcci\u00f3n Provincial de Vialidad estamos colaborando con el desmalezado en estas trazas nacionales y podemos ampliar otro tipo de tareas, pero es fundamental que el Gobierno Nacional asuma sus responsabilidades sobre las rutas nacionales que pasan por nuestra provincia.&nbsp;<\/p>\n\n\n\n<p>Sobre todo ahora, en el per\u00edodo de cosecha, donde vamos a ver un gran movimiento de camiones que trasladan la producci\u00f3n del pa\u00eds\u201d, finaliz\u00f3 el ministro Enrico.<\/p>\n","protected":false},"excerpt":{"rendered":"<p>Se reuni\u00f3 nuevamente con el secretario de Obras P\u00fablicas de la Naci\u00f3n, Luis Giovine. \u201cNecesitamos que se inicien de manera inmediata los trabajos de mantenimiento y servicios de estas rutas, porque hoy son de extrema peligrosidad\u201d, advirti\u00f3 el ministro santafesino. Esta semana, el ministro de Obras P\u00fablicas, Lisandro Enrico, estuvo en Buenos Aires donde se <a href=\"https:\/\/armstrongyregion.com.ar\/diario\/enrico-trajimos-el-pedido-de-los-santafesinos-para-que-se-reparen-las-rutas-nacionales\/\" title=\"Read more\" >&#8230;<\/a><\/p>\n","protected":false},"author":1,"featured_media":41478,"comment_status":"open","ping_status":"open","sticky":false,"template":"","format":"image","meta":{"_jetpack_memberships_contains_paid_content":false,"footnotes":"","jetpack_publicize_message":"","jetpack_publicize_feature_enabled":true,"jetpack_social_post_already_shared":true,"jetpack_social_options":{"image_generator_settings":{"template":"highway","default_image_id":0,"enabled":false},"version":2}},"categories":[8,1,2,7,3],"tags":[19,10230,10231,4399,9046,9591],"class_list":["post-41477","post","type-post","status-publish","format-image","has-post-thumbnail","hentry","category-deliberando","category-diario-armstrong","category-locales","category-politica","category-region","tag-de","tag-enrico","tag-para-arreglar","tag-pedidos","tag-rutas-2","tag-santafesinos-2","post_format-post-format-image"],"jetpack_publicize_connections":[],"jetpack_featured_media_url":"https:\/\/armstrongyregion.com.ar\/diario\/wp-content\/uploads\/2024\/01\/ENRICCO-.jpg","jetpack_shortlink":"https:\/\/wp.me\/p62QDO-aMZ","jetpack_sharing_enabled":true,"amp_enabled":true,"_links":{"self":[{"href":"https:\/\/armstrongyregion.com.ar\/diario\/wp-json\/wp\/v2\/posts\/41477","targetHints":{"allow":["GET"]}}],"collection":[{"href":"https:\/\/armstrongyregion.com.ar\/diario\/wp-json\/wp\/v2\/posts"}],"about":[{"href":"https:\/\/armstrongyregion.com.ar\/diario\/wp-json\/wp\/v2\/types\/post"}],"author":[{"embeddable":true,"href":"https:\/\/armstrongyregion.com.ar\/diario\/wp-json\/wp\/v2\/users\/1"}],"replies":[{"embeddable":true,"href":"https:\/\/armstrongyregion.com.ar\/diario\/wp-json\/wp\/v2\/comments?post=41477"}],"version-history":[{"count":1,"href":"https:\/\/armstrongyregion.com.ar\/diario\/wp-json\/wp\/v2\/posts\/41477\/revisions"}],"predecessor-version":[{"id":41479,"href":"https:\/\/armstrongyregion.com.ar\/diario\/wp-json\/wp\/v2\/posts\/41477\/revisions\/41479"}],"wp:featuredmedia":[{"embeddable":true,"href":"https:\/\/armstrongyregion.com.ar\/diario\/wp-json\/wp\/v2\/media\/41478"}],"wp:attachment":[{"href":"https:\/\/armstrongyregion.com.ar\/diario\/wp-json\/wp\/v2\/media?parent=41477"}],"wp:term":[{"taxonomy":"category","embeddable":true,"href":"https:\/\/armstrongyregion.com.ar\/diario\/wp-json\/wp\/v2\/categories?post=41477"},{"taxonomy":"post_tag","embeddable":true,"href":"https:\/\/armstrongyregion.com.ar\/diario\/wp-json\/wp\/v2\/tags?post=41477"}],"curies":[{"name":"wp","href":"https:\/\/api.w.org\/{rel}","templated":true}]}}