{"id":41470,"date":"2024-01-24T02:11:53","date_gmt":"2024-01-24T02:11:53","guid":{"rendered":"https:\/\/armstrongyregion.com.ar\/diario\/?p=41470"},"modified":"2024-01-24T02:11:55","modified_gmt":"2024-01-24T02:11:55","slug":"armstrong-se-cumplen-50-anos-del-asesinato-de-los-cooperativistas","status":"publish","type":"post","link":"https:\/\/armstrongyregion.com.ar\/diario\/armstrong-se-cumplen-50-anos-del-asesinato-de-los-cooperativistas\/","title":{"rendered":"Armstrong. Se cumplen 50 a\u00f1os del asesinato de los cooperativistas."},"content":{"rendered":"\n<figure class=\"wp-block-image size-full\"><a href=\"http:\/\/armstrongyregion.com.ar\/diario\/wp-content\/uploads\/2024\/01\/VICTOR-CANTOIA-.jpg\"><img loading=\"lazy\" decoding=\"async\" width=\"320\" height=\"320\" src=\"http:\/\/armstrongyregion.com.ar\/diario\/wp-content\/uploads\/2024\/01\/VICTOR-CANTOIA-.jpg\" alt=\"\" class=\"wp-image-41471\" srcset=\"https:\/\/armstrongyregion.com.ar\/diario\/wp-content\/uploads\/2024\/01\/VICTOR-CANTOIA-.jpg 320w, https:\/\/armstrongyregion.com.ar\/diario\/wp-content\/uploads\/2024\/01\/VICTOR-CANTOIA--300x300.jpg 300w, https:\/\/armstrongyregion.com.ar\/diario\/wp-content\/uploads\/2024\/01\/VICTOR-CANTOIA--150x150.jpg 150w\" sizes=\"auto, (max-width: 320px) 100vw, 320px\" \/><\/a><\/figure>\n\n\n\n<p>Hoy, 23 de enero de 2024, a 50 a\u00f1os del asesinato de los cooperativistas, hecho tr\u00e1gico<br>ocurrido en un per\u00edodo democr\u00e1tico (1974), el Intendente Municipal Ing. Guillermo Luzzi y<br>toda la comunidad de Armstrong honramos sus memorias, destacando el ejemplo que estos<br>hombres visionarios nos dejaron a trav\u00e9s del compromiso de integrar y trabajar en<br>instituciones de la ciudad para el beneficio de los armstronenses.<br>En este 2024 se cumplen 50 a\u00f1os del asesinato de V\u00edctor Cantoia (Gerente), Aldo Alberto<br>Viotto (Jefe de Contadur\u00eda), H\u00e9ctor Blanch (Jefe de la Secci\u00f3n Tienda), Ernesto Pascucci (Jefe<br>de la Secci\u00f3n Almac\u00e9n), integrantes de la Cooperativa Agr\u00edcola Ganadera de Armstrong y<br>Odorico Montorfano (Supervisor contable de la FACA, delegaci\u00f3n Rosario), que los<br>acompa\u00f1aba.<br>Los cinco viajaban hacia la Cooperativa de Colonia Caroya, provincia de C\u00f3rdoba, para<br>interiorizarse sobre el funcionamiento de su supermercado, con el objetivo de instalar uno de<br>similares caracter\u00edsticas en Armstrong.<br>El Comando Radioel\u00e9ctrico de la polic\u00eda cordobesa los intercepta por error entre las<br>localidades de R\u00edo Segundo y Toledo y, para justificarlo, los autores dir\u00e1n que las v\u00edctimas eran<br>subversivos huyendo del frustrado ataque al cuartel de Azul. A trav\u00e9s de la investigaci\u00f3n, se<br>comprobar\u00e1 que el operativo, en realidad, fue montado contra el autom\u00f3vil de caracter\u00edsticas<br>similares perteneciente a la Polic\u00eda Federal que se desplazaba desde Laguna Larga en misi\u00f3n<br>operacional, y que el asesinato fue producto de m\u00f3viles pol\u00edticos encubiertos para derrocar al<br>Gobierno Provincial del Dr. Obreg\u00f3n Cano y de una interna entre la polic\u00eda de la provincia de<br>C\u00f3rdoba y la Federal.<br>Nuestra comunidad se une al reclamo de los familiares para que la sentencia judicial sea<br>anulada y se realice otro juicio considerando que, en realidad, al tratarse de un homicidio a<br>manos de fuerzas dependientes del Estado, el crimen debe ser considerado de Lesa<br>Humanidad y, por lo tanto, imprescriptible.<\/p>\n","protected":false},"excerpt":{"rendered":"<p>Armstrong. Se cumplen 50 a\u00f1os del asesinato de los cooperativistas.<\/p>\n","protected":false},"author":1,"featured_media":41471,"comment_status":"open","ping_status":"open","sticky":false,"template":"","format":"image","meta":{"_jetpack_memberships_contains_paid_content":false,"footnotes":"","jetpack_publicize_message":"","jetpack_publicize_feature_enabled":true,"jetpack_social_post_already_shared":true,"jetpack_social_options":{"image_generator_settings":{"template":"highway","default_image_id":0,"enabled":false},"version":2}},"categories":[8,1,2,7,3],"tags":[10228,8886,8887,8884,19,53,8777,86],"class_list":["post-41470","post","type-post","status-publish","format-image","has-post-thumbnail","hentry","category-deliberando","category-diario-armstrong","category-locales","category-politica","category-region","tag-50-anos","tag-asesinato","tag-cooperativistas-2","tag-cumplen","tag-de","tag-del","tag-lic-graciela-de-la-casa","tag-se","post_format-post-format-image"],"jetpack_publicize_connections":[],"jetpack_featured_media_url":"https:\/\/armstrongyregion.com.ar\/diario\/wp-content\/uploads\/2024\/01\/VICTOR-CANTOIA-.jpg","jetpack_shortlink":"https:\/\/wp.me\/p62QDO-aMS","jetpack_sharing_enabled":true,"amp_enabled":true,"_links":{"self":[{"href":"https:\/\/armstrongyregion.com.ar\/diario\/wp-json\/wp\/v2\/posts\/41470","targetHints":{"allow":["GET"]}}],"collection":[{"href":"https:\/\/armstrongyregion.com.ar\/diario\/wp-json\/wp\/v2\/posts"}],"about":[{"href":"https:\/\/armstrongyregion.com.ar\/diario\/wp-json\/wp\/v2\/types\/post"}],"author":[{"embeddable":true,"href":"https:\/\/armstrongyregion.com.ar\/diario\/wp-json\/wp\/v2\/users\/1"}],"replies":[{"embeddable":true,"href":"https:\/\/armstrongyregion.com.ar\/diario\/wp-json\/wp\/v2\/comments?post=41470"}],"version-history":[{"count":1,"href":"https:\/\/armstrongyregion.com.ar\/diario\/wp-json\/wp\/v2\/posts\/41470\/revisions"}],"predecessor-version":[{"id":41472,"href":"https:\/\/armstrongyregion.com.ar\/diario\/wp-json\/wp\/v2\/posts\/41470\/revisions\/41472"}],"wp:featuredmedia":[{"embeddable":true,"href":"https:\/\/armstrongyregion.com.ar\/diario\/wp-json\/wp\/v2\/media\/41471"}],"wp:attachment":[{"href":"https:\/\/armstrongyregion.com.ar\/diario\/wp-json\/wp\/v2\/media?parent=41470"}],"wp:term":[{"taxonomy":"category","embeddable":true,"href":"https:\/\/armstrongyregion.com.ar\/diario\/wp-json\/wp\/v2\/categories?post=41470"},{"taxonomy":"post_tag","embeddable":true,"href":"https:\/\/armstrongyregion.com.ar\/diario\/wp-json\/wp\/v2\/tags?post=41470"}],"curies":[{"name":"wp","href":"https:\/\/api.w.org\/{rel}","templated":true}]}}