{"id":41467,"date":"2024-01-23T00:29:52","date_gmt":"2024-01-23T00:29:52","guid":{"rendered":"https:\/\/armstrongyregion.com.ar\/diario\/?p=41467"},"modified":"2024-01-23T00:29:55","modified_gmt":"2024-01-23T00:29:55","slug":"maximiliano-pullaro-presento-el-boleto-educativo-2024","status":"publish","type":"post","link":"https:\/\/armstrongyregion.com.ar\/diario\/maximiliano-pullaro-presento-el-boleto-educativo-2024\/","title":{"rendered":"Maximiliano Pullaro present\u00f3 el Boleto Educativo 2024."},"content":{"rendered":"\n<figure class=\"wp-block-image size-full\"><a href=\"http:\/\/armstrongyregion.com.ar\/diario\/wp-content\/uploads\/2024\/01\/PULLARO-22-1-23-.jpg\"><img loading=\"lazy\" decoding=\"async\" width=\"570\" height=\"320\" src=\"http:\/\/armstrongyregion.com.ar\/diario\/wp-content\/uploads\/2024\/01\/PULLARO-22-1-23-.jpg\" alt=\"\" class=\"wp-image-41468\" srcset=\"https:\/\/armstrongyregion.com.ar\/diario\/wp-content\/uploads\/2024\/01\/PULLARO-22-1-23-.jpg 570w, https:\/\/armstrongyregion.com.ar\/diario\/wp-content\/uploads\/2024\/01\/PULLARO-22-1-23--300x168.jpg 300w\" sizes=\"auto, (max-width: 570px) 100vw, 570px\" \/><\/a><\/figure>\n\n\n\n<h2 class=\"wp-block-heading\">La nueva edici\u00f3n fue lanzada por el gobernador en Ca\u00f1ada de G\u00f3mez y anunci\u00f3 adem\u00e1s mejoras en el sistema: \u201cCuando una herramienta funciona, hay que mantenerla en el tiempo, como estamos haciendo nosotros\u201d, sostuvo.<\/h2>\n\n\n\n<p>El gobernador Maximiliano Pullaro present\u00f3 este lunes la nueva edici\u00f3n del Boleto Educativo en la Terminal de \u00d3mnibus de Ca\u00f1ada de G\u00f3mez, y anunci\u00f3 mejoras en el sistema. \u201cEstamos poniendo en marcha el Boleto Educativo 2024, un programa que estamos convencidos que acerca la educaci\u00f3n a cada santafesino. Este instrumento virtuoso permite que miles de chicos y chicas accedan a la educaci\u00f3n y alivia la carga de docentes y asistentes escolares. Cuando una herramienta funciona hay que mantenerla en el tiempo, como estamos haciendo nosotros\u201d, destac\u00f3 Pullaro.<\/p>\n\n\n\n<p>El programa habilita dos viajes diarios sin costo en transporte p\u00fablico a cada beneficiario cuando reside a menos de 60 km del establecimiento educativo al que asiste; y dos viajes mensuales si el beneficiario reside a m\u00e1s de 60 km del establecimiento educativo.<\/p>\n\n\n\n<p><strong>Inscripci\u00f3n abierta<\/strong><\/p>\n\n\n\n<p>El alta para la edici\u00f3n 2024 del Boleto Educativo (BE 2024) ya se encuentra vigente y el servicio podr\u00e1 utilizarse desde el 1\u00ba de febrero. Los beneficiarios son los alumnos y alumnas regulares de los niveles inicial, primario, secundario, terciario, y universitario. Tambi\u00e9n docentes y asistentes escolares de los establecimientos educativos de la provincia.<\/p>\n\n\n\n<p>La inscripci\u00f3n al BE 2024 es 100 % digital, ingresando a la app \u201cBoleto Educativo\u201d a trav\u00e9s del celular, o ingresando en&nbsp;<a href=\"http:\/\/www.santafe.gov.ar\/boletoeducativo\" target=\"_blank\" rel=\"noreferrer noopener\">www.santafe.gov.ar\/boletoeducativo<\/a>.<\/p>\n\n\n\n<p>Quienes hayan tramitado el beneficio en 2023, deber\u00e1n reinscribirse para este a\u00f1o en curso. Por consultas, se habilitan tres puntos de atenci\u00f3n: la Estaci\u00f3n Terminal de \u00d3mnibus en Santa Fe; la Estaci\u00f3n Terminal en Rosario y la Unidad de Gesti\u00f3n SUBE en Iriondo 560 (Reconquista). Tambi\u00e9n se pueden realizar consultas telef\u00f3nicas al 0800 777 0801 de lunes a viernes de 8 a 18.<\/p>\n\n\n\n<figure class=\"wp-block-image\"><img decoding=\"async\" src=\"https:\/\/ci3.googleusercontent.com\/meips\/ADKq_NYO53IRIBGBGhda63d7nF-rrCBQXCT0rZAaPFXN7U1IUtniYmmrT01_rqe1Xg9BzSfKsjVYjCZTcv6RKtaKCqltYn23OdyFEWFJophWl8xnD_KruD2nNr_4UdS0y28-tl-WcIW8VupsAB38onI=s0-d-e1-ft#https:\/\/www.santafe.gov.ar\/noticias\/recursos\/fotos\/2024\/01\/2024-01-22NID_279614O_2.jpeg\" alt=\"\"\/><\/figure>\n\n\n\n<p><strong>Mejoras<\/strong><\/p>\n\n\n\n<p>Pullaro dio detalles sobre los cambios en el sistema destinados a perfeccionar las prestaciones. \u201cUna de las mejoras m\u00e1s importantes surge de una demanda l\u00f3gica del sector que escuchamos e incorporamos: los docentes y asistentes escolares podr\u00e1n viajar con la tarifa diferencial hasta el \u00faltimo d\u00eda h\u00e1bil del a\u00f1o. En 2023 el beneficio se limitaba al ciclo lectivo. Esta gesti\u00f3n ampliar\u00e1 el derecho para los docentes que concurren a las escuelas hasta fin de a\u00f1o. No volver\u00e1 a pasar que se termine el beneficio antes de que los alumnos y docentes dejen de ir a las escuelas\u201d, indic\u00f3 el gobernador. Por su parte, los estudiantes podr\u00e1n utilizar el beneficio durante todo el ciclo lectivo y en las fechas de ex\u00e1menes.<\/p>\n\n\n\n<p>\u201cComo lo dijimos siempre, ni a los sectores de bajos recursos, ni a los jubilados, ni a los estudiantes se les va a quitar este derecho. Se trata de una pol\u00edtica p\u00fablica fundamental, un derecho por el que luchamos y trabajamos desde nuestra adolescencia. Por eso, gestionamos todas las herramientas necesarias para optimizar el sistema, modernizarlo y potenciarlo; con la certeza de que la igualdad de oportunidades en la educaci\u00f3n es la llave del desarrollo\u201d, indic\u00f3 el gobernador.<\/p>\n\n\n\n<p>Reiter\u00f3 su compromiso en \u201ctrabajar para mejorar la educaci\u00f3n de todos los ni\u00f1os y adolescentes en la provincia de Santa Fe. Sepan que a este gobierno provincial siempre lo va a encontrar parado de ese lado, defendiendo la educaci\u00f3n y peleando por una mejor calidad educativa en toda la provincia de Santa Fe, porque entendemos que eso es lo \u00fanico que a nosotros nos da perspectiva de futuro\u201d, agreg\u00f3 Pullaro.<\/p>\n\n\n\n<p><strong>Eficiencia<\/strong><\/p>\n\n\n\n<p>En la conferencia de prensa, el primer mandatario provincial se refiri\u00f3 a las deudas que dej\u00f3 la gesti\u00f3n de Perotti en el sistema: \u201cHicimos un profundo an\u00e1lisis del funcionamiento del Boleto Educativo y reorganizamos el sistema de modo que sea eficiente para los estudiantes pero tambi\u00e9n para las empresas. Desde que nos hicimos cargo de la gesti\u00f3n, trabajamos a contrarreloj para cumplir los compromisos pendientes. Eso con nosotros no va a volver a pasar, porque las empresas hacen un esfuerzo enorme por llevar a cada estudiante y desde el Estado tenemos que acompa\u00f1ar siendo responsables y cumpliendo con nuestros compromisos\u201d, enfatiz\u00f3 Pullaro.<\/p>\n\n\n\n<p><strong>Presentes<\/strong><\/p>\n\n\n\n<p>El lanzamiento, que se realiz\u00f3 en la Terminal de \u00d3mnibus de Ca\u00f1ada de G\u00f3mez, cont\u00f3 con la presencia del intendente municipal de Ca\u00f1ada de G\u00f3mez, Mat\u00edas Chale; el ministro de Educaci\u00f3n, Jos\u00e9 Goity, la secretaria de Transporte y Log\u00edstica del Ministerio de Desarrollo Productivo, Renata Ghilotti; el director provincial de juventudes del Ministerio de Igualdad y Desarrollo Humano, Gast\u00f3n Noyjovich; la presidenta de la C\u00e1mara de Diputados de la provincia, Clara Garc\u00eda; los senadores, por el departamento Iriondo, Hugo Rasetto; por el departamento Belgrano, Pablo Pablo Verdecchia; intendentes y presidentes comunales, concejales de la ciudad y j\u00f3venes estudiantes.<\/p>\n","protected":false},"excerpt":{"rendered":"<p>La nueva edici\u00f3n fue lanzada por el gobernador en Ca\u00f1ada de G\u00f3mez y anunci\u00f3 adem\u00e1s mejoras en el sistema: \u201cCuando una herramienta funciona, hay que mantenerla en el tiempo, como estamos haciendo nosotros\u201d, sostuvo. El gobernador Maximiliano Pullaro present\u00f3 este lunes la nueva edici\u00f3n del Boleto Educativo en la Terminal de \u00d3mnibus de Ca\u00f1ada de <a href=\"https:\/\/armstrongyregion.com.ar\/diario\/maximiliano-pullaro-presento-el-boleto-educativo-2024\/\" title=\"Read more\" >&#8230;<\/a><\/p>\n","protected":false},"author":1,"featured_media":41468,"comment_status":"open","ping_status":"open","sticky":false,"template":"","format":"image","meta":{"_jetpack_memberships_contains_paid_content":false,"footnotes":"","jetpack_publicize_message":"","jetpack_publicize_feature_enabled":true,"jetpack_social_post_already_shared":true,"jetpack_social_options":{"image_generator_settings":{"template":"highway","default_image_id":0,"enabled":false},"version":2}},"categories":[8,1,2,7,3],"tags":[2377,8608,16,8777,9609,25],"class_list":["post-41467","post","type-post","status-publish","format-image","has-post-thumbnail","hentry","category-deliberando","category-diario-armstrong","category-locales","category-politica","category-region","tag-boleto","tag-educativo-2","tag-el","tag-lic-graciela-de-la-casa","tag-maximiliano-pullaro","tag-presento","post_format-post-format-image"],"jetpack_publicize_connections":[],"jetpack_featured_media_url":"https:\/\/armstrongyregion.com.ar\/diario\/wp-content\/uploads\/2024\/01\/PULLARO-22-1-23-.jpg","jetpack_shortlink":"https:\/\/wp.me\/p62QDO-aMP","jetpack_sharing_enabled":true,"amp_enabled":true,"_links":{"self":[{"href":"https:\/\/armstrongyregion.com.ar\/diario\/wp-json\/wp\/v2\/posts\/41467","targetHints":{"allow":["GET"]}}],"collection":[{"href":"https:\/\/armstrongyregion.com.ar\/diario\/wp-json\/wp\/v2\/posts"}],"about":[{"href":"https:\/\/armstrongyregion.com.ar\/diario\/wp-json\/wp\/v2\/types\/post"}],"author":[{"embeddable":true,"href":"https:\/\/armstrongyregion.com.ar\/diario\/wp-json\/wp\/v2\/users\/1"}],"replies":[{"embeddable":true,"href":"https:\/\/armstrongyregion.com.ar\/diario\/wp-json\/wp\/v2\/comments?post=41467"}],"version-history":[{"count":1,"href":"https:\/\/armstrongyregion.com.ar\/diario\/wp-json\/wp\/v2\/posts\/41467\/revisions"}],"predecessor-version":[{"id":41469,"href":"https:\/\/armstrongyregion.com.ar\/diario\/wp-json\/wp\/v2\/posts\/41467\/revisions\/41469"}],"wp:featuredmedia":[{"embeddable":true,"href":"https:\/\/armstrongyregion.com.ar\/diario\/wp-json\/wp\/v2\/media\/41468"}],"wp:attachment":[{"href":"https:\/\/armstrongyregion.com.ar\/diario\/wp-json\/wp\/v2\/media?parent=41467"}],"wp:term":[{"taxonomy":"category","embeddable":true,"href":"https:\/\/armstrongyregion.com.ar\/diario\/wp-json\/wp\/v2\/categories?post=41467"},{"taxonomy":"post_tag","embeddable":true,"href":"https:\/\/armstrongyregion.com.ar\/diario\/wp-json\/wp\/v2\/tags?post=41467"}],"curies":[{"name":"wp","href":"https:\/\/api.w.org\/{rel}","templated":true}]}}