{"id":41452,"date":"2024-01-22T14:22:19","date_gmt":"2024-01-22T14:22:19","guid":{"rendered":"https:\/\/armstrongyregion.com.ar\/diario\/?p=41452"},"modified":"2024-01-22T14:22:22","modified_gmt":"2024-01-22T14:22:22","slug":"armstrong-informe-area-de-orden-publico","status":"publish","type":"post","link":"https:\/\/armstrongyregion.com.ar\/diario\/armstrong-informe-area-de-orden-publico\/","title":{"rendered":"Armstrong. Informe \u00c1rea de Orden P\u00fablico."},"content":{"rendered":"\n<figure class=\"wp-block-image size-full\"><a href=\"http:\/\/armstrongyregion.com.ar\/diario\/wp-content\/uploads\/2023\/04\/informe_orden_publico.jpg\"><img loading=\"lazy\" decoding=\"async\" width=\"405\" height=\"406\" src=\"http:\/\/armstrongyregion.com.ar\/diario\/wp-content\/uploads\/2023\/04\/informe_orden_publico.jpg\" alt=\"\" class=\"wp-image-38258\" srcset=\"https:\/\/armstrongyregion.com.ar\/diario\/wp-content\/uploads\/2023\/04\/informe_orden_publico.jpg 405w, https:\/\/armstrongyregion.com.ar\/diario\/wp-content\/uploads\/2023\/04\/informe_orden_publico-300x300.jpg 300w, https:\/\/armstrongyregion.com.ar\/diario\/wp-content\/uploads\/2023\/04\/informe_orden_publico-150x150.jpg 150w\" sizes=\"auto, (max-width: 405px) 100vw, 405px\" \/><\/a><\/figure>\n\n\n\n<p>El \u00c1rea de Orden P\u00fablico de la Municipalidad de Armstrong inform\u00f3 que en el transcurso de la<br>\u00faltima semana se procedi\u00f3 a realizar recorridos en coordinaci\u00f3n con Polic\u00eda y central de monitoreo<br>para acciones de prevenci\u00f3n de faltas y delitos, con presencia efectiva en barrio FoNaVi Sur<br>incluyendo plaza Nona Rocha.<br>Con presencia policial preventiva se procedi\u00f3 al secuestro de dos motoveh\u00edculos, uno de ellos<br>conducido por un mayor de edad por no utilizar casco y por falta de documentaci\u00f3n exigible para<br>circular; y el segundo motoveh\u00edculo por conducir sin documentaci\u00f3n exigible y escape ruidoso.<br>Interviene el Juzgado Municipal de Faltas.<br>El pasado viernes 19 se realiz\u00f3 un control vehicular en Ruta Provincial N\u00b0 15 altura Subcomisar\u00eda<br>Baiochi. Personal policial de la misma, de Comisar\u00eda Tercera Armstrong e inspectores de tr\u00e1nsito.<br>Con presencia policial en resguardo del orden en el lugar, el s\u00e1bado 20 se procedi\u00f3 al secuestro de<br>mercader\u00eda (prendas de vestir) por venta ambulante de una femenina mayor de edad domiciliada en<br>la ciudad de Rosario. Esta actividad se encuentra prohibida en nuestra ciudad seg\u00fan Ordenanza 955.<br>En la misma jornada, se colabor\u00f3 en la saturaci\u00f3n policial en el radio urbano con la confluencia de<br>patrulleros del Departamento Belgrano. En coordinaci\u00f3n con Central de monitoreo hubo controles y<br>se\u00f1alizaci\u00f3n en accesos de Ruta 9 y calle Paraguay, Schaer y Ruta 15, Schaer y Floresta, Camino 14 y<br>v\u00edas del ferrocarril, y Tortugas y Fischer Bis.<br>Se secuestraron autom\u00f3viles por falta de documentaci\u00f3n exigible para circular, infractores mayores<br>de edad con domicilios en Marcos Ju\u00e1rez (Cba.) y Sumampa (Santiago del Estero), y un motoveh\u00edculo<br>por falta de documentaci\u00f3n para circular.<br>En distintos d\u00edas y horarios, Inspectores de tr\u00e1nsito junto a Polic\u00eda llevaron a cabo controles<br>vehiculares en calles Fischer Bis y Bell Ville, San Mart\u00edn y Crucianelli, Fischer y Berthillod. Resultado:<br>6 infracciones y 1 retenci\u00f3n\/secuestro de motoveh\u00edculo.<\/p>\n","protected":false},"excerpt":{"rendered":"<p>Armstrong. Informe \u00c1rea de Orden P\u00fablico.<\/p>\n","protected":false},"author":1,"featured_media":38258,"comment_status":"open","ping_status":"open","sticky":false,"template":"","format":"image","meta":{"_jetpack_memberships_contains_paid_content":false,"footnotes":"","jetpack_publicize_message":"","jetpack_publicize_feature_enabled":true,"jetpack_social_post_already_shared":true,"jetpack_social_options":{"image_generator_settings":{"template":"highway","default_image_id":0,"enabled":false},"version":2}},"categories":[8,1,2,7,3],"tags":[903,20,19,8653,8777,1570,8585],"class_list":["post-41452","post","type-post","status-publish","format-image","has-post-thumbnail","hentry","category-deliberando","category-diario-armstrong","category-locales","category-politica","category-region","tag-area","tag-armstrong","tag-de","tag-informe-2","tag-lic-graciela-de-la-casa","tag-orden","tag-publico-2","post_format-post-format-image"],"jetpack_publicize_connections":[],"jetpack_featured_media_url":"https:\/\/armstrongyregion.com.ar\/diario\/wp-content\/uploads\/2023\/04\/informe_orden_publico.jpg","jetpack_shortlink":"https:\/\/wp.me\/p62QDO-aMA","jetpack_sharing_enabled":true,"amp_enabled":true,"_links":{"self":[{"href":"https:\/\/armstrongyregion.com.ar\/diario\/wp-json\/wp\/v2\/posts\/41452","targetHints":{"allow":["GET"]}}],"collection":[{"href":"https:\/\/armstrongyregion.com.ar\/diario\/wp-json\/wp\/v2\/posts"}],"about":[{"href":"https:\/\/armstrongyregion.com.ar\/diario\/wp-json\/wp\/v2\/types\/post"}],"author":[{"embeddable":true,"href":"https:\/\/armstrongyregion.com.ar\/diario\/wp-json\/wp\/v2\/users\/1"}],"replies":[{"embeddable":true,"href":"https:\/\/armstrongyregion.com.ar\/diario\/wp-json\/wp\/v2\/comments?post=41452"}],"version-history":[{"count":1,"href":"https:\/\/armstrongyregion.com.ar\/diario\/wp-json\/wp\/v2\/posts\/41452\/revisions"}],"predecessor-version":[{"id":41453,"href":"https:\/\/armstrongyregion.com.ar\/diario\/wp-json\/wp\/v2\/posts\/41452\/revisions\/41453"}],"wp:featuredmedia":[{"embeddable":true,"href":"https:\/\/armstrongyregion.com.ar\/diario\/wp-json\/wp\/v2\/media\/38258"}],"wp:attachment":[{"href":"https:\/\/armstrongyregion.com.ar\/diario\/wp-json\/wp\/v2\/media?parent=41452"}],"wp:term":[{"taxonomy":"category","embeddable":true,"href":"https:\/\/armstrongyregion.com.ar\/diario\/wp-json\/wp\/v2\/categories?post=41452"},{"taxonomy":"post_tag","embeddable":true,"href":"https:\/\/armstrongyregion.com.ar\/diario\/wp-json\/wp\/v2\/tags?post=41452"}],"curies":[{"name":"wp","href":"https:\/\/api.w.org\/{rel}","templated":true}]}}