{"id":41446,"date":"2024-01-21T19:32:24","date_gmt":"2024-01-21T19:32:24","guid":{"rendered":"https:\/\/armstrongyregion.com.ar\/diario\/?p=41446"},"modified":"2024-01-21T19:32:26","modified_gmt":"2024-01-21T19:32:26","slug":"la-agencia-provincial-de-seguridad-vial-recupero-20-vehiculos-en-desuso","status":"publish","type":"post","link":"https:\/\/armstrongyregion.com.ar\/diario\/la-agencia-provincial-de-seguridad-vial-recupero-20-vehiculos-en-desuso\/","title":{"rendered":"La Agencia Provincial de Seguridad Vial recuper\u00f3 20 veh\u00edculos en desuso."},"content":{"rendered":"\n<figure class=\"wp-block-image size-full\"><a href=\"http:\/\/armstrongyregion.com.ar\/diario\/wp-content\/uploads\/2024\/01\/policia-21-1-24-.jpg\"><img loading=\"lazy\" decoding=\"async\" width=\"570\" height=\"320\" src=\"http:\/\/armstrongyregion.com.ar\/diario\/wp-content\/uploads\/2024\/01\/policia-21-1-24-.jpg\" alt=\"\" class=\"wp-image-41447\" srcset=\"https:\/\/armstrongyregion.com.ar\/diario\/wp-content\/uploads\/2024\/01\/policia-21-1-24-.jpg 570w, https:\/\/armstrongyregion.com.ar\/diario\/wp-content\/uploads\/2024\/01\/policia-21-1-24--300x168.jpg 300w\" sizes=\"auto, (max-width: 570px) 100vw, 570px\" \/><\/a><\/figure>\n\n\n\n<h2 class=\"wp-block-heading\">Al asumir la gesti\u00f3n de Maximiliano Pullaro, 89 unidades se encontraban fuera de servicio por diferentes motivos; 20 ya est\u00e1n operativas nuevamente.<\/h2>\n\n\n\n<figure class=\"wp-block-table\"><table><tbody><tr><td>Autoridades de la Agencia Provincial de Seguridad Vial (APSV) afirmaron que en poco m\u00e1s de un mes de gesti\u00f3n llevan recuperados y puestos en funcionamiento 20 veh\u00edculos que se encontraban en absoluto desuso.Luego de una inspecci\u00f3n y registro exhaustivo de los autom\u00f3viles pertenecientes al organismo, se logr\u00f3 constatar que de los 149 veh\u00edculos, 89 se encontraban fuera de servicio por distintos motivos.A partir de all\u00ed, se comenz\u00f3 a trabajar sobre la inmediata puesta en funcionamiento, con la premisa de que se trata de recursos fundamentales para reforzar las tareas de control y prevenci\u00f3n en rutas de Santa Fe, especialmente con el Operativo Verano en marcha.Entre las reparaciones que debieron realizarse se destacan la reparaci\u00f3n de tren delantero, cambio de cubiertas, alineaci\u00f3n y balanceo, frenos, los servicios de cambio de aceite y filtros y otras intervenciones espec\u00edficas a cada veh\u00edculo.Al respecto, el director de Coordinaci\u00f3n Interjurisdiccional de la APSV, Mauro Bertorino, remarc\u00f3 que \u201cdesde el primer d\u00eda de gesti\u00f3n, el ministro de Justicia y Seguridad, Pablo Cococcioni, nos instruy\u00f3 la puesta a punto de todos los recursos de la Polic\u00eda de Seguridad vial a fin de reforzar las pol\u00edticas de control y prevenci\u00f3n en la provincia\u201d.&nbsp;<\/td><td>&nbsp;<\/td><\/tr><\/tbody><\/table><\/figure>\n\n\n\n<figure class=\"wp-block-table\"><table><tbody><tr><td>&nbsp;<\/td><td>&nbsp;<\/td><\/tr><\/tbody><\/table><\/figure>\n","protected":false},"excerpt":{"rendered":"<p>La Agencia Provincial de Seguridad Vial recuper\u00f3 20 veh\u00edculos en desuso.<\/p>\n","protected":false},"author":1,"featured_media":41447,"comment_status":"open","ping_status":"open","sticky":false,"template":"","format":"image","meta":{"_jetpack_memberships_contains_paid_content":false,"footnotes":"","jetpack_publicize_message":"","jetpack_publicize_feature_enabled":true,"jetpack_social_post_already_shared":true,"jetpack_social_options":{"image_generator_settings":{"template":"highway","default_image_id":0,"enabled":false},"version":2}},"categories":[8,1,2,2852,3],"tags":[10215,1917,19,10216,15,31,928,10214,10213],"class_list":["post-41446","post","type-post","status-publish","format-image","has-post-thumbnail","hentry","category-deliberando","category-diario-armstrong","category-locales","category-policiales","category-region","tag-20-vehiculos","tag-agencia","tag-de","tag-desuso","tag-en","tag-la","tag-provincial","tag-recupero-2","tag-seguridad-vial","post_format-post-format-image"],"jetpack_publicize_connections":[],"jetpack_featured_media_url":"https:\/\/armstrongyregion.com.ar\/diario\/wp-content\/uploads\/2024\/01\/policia-21-1-24-.jpg","jetpack_shortlink":"https:\/\/wp.me\/p62QDO-aMu","jetpack_sharing_enabled":true,"amp_enabled":true,"_links":{"self":[{"href":"https:\/\/armstrongyregion.com.ar\/diario\/wp-json\/wp\/v2\/posts\/41446","targetHints":{"allow":["GET"]}}],"collection":[{"href":"https:\/\/armstrongyregion.com.ar\/diario\/wp-json\/wp\/v2\/posts"}],"about":[{"href":"https:\/\/armstrongyregion.com.ar\/diario\/wp-json\/wp\/v2\/types\/post"}],"author":[{"embeddable":true,"href":"https:\/\/armstrongyregion.com.ar\/diario\/wp-json\/wp\/v2\/users\/1"}],"replies":[{"embeddable":true,"href":"https:\/\/armstrongyregion.com.ar\/diario\/wp-json\/wp\/v2\/comments?post=41446"}],"version-history":[{"count":1,"href":"https:\/\/armstrongyregion.com.ar\/diario\/wp-json\/wp\/v2\/posts\/41446\/revisions"}],"predecessor-version":[{"id":41448,"href":"https:\/\/armstrongyregion.com.ar\/diario\/wp-json\/wp\/v2\/posts\/41446\/revisions\/41448"}],"wp:featuredmedia":[{"embeddable":true,"href":"https:\/\/armstrongyregion.com.ar\/diario\/wp-json\/wp\/v2\/media\/41447"}],"wp:attachment":[{"href":"https:\/\/armstrongyregion.com.ar\/diario\/wp-json\/wp\/v2\/media?parent=41446"}],"wp:term":[{"taxonomy":"category","embeddable":true,"href":"https:\/\/armstrongyregion.com.ar\/diario\/wp-json\/wp\/v2\/categories?post=41446"},{"taxonomy":"post_tag","embeddable":true,"href":"https:\/\/armstrongyregion.com.ar\/diario\/wp-json\/wp\/v2\/tags?post=41446"}],"curies":[{"name":"wp","href":"https:\/\/api.w.org\/{rel}","templated":true}]}}