{"id":4144,"date":"2015-09-20T19:14:51","date_gmt":"2015-09-20T19:14:51","guid":{"rendered":"https:\/\/armstrongyregion.com.ar\/diario\/?p=4144"},"modified":"2015-09-20T19:20:12","modified_gmt":"2015-09-20T19:20:12","slug":"lunes-21-la-primavera-llega-a-plaza-flotron","status":"publish","type":"post","link":"https:\/\/armstrongyregion.com.ar\/diario\/lunes-21-la-primavera-llega-a-plaza-flotron\/","title":{"rendered":"Lunes 21, la primavera llega a Plaza Flotron"},"content":{"rendered":"<p><img loading=\"lazy\" decoding=\"async\" class=\"alignnone size-medium wp-image-4145\" src=\"http:\/\/armstrongyregion.com.ar\/diario\/wp-content\/uploads\/2015\/09\/placaprimavera2015-300x211.jpg\" alt=\"placaprimavera2015\" width=\"300\" height=\"211\" srcset=\"https:\/\/armstrongyregion.com.ar\/diario\/wp-content\/uploads\/2015\/09\/placaprimavera2015-300x211.jpg 300w, https:\/\/armstrongyregion.com.ar\/diario\/wp-content\/uploads\/2015\/09\/placaprimavera2015-1024x719.jpg 1024w\" sizes=\"auto, (max-width: 300px) 100vw, 300px\" \/>Como cada 21 de septiembre, el \u00a0Departamento de la Juventud celebra la llegada de la primavera y el d\u00eda del estudiante con un evento para toda la familia. Desde las 15 horas, la Plaza Flotron recibir\u00e1 a las bandas Los Pollos de Julio, Psicoldelia y Nueva Dimensi\u00f3n.<\/p>\n<p>Adem\u00e1s habr\u00e1 juegos, y la jornada quedar\u00e1 coronada con la elecci\u00f3n de la reina y el rey de la primavera. El servicio de buffet estar\u00e1 a cargo de 5\u00ba a\u00f1o de la Escuela N\u00ba 33 \u201cDr. Mariano Moreno\u201d.<\/p>\n<p>En caso de lluvia, el evento quedar\u00e1 suspendido.<\/p>\n","protected":false},"excerpt":{"rendered":"<p>Como cada 21 de septiembre, el \u00a0Departamento de la Juventud celebra la llegada de la primavera y el d\u00eda del estudiante con un evento para toda la familia. Desde las 15 horas, la Plaza Flotron recibir\u00e1 a las bandas Los Pollos de Julio, Psicoldelia y Nueva Dimensi\u00f3n. Adem\u00e1s habr\u00e1 juegos, y la jornada quedar\u00e1 coronada <a href=\"https:\/\/armstrongyregion.com.ar\/diario\/lunes-21-la-primavera-llega-a-plaza-flotron\/\" title=\"Read more\" >&#8230;<\/a><\/p>\n","protected":false},"author":2,"featured_media":4145,"comment_status":"open","ping_status":"open","sticky":false,"template":"","format":"standard","meta":{"_jetpack_memberships_contains_paid_content":false,"footnotes":"","jetpack_publicize_message":"","jetpack_publicize_feature_enabled":true,"jetpack_social_post_already_shared":false,"jetpack_social_options":{"image_generator_settings":{"template":"highway","default_image_id":0,"enabled":false},"version":2}},"categories":[6,1,2],"tags":[20,2769,2771,2770,2772],"class_list":["post-4144","post","type-post","status-publish","format-standard","has-post-thumbnail","hentry","category-cultura-entretenimiento","category-diario-armstrong","category-locales","tag-armstrong","tag-dia-de-la-primavera","tag-la-primavera-llega-a","tag-lunes-21","tag-plaza-flotron"],"jetpack_publicize_connections":[],"jetpack_featured_media_url":"https:\/\/armstrongyregion.com.ar\/diario\/wp-content\/uploads\/2015\/09\/placaprimavera2015.jpg","jetpack_shortlink":"https:\/\/wp.me\/p62QDO-14Q","jetpack_sharing_enabled":true,"amp_enabled":true,"_links":{"self":[{"href":"https:\/\/armstrongyregion.com.ar\/diario\/wp-json\/wp\/v2\/posts\/4144","targetHints":{"allow":["GET"]}}],"collection":[{"href":"https:\/\/armstrongyregion.com.ar\/diario\/wp-json\/wp\/v2\/posts"}],"about":[{"href":"https:\/\/armstrongyregion.com.ar\/diario\/wp-json\/wp\/v2\/types\/post"}],"author":[{"embeddable":true,"href":"https:\/\/armstrongyregion.com.ar\/diario\/wp-json\/wp\/v2\/users\/2"}],"replies":[{"embeddable":true,"href":"https:\/\/armstrongyregion.com.ar\/diario\/wp-json\/wp\/v2\/comments?post=4144"}],"version-history":[{"count":0,"href":"https:\/\/armstrongyregion.com.ar\/diario\/wp-json\/wp\/v2\/posts\/4144\/revisions"}],"wp:featuredmedia":[{"embeddable":true,"href":"https:\/\/armstrongyregion.com.ar\/diario\/wp-json\/wp\/v2\/media\/4145"}],"wp:attachment":[{"href":"https:\/\/armstrongyregion.com.ar\/diario\/wp-json\/wp\/v2\/media?parent=4144"}],"wp:term":[{"taxonomy":"category","embeddable":true,"href":"https:\/\/armstrongyregion.com.ar\/diario\/wp-json\/wp\/v2\/categories?post=4144"},{"taxonomy":"post_tag","embeddable":true,"href":"https:\/\/armstrongyregion.com.ar\/diario\/wp-json\/wp\/v2\/tags?post=4144"}],"curies":[{"name":"wp","href":"https:\/\/api.w.org\/{rel}","templated":true}]}}