{"id":41439,"date":"2024-01-21T19:13:57","date_gmt":"2024-01-21T19:13:57","guid":{"rendered":"https:\/\/armstrongyregion.com.ar\/diario\/?p=41439"},"modified":"2024-01-21T19:13:59","modified_gmt":"2024-01-21T19:13:59","slug":"citan-a-asamblea-para-renovar-el-consejo-de-administracion-del-samco-las-rosas","status":"publish","type":"post","link":"https:\/\/armstrongyregion.com.ar\/diario\/citan-a-asamblea-para-renovar-el-consejo-de-administracion-del-samco-las-rosas\/","title":{"rendered":"Citan a asamblea para renovar el Consejo de Administraci\u00f3n del SAMCo Las Rosas."},"content":{"rendered":"\n<figure class=\"wp-block-image size-full\"><a href=\"http:\/\/armstrongyregion.com.ar\/diario\/wp-content\/uploads\/2023\/05\/Marcos-Di-Santo-.jpg\"><img loading=\"lazy\" decoding=\"async\" width=\"560\" height=\"405\" src=\"http:\/\/armstrongyregion.com.ar\/diario\/wp-content\/uploads\/2023\/05\/Marcos-Di-Santo-.jpg\" alt=\"\" class=\"wp-image-38419\" srcset=\"https:\/\/armstrongyregion.com.ar\/diario\/wp-content\/uploads\/2023\/05\/Marcos-Di-Santo-.jpg 560w, https:\/\/armstrongyregion.com.ar\/diario\/wp-content\/uploads\/2023\/05\/Marcos-Di-Santo--300x217.jpg 300w\" sizes=\"auto, (max-width: 560px) 100vw, 560px\" \/><\/a><\/figure>\n\n\n\n<h2 class=\"wp-block-heading\">Seg\u00fan inform\u00f3 Marcos Di Santo -Secretario Ejecutivo del actual Consejo-, ser\u00e1 el pr\u00f3ximo 6 de febrero, a las 20 horas, en la sala de espera del sector consultorios.<\/h2>\n\n\n\n<p>El pr\u00f3ximo 6 de febrero de 2024, a las 20 horas, en la sala de espera del sector consultorios se realizar\u00e1 la asamblea para renovaci\u00f3n del Consejo de Administraci\u00f3n del SAMCo Las Rosas, seg\u00fan lo comunic\u00f3 Marcos Di Santo, Secretario Ejecutivo del actual Consejo.<\/p>\n\n\n\n<figure class=\"wp-block-image\"><img decoding=\"async\" src=\"https:\/\/lasrosasdigital.com.ar\/download\/multimedia.normal.8d3d0ec8a7979090.YXNhbWJsZWFfbm9ybWFsLndlYnA%3D.webp\" alt=\"asamblea\"\/><\/figure>\n\n\n\n<p>\u00a0Fuente: Las Rosas Digital.<\/p>\n","protected":false},"excerpt":{"rendered":"<p>Citan a asamblea para renovar el Consejo de Administraci\u00f3n del SAMCo Las Rosas.<\/p>\n","protected":false},"author":1,"featured_media":38419,"comment_status":"open","ping_status":"open","sticky":false,"template":"","format":"image","meta":{"_jetpack_memberships_contains_paid_content":false,"footnotes":"","jetpack_publicize_message":"","jetpack_publicize_feature_enabled":true,"jetpack_social_post_already_shared":true,"jetpack_social_options":{"image_generator_settings":{"template":"highway","default_image_id":0,"enabled":false},"version":2}},"categories":[8,1,4,3],"tags":[1346,19,8883,8777,81,10208,54],"class_list":["post-41439","post","type-post","status-publish","format-image","has-post-thumbnail","hentry","category-deliberando","category-diario-armstrong","category-prevencion-salud","category-region","tag-asamblea","tag-de","tag-las-rosas-2","tag-lic-graciela-de-la-casa","tag-para","tag-renovar","tag-samco","post_format-post-format-image"],"jetpack_publicize_connections":[],"jetpack_featured_media_url":"https:\/\/armstrongyregion.com.ar\/diario\/wp-content\/uploads\/2023\/05\/Marcos-Di-Santo-.jpg","jetpack_shortlink":"https:\/\/wp.me\/p62QDO-aMn","jetpack_sharing_enabled":true,"amp_enabled":true,"_links":{"self":[{"href":"https:\/\/armstrongyregion.com.ar\/diario\/wp-json\/wp\/v2\/posts\/41439","targetHints":{"allow":["GET"]}}],"collection":[{"href":"https:\/\/armstrongyregion.com.ar\/diario\/wp-json\/wp\/v2\/posts"}],"about":[{"href":"https:\/\/armstrongyregion.com.ar\/diario\/wp-json\/wp\/v2\/types\/post"}],"author":[{"embeddable":true,"href":"https:\/\/armstrongyregion.com.ar\/diario\/wp-json\/wp\/v2\/users\/1"}],"replies":[{"embeddable":true,"href":"https:\/\/armstrongyregion.com.ar\/diario\/wp-json\/wp\/v2\/comments?post=41439"}],"version-history":[{"count":1,"href":"https:\/\/armstrongyregion.com.ar\/diario\/wp-json\/wp\/v2\/posts\/41439\/revisions"}],"predecessor-version":[{"id":41440,"href":"https:\/\/armstrongyregion.com.ar\/diario\/wp-json\/wp\/v2\/posts\/41439\/revisions\/41440"}],"wp:featuredmedia":[{"embeddable":true,"href":"https:\/\/armstrongyregion.com.ar\/diario\/wp-json\/wp\/v2\/media\/38419"}],"wp:attachment":[{"href":"https:\/\/armstrongyregion.com.ar\/diario\/wp-json\/wp\/v2\/media?parent=41439"}],"wp:term":[{"taxonomy":"category","embeddable":true,"href":"https:\/\/armstrongyregion.com.ar\/diario\/wp-json\/wp\/v2\/categories?post=41439"},{"taxonomy":"post_tag","embeddable":true,"href":"https:\/\/armstrongyregion.com.ar\/diario\/wp-json\/wp\/v2\/tags?post=41439"}],"curies":[{"name":"wp","href":"https:\/\/api.w.org\/{rel}","templated":true}]}}