{"id":41427,"date":"2024-01-19T16:09:19","date_gmt":"2024-01-19T16:09:19","guid":{"rendered":"https:\/\/armstrongyregion.com.ar\/diario\/?p=41427"},"modified":"2024-01-19T16:09:21","modified_gmt":"2024-01-19T16:09:21","slug":"canada-de-gomez-en-alerta-por-posible-cierre-de-boleteria-del-tren-a-rosario","status":"publish","type":"post","link":"https:\/\/armstrongyregion.com.ar\/diario\/canada-de-gomez-en-alerta-por-posible-cierre-de-boleteria-del-tren-a-rosario\/","title":{"rendered":"Ca\u00f1ada de G\u00f3mez en alerta por posible cierre de boleter\u00eda del tren a Rosario."},"content":{"rendered":"\n<figure class=\"wp-block-image size-full\"><a href=\"http:\/\/armstrongyregion.com.ar\/diario\/wp-content\/uploads\/2024\/01\/TREN-CANADA-.jpg\"><img loading=\"lazy\" decoding=\"async\" width=\"645\" height=\"359\" src=\"http:\/\/armstrongyregion.com.ar\/diario\/wp-content\/uploads\/2024\/01\/TREN-CANADA-.jpg\" alt=\"\" class=\"wp-image-41428\" srcset=\"https:\/\/armstrongyregion.com.ar\/diario\/wp-content\/uploads\/2024\/01\/TREN-CANADA-.jpg 645w, https:\/\/armstrongyregion.com.ar\/diario\/wp-content\/uploads\/2024\/01\/TREN-CANADA--300x167.jpg 300w\" sizes=\"auto, (max-width: 645px) 100vw, 645px\" \/><\/a><\/figure>\n\n\n\n<h2 class=\"wp-block-heading\">La ex intendenta\u00a0y actual concejala Stella Clerici se hizo eco de los trascendidos de inminente cierre\u00a0y pidi\u00f3 que Naci\u00f3n mantenga la venta de pasajes en forma f\u00edsica. Dijo que\u00a0se trata de un servicio que se usa \u201cmuch\u00edsimo\u201d y que la compra digital comprende \u201cdificultades\u201d para una franja poblacional<\/h2>\n\n\n\n<p>El<strong>\u00a0tren metropolitano Rosario-Ca\u00f1ada de G\u00f3mez\u00a0<\/strong>volvi\u00f3 a<strong>\u00a0funcionar en agosto de 2022<\/strong>\u00a0y poco m\u00e1s de un a\u00f1o despu\u00e9s hay rumores de que la boleter\u00eda ca\u00f1adense cerrar\u00e1 a partir de febrero. La ex intendenta y actual concejala de esa ciudad Stella Clerici se hizo eco de estos trascendidos y<strong>\u00a0pidi\u00f3 que Naci\u00f3n mantenga la venta de pasajes en forma f\u00edsica<\/strong>, puesto que se trata de un servicio que, dijo, se usa \u201cmuch\u00edsimo\u201d y que la compra digital comprende<strong>\u00a0\u201cdificultades\u201d para una franja poblacional<\/strong>.<\/p>\n\n\n\n<p>\u201cTeniendo en cuenta que lo que consideramos inversiones lo plantean como un gasto,\u00a0<strong>vamos a insistir que se mantenga el tren<\/strong>\u00a0y las frecuencias\u201d, plante\u00f3 Clerici, en una clara referencia a la postura del gobierno nacional que, sin entrar en precisiones, anunci\u00f3 inminentes privatizaciones en el sistema ferroviario.<\/p>\n\n\n\n<p>En la sesi\u00f3n de ediles ca\u00f1adense de este jueves Clerici present\u00f3 un proyecto de resoluci\u00f3n dirigido<strong>\u00a0al legislador nacional Diego Giuliano<\/strong>, que en su labor como ministro de Trasporte \u201cescuch\u00f3 el reclamo de Ca\u00f1ada de G\u00f3mez\u201d y por su gesti\u00f3n posibilit\u00f3 el regreso del tren a Rosario, que de lunes a viernes posee tres frecuencias (5.20; 17.20; 23.15) y en poco m\u00e1s de dos horas atraviesa las estaciones de Correa, Carcara\u00f1\u00e1, San Ger\u00f3nimo, Rold\u00e1n, Funes y las estaciones rosarinas Ant\u00e1rtida Argentina y Rosario Norte.<\/p>\n\n\n\n<p>\u201cHay alrededor de cien personas que a diario van y vienen con los distintos servicios fuera del periodo escolar\u201d, asegur\u00f3 Clerici en di\u00e1logo con&nbsp;<em>Diario Visi\u00f3n<\/em>. Ello, dijo,<strong>&nbsp;se duplica durante los meses de cursado<\/strong>.<\/p>\n\n\n\n<p>\u201cEl precio es de una proporci\u00f3n de\u00a0<strong>diez a uno respecto del colectivo<\/strong>\u00a0que no solo es m\u00e1s caro, sino que cada vez m\u00e1s se reducen las frecuencias\u201d, plante\u00f3 la concejala.<\/p>\n\n\n\n<p>Actualmente el viaje Ca\u00f1ada de G\u00f3mez-Rosario cuesta la m\u00f3dica suma de&nbsp;<strong>260 pesos<\/strong>.<\/p>\n\n\n\n<figure class=\"wp-block-image\"><img decoding=\"async\" src=\"https:\/\/www.rosario3.com\/export\/sites\/rosario3\/img\/2024\/01\/18\/ternes_1.jpg_1875441699.jpg\" alt=\"\" title=\"\"\/><figcaption class=\"wp-element-caption\">Fuente: Trenes Argentinos<\/figcaption><\/figure>\n\n\n\n<figure class=\"wp-block-image\"><img decoding=\"async\" src=\"https:\/\/www.rosario3.com\/export\/sites\/rosario3\/img\/2024\/01\/18\/ternes_2.jpg_1822801002.jpg\" alt=\"\" title=\"\"\/><figcaption class=\"wp-element-caption\">Fuente: Trenes Argentinos.<\/figcaption><\/figure>\n\n\n\n<p>\u201cEl tren hist\u00f3ricamente fue un baluarte de Ca\u00f1ada y esta zona, es una cuesti\u00f3n hist\u00f3rico-fundadora. Y ahora nos encontramos con la noticia de que se prev\u00e9, para fin de mes, cerrar la boleter\u00eda\u201d, advirti\u00f3 sobre este fantasma que surgi\u00f3 esta semana.<strong>\u00a0Quedar\u00eda como alternativa es la compra online<\/strong>, \u201cpero hay mucha gente que tiene dificultades\u201d, detall\u00f3 la edila.<\/p>\n\n\n\n<p>Rosario3.Com<\/p>\n","protected":false},"excerpt":{"rendered":"<p>Ca\u00f1ada de G\u00f3mez en alerta por posible cierre de boleter\u00eda del tren a Rosario.<\/p>\n","protected":false},"author":1,"featured_media":41428,"comment_status":"open","ping_status":"open","sticky":false,"template":"","format":"image","meta":{"_jetpack_memberships_contains_paid_content":false,"footnotes":"","jetpack_publicize_message":"","jetpack_publicize_feature_enabled":true,"jetpack_social_post_already_shared":true,"jetpack_social_options":{"image_generator_settings":{"template":"highway","default_image_id":0,"enabled":false},"version":2}},"categories":[8,1,2,7,3],"tags":[33,230,10203,420,334,53,15,8777,60,1241,8588,3136],"class_list":["post-41427","post","type-post","status-publish","format-image","has-post-thumbnail","hentry","category-deliberando","category-diario-armstrong","category-locales","category-politica","category-region","tag-a","tag-alerta","tag-boleteria","tag-canada-de-gomez","tag-cierre","tag-del","tag-en","tag-lic-graciela-de-la-casa","tag-por","tag-posible","tag-rosario-2","tag-tren","post_format-post-format-image"],"jetpack_publicize_connections":[],"jetpack_featured_media_url":"https:\/\/armstrongyregion.com.ar\/diario\/wp-content\/uploads\/2024\/01\/TREN-CANADA-.jpg","jetpack_shortlink":"https:\/\/wp.me\/p62QDO-aMb","jetpack_sharing_enabled":true,"amp_enabled":true,"_links":{"self":[{"href":"https:\/\/armstrongyregion.com.ar\/diario\/wp-json\/wp\/v2\/posts\/41427","targetHints":{"allow":["GET"]}}],"collection":[{"href":"https:\/\/armstrongyregion.com.ar\/diario\/wp-json\/wp\/v2\/posts"}],"about":[{"href":"https:\/\/armstrongyregion.com.ar\/diario\/wp-json\/wp\/v2\/types\/post"}],"author":[{"embeddable":true,"href":"https:\/\/armstrongyregion.com.ar\/diario\/wp-json\/wp\/v2\/users\/1"}],"replies":[{"embeddable":true,"href":"https:\/\/armstrongyregion.com.ar\/diario\/wp-json\/wp\/v2\/comments?post=41427"}],"version-history":[{"count":2,"href":"https:\/\/armstrongyregion.com.ar\/diario\/wp-json\/wp\/v2\/posts\/41427\/revisions"}],"predecessor-version":[{"id":41430,"href":"https:\/\/armstrongyregion.com.ar\/diario\/wp-json\/wp\/v2\/posts\/41427\/revisions\/41430"}],"wp:featuredmedia":[{"embeddable":true,"href":"https:\/\/armstrongyregion.com.ar\/diario\/wp-json\/wp\/v2\/media\/41428"}],"wp:attachment":[{"href":"https:\/\/armstrongyregion.com.ar\/diario\/wp-json\/wp\/v2\/media?parent=41427"}],"wp:term":[{"taxonomy":"category","embeddable":true,"href":"https:\/\/armstrongyregion.com.ar\/diario\/wp-json\/wp\/v2\/categories?post=41427"},{"taxonomy":"post_tag","embeddable":true,"href":"https:\/\/armstrongyregion.com.ar\/diario\/wp-json\/wp\/v2\/tags?post=41427"}],"curies":[{"name":"wp","href":"https:\/\/api.w.org\/{rel}","templated":true}]}}