{"id":41416,"date":"2024-01-19T15:40:14","date_gmt":"2024-01-19T15:40:14","guid":{"rendered":"https:\/\/armstrongyregion.com.ar\/diario\/?p=41416"},"modified":"2024-01-19T15:40:16","modified_gmt":"2024-01-19T15:40:16","slug":"gabriel-bertino-presento-su-equipaje-de-mano-en-bilbao","status":"publish","type":"post","link":"https:\/\/armstrongyregion.com.ar\/diario\/gabriel-bertino-presento-su-equipaje-de-mano-en-bilbao\/","title":{"rendered":"Gabriel Bertino present\u00f3 su \u201cEquipaje de mano\u201d en Bilbao."},"content":{"rendered":"\n<figure class=\"wp-block-image size-full\"><a href=\"http:\/\/armstrongyregion.com.ar\/diario\/wp-content\/uploads\/2024\/01\/gabriel-1-.jpg\"><img loading=\"lazy\" decoding=\"async\" width=\"540\" height=\"404\" src=\"http:\/\/armstrongyregion.com.ar\/diario\/wp-content\/uploads\/2024\/01\/gabriel-1-.jpg\" alt=\"\" class=\"wp-image-41417\" srcset=\"https:\/\/armstrongyregion.com.ar\/diario\/wp-content\/uploads\/2024\/01\/gabriel-1-.jpg 540w, https:\/\/armstrongyregion.com.ar\/diario\/wp-content\/uploads\/2024\/01\/gabriel-1--300x224.jpg 300w\" sizes=\"auto, (max-width: 540px) 100vw, 540px\" \/><\/a><\/figure>\n\n\n\n<h2 class=\"wp-block-heading\">El ex intendente monteoquino retom\u00f3 la escritura y edit\u00f3 su segunda obra de poes\u00eda que present\u00f3 esta semana en Bilbao, Espa\u00f1a.<\/h2>\n\n\n\n<figure class=\"wp-block-image size-full\"><a href=\"http:\/\/armstrongyregion.com.ar\/diario\/wp-content\/uploads\/2024\/01\/gabriel-2-.jpg\"><img loading=\"lazy\" decoding=\"async\" width=\"400\" height=\"400\" src=\"http:\/\/armstrongyregion.com.ar\/diario\/wp-content\/uploads\/2024\/01\/gabriel-2-.jpg\" alt=\"\" class=\"wp-image-41418\" srcset=\"https:\/\/armstrongyregion.com.ar\/diario\/wp-content\/uploads\/2024\/01\/gabriel-2-.jpg 400w, https:\/\/armstrongyregion.com.ar\/diario\/wp-content\/uploads\/2024\/01\/gabriel-2--300x300.jpg 300w, https:\/\/armstrongyregion.com.ar\/diario\/wp-content\/uploads\/2024\/01\/gabriel-2--150x150.jpg 150w\" sizes=\"auto, (max-width: 400px) 100vw, 400px\" \/><\/a><\/figure>\n\n\n\n<p>Se trata de una compilaci\u00f3n de poes\u00edas de su autor\u00eda.<\/p>\n\n\n\n<figure class=\"wp-block-image size-full\"><a href=\"http:\/\/armstrongyregion.com.ar\/diario\/wp-content\/uploads\/2024\/01\/gabriel-3-.jpg\"><img loading=\"lazy\" decoding=\"async\" width=\"532\" height=\"462\" src=\"http:\/\/armstrongyregion.com.ar\/diario\/wp-content\/uploads\/2024\/01\/gabriel-3-.jpg\" alt=\"\" class=\"wp-image-41419\" srcset=\"https:\/\/armstrongyregion.com.ar\/diario\/wp-content\/uploads\/2024\/01\/gabriel-3-.jpg 532w, https:\/\/armstrongyregion.com.ar\/diario\/wp-content\/uploads\/2024\/01\/gabriel-3--300x261.jpg 300w\" sizes=\"auto, (max-width: 532px) 100vw, 532px\" \/><\/a><\/figure>\n\n\n\n<p>\u201cLa poes\u00eda permite volcar al lector una gran cantidad de vivencias, emociones y contenido en un texto mucho m\u00e1s breve y contundente que la prosa\u201d explic\u00f3 al momento de ser consultado sobre el porqu\u00e9 del formato.<\/p>\n\n\n\n<p>La presentaci\u00f3n en Bilbao se suma a las de Rosario y su Montes de Oca natal, lo que agrega m\u00e1s vivencias a su arte, cada lugar tiene un significado especial para el autor, Montes de Oca su patria chica en el mundo, Rosario la formaci\u00f3n acad\u00e9mica y donde madur\u00f3 su predilecci\u00f3n por la literatura, y Bilbao ciudad en la que parte importante de su familia eligi\u00f3 vivir, consecuentemente, con la que guarda fuertes lazos de sangre.<\/p>\n\n\n\n<p>Fuente: Radio San Genaro.<\/p>\n","protected":false},"excerpt":{"rendered":"<p>Gabriel Bertino present\u00f3 su \u201cEquipaje de mano\u201d en Bilbao.<\/p>\n","protected":false},"author":1,"featured_media":41419,"comment_status":"open","ping_status":"open","sticky":false,"template":"","format":"image","meta":{"_jetpack_memberships_contains_paid_content":false,"footnotes":"","jetpack_publicize_message":"","jetpack_publicize_feature_enabled":true,"jetpack_social_post_already_shared":true,"jetpack_social_options":{"image_generator_settings":{"template":"highway","default_image_id":0,"enabled":false},"version":2}},"categories":[6,8,1,2,7,3],"tags":[19,10201,10200,8777,2968,25,35],"class_list":["post-41416","post","type-post","status-publish","format-image","has-post-thumbnail","hentry","category-cultura-entretenimiento","category-deliberando","category-diario-armstrong","category-locales","category-politica","category-region","tag-de","tag-equipaje","tag-gabriel-bertino","tag-lic-graciela-de-la-casa","tag-mano","tag-presento","tag-su","post_format-post-format-image"],"jetpack_publicize_connections":[],"jetpack_featured_media_url":"https:\/\/armstrongyregion.com.ar\/diario\/wp-content\/uploads\/2024\/01\/gabriel-3-.jpg","jetpack_shortlink":"https:\/\/wp.me\/p62QDO-aM0","jetpack_sharing_enabled":true,"amp_enabled":true,"_links":{"self":[{"href":"https:\/\/armstrongyregion.com.ar\/diario\/wp-json\/wp\/v2\/posts\/41416","targetHints":{"allow":["GET"]}}],"collection":[{"href":"https:\/\/armstrongyregion.com.ar\/diario\/wp-json\/wp\/v2\/posts"}],"about":[{"href":"https:\/\/armstrongyregion.com.ar\/diario\/wp-json\/wp\/v2\/types\/post"}],"author":[{"embeddable":true,"href":"https:\/\/armstrongyregion.com.ar\/diario\/wp-json\/wp\/v2\/users\/1"}],"replies":[{"embeddable":true,"href":"https:\/\/armstrongyregion.com.ar\/diario\/wp-json\/wp\/v2\/comments?post=41416"}],"version-history":[{"count":2,"href":"https:\/\/armstrongyregion.com.ar\/diario\/wp-json\/wp\/v2\/posts\/41416\/revisions"}],"predecessor-version":[{"id":41421,"href":"https:\/\/armstrongyregion.com.ar\/diario\/wp-json\/wp\/v2\/posts\/41416\/revisions\/41421"}],"wp:featuredmedia":[{"embeddable":true,"href":"https:\/\/armstrongyregion.com.ar\/diario\/wp-json\/wp\/v2\/media\/41419"}],"wp:attachment":[{"href":"https:\/\/armstrongyregion.com.ar\/diario\/wp-json\/wp\/v2\/media?parent=41416"}],"wp:term":[{"taxonomy":"category","embeddable":true,"href":"https:\/\/armstrongyregion.com.ar\/diario\/wp-json\/wp\/v2\/categories?post=41416"},{"taxonomy":"post_tag","embeddable":true,"href":"https:\/\/armstrongyregion.com.ar\/diario\/wp-json\/wp\/v2\/tags?post=41416"}],"curies":[{"name":"wp","href":"https:\/\/api.w.org\/{rel}","templated":true}]}}