{"id":41413,"date":"2024-01-18T16:42:17","date_gmt":"2024-01-18T16:42:17","guid":{"rendered":"https:\/\/armstrongyregion.com.ar\/diario\/?p=41413"},"modified":"2024-01-18T16:42:19","modified_gmt":"2024-01-18T16:42:19","slug":"provincia-continua-con-las-gestiones-ante-nacion-para-proteger-a-la-produccion-santafesina","status":"publish","type":"post","link":"https:\/\/armstrongyregion.com.ar\/diario\/provincia-continua-con-las-gestiones-ante-nacion-para-proteger-a-la-produccion-santafesina\/","title":{"rendered":"Provincia contin\u00faa con las gestiones ante Naci\u00f3n para proteger a la producci\u00f3n santafesina."},"content":{"rendered":"\n<figure class=\"wp-block-image size-full\"><a href=\"http:\/\/armstrongyregion.com.ar\/diario\/wp-content\/uploads\/2024\/01\/PRODUCC.SANTAFESINA.jpg\"><img loading=\"lazy\" decoding=\"async\" width=\"400\" height=\"267\" src=\"http:\/\/armstrongyregion.com.ar\/diario\/wp-content\/uploads\/2024\/01\/PRODUCC.SANTAFESINA.jpg\" alt=\"\" class=\"wp-image-41414\" srcset=\"https:\/\/armstrongyregion.com.ar\/diario\/wp-content\/uploads\/2024\/01\/PRODUCC.SANTAFESINA.jpg 400w, https:\/\/armstrongyregion.com.ar\/diario\/wp-content\/uploads\/2024\/01\/PRODUCC.SANTAFESINA-300x200.jpg 300w\" sizes=\"auto, (max-width: 400px) 100vw, 400px\" \/><\/a><\/figure>\n\n\n\n<h2 class=\"wp-block-heading\">Durante la reuni\u00f3n de Gabinete, el gobernador Maximiliano Pullaro y sus ministros analizaron \u201cel impacto del DNU y del proyecto de ley \u2018\u00d3mnibus\u2019 en la producci\u00f3n santafesina\u201d, detall\u00f3 el secretario General, Juan Cruz C\u00e1ndido al t\u00e9rmino del encuentro.<\/h2>\n\n\n\n<p>El gobernador Maximiliano Pullaro encabez\u00f3 este mi\u00e9rcoles una nueva reuni\u00f3n del Gabinete provincial en el Sal\u00f3n Protocolar de la Casa de Gobierno, en la ciudad de Santa Fe, con la participaci\u00f3n de todos los ministros y secretarios.<\/p>\n\n\n\n<p>Luego del encuentro, el secretario General de la provincia, Juan Cruz C\u00e1ndido, explic\u00f3 que analizaron \u201cel impacto que pueden llegar a tener las medidas del DNU, como del proyecto de ley conocido como \u2018\u00d3mnibus\u2019, para nuestra provincia. Adem\u00e1s se informaron sobre las gestiones que se vienen haciendo para intentar proteger a la producci\u00f3n santafesina frente al aumento de retenciones o ante modificaciones y desregulaciones, por ejemplo, de biocombustibles\u201d.<\/p>\n\n\n\n<p>\u201cHay un trabajo muy fuerte del Ministerio de Desarrollo Productivo y del gobernador, junto con otras provincias, en Buenos Aires, para intentar que se hagan las modificaciones necesarias para proteger a nuestra producci\u00f3n\u201d, indic\u00f3 el secretario General; y precis\u00f3 que \u201cestas gestiones fueron positivas porque el Poder Ejecutivo Nacional ha expresado la voluntad de hacer modificaciones en el proyecto. Entendemos que vamos a tener que trabajar, de aqu\u00ed hasta que se elaboren los dict\u00e1menes de las comisiones legislativas, para que se vean plasmados estos reclamos de Santa Fe\u201d.<\/p>\n\n\n\n<p><strong>Recursos provinciales<\/strong><br>Por \u00faltimo, C\u00e1ndido se refiri\u00f3 a los avances en la paritaria docente y destac\u00f3 que \u201cpor primera vez en nuestra provincia se inici\u00f3 en el mes de enero, y viene trabajando tambi\u00e9n los equipos t\u00e9cnicos. Esto se desarrolla en un contexto de muchas restricciones donde sabemos que est\u00e1 cayendo la recaudaci\u00f3n provincial\u201d.<\/p>\n\n\n\n<p>\u201cEl Gobierno puede cumplir con la voluntad de mejorar el salario de los trabajadores del Estado pero teniendo en cuenta la capacidad limitada que ofrecen las cuentas provinciales que, en este contexto nacional, se ven muy perjudicadas. Nuestro gobierno est\u00e1 haciendo un esfuerzo importante en materia de austeridad y de eficiencia de los recursos\u201d, concluy\u00f3.<\/p>\n","protected":false},"excerpt":{"rendered":"<p>Provincia contin\u00faa con las gestiones ante Naci\u00f3n para proteger a la producci\u00f3n santafesina.<\/p>\n","protected":false},"author":1,"featured_media":41414,"comment_status":"open","ping_status":"open","sticky":false,"template":"","format":"image","meta":{"_jetpack_memberships_contains_paid_content":false,"footnotes":"","jetpack_publicize_message":"","jetpack_publicize_feature_enabled":true,"jetpack_social_post_already_shared":true,"jetpack_social_options":{"image_generator_settings":{"template":"highway","default_image_id":0,"enabled":false},"version":2}},"categories":[8,1,2,7,3],"tags":[9717,10199,1306,9346,10057,8640],"class_list":["post-41413","post","type-post","status-publish","format-image","has-post-thumbnail","hentry","category-deliberando","category-diario-armstrong","category-locales","category-politica","category-region","tag-continua-2","tag-en-nacion","tag-gestiones","tag-graciela-de-la-casa","tag-lic-2","tag-provincia-2","post_format-post-format-image"],"jetpack_publicize_connections":[],"jetpack_featured_media_url":"https:\/\/armstrongyregion.com.ar\/diario\/wp-content\/uploads\/2024\/01\/PRODUCC.SANTAFESINA.jpg","jetpack_shortlink":"https:\/\/wp.me\/p62QDO-aLX","jetpack_sharing_enabled":true,"amp_enabled":true,"_links":{"self":[{"href":"https:\/\/armstrongyregion.com.ar\/diario\/wp-json\/wp\/v2\/posts\/41413","targetHints":{"allow":["GET"]}}],"collection":[{"href":"https:\/\/armstrongyregion.com.ar\/diario\/wp-json\/wp\/v2\/posts"}],"about":[{"href":"https:\/\/armstrongyregion.com.ar\/diario\/wp-json\/wp\/v2\/types\/post"}],"author":[{"embeddable":true,"href":"https:\/\/armstrongyregion.com.ar\/diario\/wp-json\/wp\/v2\/users\/1"}],"replies":[{"embeddable":true,"href":"https:\/\/armstrongyregion.com.ar\/diario\/wp-json\/wp\/v2\/comments?post=41413"}],"version-history":[{"count":1,"href":"https:\/\/armstrongyregion.com.ar\/diario\/wp-json\/wp\/v2\/posts\/41413\/revisions"}],"predecessor-version":[{"id":41415,"href":"https:\/\/armstrongyregion.com.ar\/diario\/wp-json\/wp\/v2\/posts\/41413\/revisions\/41415"}],"wp:featuredmedia":[{"embeddable":true,"href":"https:\/\/armstrongyregion.com.ar\/diario\/wp-json\/wp\/v2\/media\/41414"}],"wp:attachment":[{"href":"https:\/\/armstrongyregion.com.ar\/diario\/wp-json\/wp\/v2\/media?parent=41413"}],"wp:term":[{"taxonomy":"category","embeddable":true,"href":"https:\/\/armstrongyregion.com.ar\/diario\/wp-json\/wp\/v2\/categories?post=41413"},{"taxonomy":"post_tag","embeddable":true,"href":"https:\/\/armstrongyregion.com.ar\/diario\/wp-json\/wp\/v2\/tags?post=41413"}],"curies":[{"name":"wp","href":"https:\/\/api.w.org\/{rel}","templated":true}]}}