{"id":41400,"date":"2024-01-17T15:58:24","date_gmt":"2024-01-17T15:58:24","guid":{"rendered":"https:\/\/armstrongyregion.com.ar\/diario\/?p=41400"},"modified":"2024-01-17T15:58:27","modified_gmt":"2024-01-17T15:58:27","slug":"medidas-sanitarias-ante-un-caso-fatal-de-enfermedad-meningococica","status":"publish","type":"post","link":"https:\/\/armstrongyregion.com.ar\/diario\/medidas-sanitarias-ante-un-caso-fatal-de-enfermedad-meningococica\/","title":{"rendered":"Medidas sanitarias ante un caso fatal de enfermedad meningoc\u00f3cica."},"content":{"rendered":"\n<figure class=\"wp-block-image size-full\"><a href=\"http:\/\/armstrongyregion.com.ar\/diario\/wp-content\/uploads\/2024\/01\/meningitis-.jpg\"><img loading=\"lazy\" decoding=\"async\" width=\"380\" height=\"267\" src=\"http:\/\/armstrongyregion.com.ar\/diario\/wp-content\/uploads\/2024\/01\/meningitis-.jpg\" alt=\"\" class=\"wp-image-41405\" srcset=\"https:\/\/armstrongyregion.com.ar\/diario\/wp-content\/uploads\/2024\/01\/meningitis-.jpg 380w, https:\/\/armstrongyregion.com.ar\/diario\/wp-content\/uploads\/2024\/01\/meningitis--300x211.jpg 300w\" sizes=\"auto, (max-width: 380px) 100vw, 380px\" \/><\/a><\/figure>\n\n\n\n<h2 class=\"wp-block-heading\">Ante la confirmaci\u00f3n por laboratorio de la causa de fallecimiento de una ni\u00f1a de 9&nbsp;a\u00f1os en San Justo, se definieron medidas preventivas en esa localidad.<\/h2>\n\n\n\n<figure class=\"wp-block-table\"><table><tbody><tr><td>El Ministerio de Salud informa que se ha presentado un caso fatal de enfermedad meningoc\u00f3cica. Se trata de una ni\u00f1a de 9&nbsp;a\u00f1os residente en San Justo que ingres\u00f3 a un sanatorio privado de la ciudad de Santa Fe en el d\u00eda de ayer, con cuadro compatible de infecci\u00f3n generalizada. Los resultados de las muestras de laboratorio confirmaron hoy que el agente responsable es la bacteria meningococo.Frente a esta situaci\u00f3n las autoridades sanitarias han definido las siguientes acciones:* Indicar medicaci\u00f3n preventiva (antibi\u00f3ticos v\u00eda oral o inyectables) a todos los contactos familiares y cercanos para eliminar a los portadores de meningococo y evitar la aparici\u00f3n de casos secundarios.* Indicar pautas de alarma y control por el m\u00e9dico de cabecera frente a cuadros febriles de los contactos.<br>* Recomendar la consulta a quienes hubieran estado en contacto con la paciente una semana previa al inicio de los s\u00edntomas.<br><br><strong>\u00bfQu\u00e9 es el Meningococo?<\/strong><br>El meningococo es una bacteria que puede producir distintas enfermedades, entre ellas cuadros graves como infecci\u00f3n generalizada (meningococemia) y meningitis. En esos casos suele tener comienzo brusco, con fiebre, escalofr\u00edos, malestar general y lesiones en piel. La progresi\u00f3n de la enfermedad es r\u00e1pida.El \u00fanico reservorio es humano. Se encuentra en la nasofaringe de la poblaci\u00f3n no causando enfermedad (estado de portador). Se transmite de persona a persona, a trav\u00e9s de las secreciones respiratorias de un portador asintom\u00e1tico o de un enfermo. Las infecciones virales previas favorecen su aparici\u00f3n.La meningitis o enfermedad meningoc\u00f3cica diagnosticada y tratada en forma precoz puede curarse. Es importante consultar en forma urgente al efector de salud m\u00e1s cercano ante la presencia de cuadros febriles acompa\u00f1ados con manchas en la piel. Es importante recordar que existen vacunas disponibles, pero la indicaci\u00f3n depende de la edad del ni\u00f1o\/a, del tipo de meningococo que se identifique.&nbsp;<\/td><td>&nbsp;<\/td><\/tr><\/tbody><\/table><\/figure>\n\n\n\n<figure class=\"wp-block-table\"><table><tbody><tr><td>&nbsp;<\/td><td>&nbsp;<\/td><\/tr><\/tbody><\/table><\/figure>\n","protected":false},"excerpt":{"rendered":"<p>Ante la confirmaci\u00f3n por laboratorio de la causa de fallecimiento de una ni\u00f1a de 9&nbsp;a\u00f1os en San Justo, se definieron medidas preventivas en esa localidad. El Ministerio de Salud informa que se ha presentado un caso fatal de enfermedad meningoc\u00f3cica. Se trata de una ni\u00f1a de 9&nbsp;a\u00f1os residente en San Justo que ingres\u00f3 a un <a href=\"https:\/\/armstrongyregion.com.ar\/diario\/medidas-sanitarias-ante-un-caso-fatal-de-enfermedad-meningococica\/\" title=\"Read more\" >&#8230;<\/a><\/p>\n","protected":false},"author":1,"featured_media":41405,"comment_status":"open","ping_status":"open","sticky":false,"template":"","format":"image","meta":{"_jetpack_memberships_contains_paid_content":false,"footnotes":"","jetpack_publicize_message":"","jetpack_publicize_feature_enabled":true,"jetpack_social_post_already_shared":true,"jetpack_social_options":{"image_generator_settings":{"template":"highway","default_image_id":0,"enabled":false},"version":2}},"categories":[8,1,2819,2,7],"tags":[297,2485,695,8777,3364,10194,10193],"class_list":["post-41400","post","type-post","status-publish","format-image","has-post-thumbnail","hentry","category-deliberando","category-diario-armstrong","category-el-pais","category-locales","category-politica","tag-caso","tag-enfermedad","tag-fatal","tag-lic-graciela-de-la-casa","tag-medidas","tag-meningococica","tag-sanitarias","post_format-post-format-image"],"jetpack_publicize_connections":[],"jetpack_featured_media_url":"https:\/\/armstrongyregion.com.ar\/diario\/wp-content\/uploads\/2024\/01\/meningitis-.jpg","jetpack_shortlink":"https:\/\/wp.me\/p62QDO-aLK","jetpack_sharing_enabled":true,"amp_enabled":true,"_links":{"self":[{"href":"https:\/\/armstrongyregion.com.ar\/diario\/wp-json\/wp\/v2\/posts\/41400","targetHints":{"allow":["GET"]}}],"collection":[{"href":"https:\/\/armstrongyregion.com.ar\/diario\/wp-json\/wp\/v2\/posts"}],"about":[{"href":"https:\/\/armstrongyregion.com.ar\/diario\/wp-json\/wp\/v2\/types\/post"}],"author":[{"embeddable":true,"href":"https:\/\/armstrongyregion.com.ar\/diario\/wp-json\/wp\/v2\/users\/1"}],"replies":[{"embeddable":true,"href":"https:\/\/armstrongyregion.com.ar\/diario\/wp-json\/wp\/v2\/comments?post=41400"}],"version-history":[{"count":1,"href":"https:\/\/armstrongyregion.com.ar\/diario\/wp-json\/wp\/v2\/posts\/41400\/revisions"}],"predecessor-version":[{"id":41406,"href":"https:\/\/armstrongyregion.com.ar\/diario\/wp-json\/wp\/v2\/posts\/41400\/revisions\/41406"}],"wp:featuredmedia":[{"embeddable":true,"href":"https:\/\/armstrongyregion.com.ar\/diario\/wp-json\/wp\/v2\/media\/41405"}],"wp:attachment":[{"href":"https:\/\/armstrongyregion.com.ar\/diario\/wp-json\/wp\/v2\/media?parent=41400"}],"wp:term":[{"taxonomy":"category","embeddable":true,"href":"https:\/\/armstrongyregion.com.ar\/diario\/wp-json\/wp\/v2\/categories?post=41400"},{"taxonomy":"post_tag","embeddable":true,"href":"https:\/\/armstrongyregion.com.ar\/diario\/wp-json\/wp\/v2\/tags?post=41400"}],"curies":[{"name":"wp","href":"https:\/\/api.w.org\/{rel}","templated":true}]}}