{"id":414,"date":"2015-01-13T00:32:42","date_gmt":"2015-01-13T00:32:42","guid":{"rendered":"https:\/\/armstrongyregion.com.ar\/diario\/?p=414"},"modified":"2015-01-13T00:32:42","modified_gmt":"2015-01-13T00:32:42","slug":"alerta-meteorologico-por-lluvias-y-tormentas-intensas-del-12-de-enero","status":"publish","type":"post","link":"https:\/\/armstrongyregion.com.ar\/diario\/alerta-meteorologico-por-lluvias-y-tormentas-intensas-del-12-de-enero\/","title":{"rendered":"Alerta Meteorol\u00f3gico Por Lluvias y Tormentas Intensas del 12 de Enero."},"content":{"rendered":"<p><a href=\"http:\/\/armstrongyregion.com.ar\/diario\/wp-content\/uploads\/2015\/01\/alerta.jpg\"><img loading=\"lazy\" decoding=\"async\" class=\"alignnone size-medium wp-image-415\" src=\"http:\/\/armstrongyregion.com.ar\/diario\/wp-content\/uploads\/2015\/01\/alerta-300x180.jpg\" alt=\"alerta meteorologica\" width=\"300\" height=\"180\" srcset=\"https:\/\/armstrongyregion.com.ar\/diario\/wp-content\/uploads\/2015\/01\/alerta-300x180.jpg 300w, https:\/\/armstrongyregion.com.ar\/diario\/wp-content\/uploads\/2015\/01\/alerta.jpg 600w\" sizes=\"auto, (max-width: 300px) 100vw, 300px\" \/><\/a>Fen\u00f3meno: Probables Tormentas Fuertes.<br \/>\nZona de Cobertura: C\u00f3rdoba. Entre R\u00edos. San Lu\u00eds. Centro y Sur de Santa Fe.<\/p>\n<p>Situaci\u00f3n: Sobre el \u00e1rea de cobertura prevalece una masa de aire h\u00famedo. Se espera que a partir de la tarde de hoy, lunes 12, sobre las provincias de San Luis y C\u00f3rdoba se desarrollen \u00e1reas de lluvias y tormentas, algunas localmente fuertes, desplaz\u00e1ndose a partir de la madrugada del martes 13 hacia el este, afectando el sur del litoral. Las mismas estar\u00e1n acompa\u00f1adas de r\u00e1fagas, fuerte actividad el\u00e9ctrica, probable ca\u00edda de granizo y abundante ca\u00edda de agua, que en forma localizada, podr\u00edan superar los 80 mm sobre las provincias del sur del litoral.<\/p>\n<p>Recomendaciones:<\/p>\n<p>Estar atento a la informaci\u00f3n proporcionada por los organismos municipales o comunales a trav\u00e9s de los medios de comunicaci\u00f3n.<br \/>\nNo salir del hogar salvo casos de extrema necesidad. Desconectar todos los artefactos el\u00e9ctricos. Tener siempre a mano una luz de emergencia o una linterna y una radio a pilas.<br \/>\nPosponer las actividades al aire libre.<br \/>\nEvitar ubicarse cerca de \u00e1rboles, piscinas o construcciones que pudieran derrumbarse.<br \/>\nRetirar los objetos en el exterior de la casa que por raz\u00f3n del viento pudieran ocasionar da\u00f1os.<br \/>\nRecordar que la provisi\u00f3n de electricidad domiciliaria puede interrumpirse como medida de prevenci\u00f3n ante posibles cortes de cables.<br \/>\nCerrar las persianas de las ventanas y asegurar las puertas exteriores. En su caso, cerrar las celos\u00edas, persianas o cortinas en el interior.<br \/>\nNo sacar la basura ya que podr\u00eda obstruir el escurrimiento del agua.<br \/>\nSi se est\u00e1 circulando en autom\u00f3vil, recordar que estos fen\u00f3menos pueden ocasionar graves accidentes de tr\u00e1nsito, disminuir la velocidad respetando las normas, detener la marcha en un lugar seguro hasta que la tormenta pase.<br \/>\nSi est\u00e1 en un lugar p\u00fablico seguir las instrucciones de los encargados de seguridad.<\/p>\n","protected":false},"excerpt":{"rendered":"<p>Fen\u00f3meno: Probables Tormentas Fuertes. Zona de Cobertura: C\u00f3rdoba. Entre R\u00edos. San Lu\u00eds. Centro y Sur de Santa Fe. Situaci\u00f3n: Sobre el \u00e1rea de cobertura prevalece una masa de aire h\u00famedo. Se espera que a partir de la tarde de hoy, lunes 12, sobre las provincias de San Luis y C\u00f3rdoba se desarrollen \u00e1reas de lluvias <a href=\"https:\/\/armstrongyregion.com.ar\/diario\/alerta-meteorologico-por-lluvias-y-tormentas-intensas-del-12-de-enero\/\" title=\"Read more\" >&#8230;<\/a><\/p>\n","protected":false},"author":2,"featured_media":415,"comment_status":"open","ping_status":"open","sticky":false,"template":"","format":"standard","meta":{"_jetpack_memberships_contains_paid_content":false,"footnotes":"","jetpack_publicize_message":"","jetpack_publicize_feature_enabled":true,"jetpack_social_post_already_shared":false,"jetpack_social_options":{"image_generator_settings":{"template":"highway","default_image_id":0,"enabled":false},"version":2}},"categories":[1,3],"tags":[419,230,19,53,329,418,416,231,60,417,13],"class_list":["post-414","post","type-post","status-publish","format-standard","has-post-thumbnail","hentry","category-diario-armstrong","category-region","tag-419","tag-alerta","tag-de","tag-del","tag-enero","tag-intensas","tag-lluvias","tag-meteorologico","tag-por","tag-tormentas","tag-y"],"jetpack_publicize_connections":[],"jetpack_featured_media_url":"https:\/\/armstrongyregion.com.ar\/diario\/wp-content\/uploads\/2015\/01\/alerta.jpg","jetpack_shortlink":"https:\/\/wp.me\/p62QDO-6G","jetpack_sharing_enabled":true,"amp_enabled":true,"_links":{"self":[{"href":"https:\/\/armstrongyregion.com.ar\/diario\/wp-json\/wp\/v2\/posts\/414","targetHints":{"allow":["GET"]}}],"collection":[{"href":"https:\/\/armstrongyregion.com.ar\/diario\/wp-json\/wp\/v2\/posts"}],"about":[{"href":"https:\/\/armstrongyregion.com.ar\/diario\/wp-json\/wp\/v2\/types\/post"}],"author":[{"embeddable":true,"href":"https:\/\/armstrongyregion.com.ar\/diario\/wp-json\/wp\/v2\/users\/2"}],"replies":[{"embeddable":true,"href":"https:\/\/armstrongyregion.com.ar\/diario\/wp-json\/wp\/v2\/comments?post=414"}],"version-history":[{"count":0,"href":"https:\/\/armstrongyregion.com.ar\/diario\/wp-json\/wp\/v2\/posts\/414\/revisions"}],"wp:featuredmedia":[{"embeddable":true,"href":"https:\/\/armstrongyregion.com.ar\/diario\/wp-json\/wp\/v2\/media\/415"}],"wp:attachment":[{"href":"https:\/\/armstrongyregion.com.ar\/diario\/wp-json\/wp\/v2\/media?parent=414"}],"wp:term":[{"taxonomy":"category","embeddable":true,"href":"https:\/\/armstrongyregion.com.ar\/diario\/wp-json\/wp\/v2\/categories?post=414"},{"taxonomy":"post_tag","embeddable":true,"href":"https:\/\/armstrongyregion.com.ar\/diario\/wp-json\/wp\/v2\/tags?post=414"}],"curies":[{"name":"wp","href":"https:\/\/api.w.org\/{rel}","templated":true}]}}