{"id":41396,"date":"2024-01-17T02:10:32","date_gmt":"2024-01-17T02:10:32","guid":{"rendered":"https:\/\/armstrongyregion.com.ar\/diario\/?p=41396"},"modified":"2024-01-17T02:10:34","modified_gmt":"2024-01-17T02:10:34","slug":"cementerio-de-autos-provincia-pone-en-condiciones-vehiculos-oficiales-abandonados","status":"publish","type":"post","link":"https:\/\/armstrongyregion.com.ar\/diario\/cementerio-de-autos-provincia-pone-en-condiciones-vehiculos-oficiales-abandonados\/","title":{"rendered":"\u201cCementerio de autos\u201d: Provincia pone en condiciones veh\u00edculos oficiales abandonados."},"content":{"rendered":"\n<figure class=\"wp-block-image size-full\"><a href=\"http:\/\/armstrongyregion.com.ar\/diario\/wp-content\/uploads\/2024\/01\/autos-abandonados-1-.jpg\"><img loading=\"lazy\" decoding=\"async\" width=\"400\" height=\"267\" src=\"http:\/\/armstrongyregion.com.ar\/diario\/wp-content\/uploads\/2024\/01\/autos-abandonados-1-.jpg\" alt=\"\" class=\"wp-image-41397\" srcset=\"https:\/\/armstrongyregion.com.ar\/diario\/wp-content\/uploads\/2024\/01\/autos-abandonados-1-.jpg 400w, https:\/\/armstrongyregion.com.ar\/diario\/wp-content\/uploads\/2024\/01\/autos-abandonados-1--300x200.jpg 300w\" sizes=\"auto, (max-width: 400px) 100vw, 400px\" \/><\/a><\/figure>\n\n\n\n<h2 class=\"wp-block-heading\">En el garaje oficial que tiene el Gobierno en la ciudad de Santa Fe, hay cientos de veh\u00edculos abandonados que la actual gesti\u00f3n est\u00e1 tratando de recuperar. \u201cEs lamentable el descuido que hubo de los bienes del Estado\u201d, se\u00f1al\u00f3 el ministro Fabi\u00e1n Bastia.<\/h2>\n\n\n\n<p>El ministro de Gobierno e Innovaci\u00f3n P\u00fablica, Fabi\u00e1n Bastia, recorri\u00f3 los galpones de la Direcci\u00f3n de Movilidad en la ciudad de Santa Fe, donde funciona el garaje oficial, para analizar el estado de situaci\u00f3n, y se\u00f1al\u00f3 que \u201cestamos trabajando para recuperar el parque automotor de la Provincia, ordenando y optimizando los recursos. Hay veh\u00edculos abandonados, destruidos, tirados, a algunos les falta una rueda, a otros la bater\u00eda, otros est\u00e1n directamente desguazados\u201d, precis\u00f3.<\/p>\n\n\n\n<p>En el marco del relevamiento que se realiz\u00f3 al inicio de la gesti\u00f3n, Bastia monitore\u00f3 este martes las instalaciones y el parque automotor: \u201cEstamos en el garaje oficial, en el taller oficial. Estos son bienes p\u00fablicos, son bienes del Estado santafesino. Son bienes de todos los santafesinos, que fueron arrojados, tirados, abandonados, rotos, y hoy el Estado no tiene ni veh\u00edculos suficientes, ni dinero para comprarlos\u201d, explic\u00f3 el ministro durante su recorrida.<\/p>\n\n\n\n<p>El relevamiento realizado al inicio de la gesti\u00f3n sobre el estado edilicio de los talleres oficiales y la flota de veh\u00edculos, motiv\u00f3 un informe que deriv\u00f3 en el inicio de un sumario administrativo. De ese diagn\u00f3stico surgi\u00f3 que existen veh\u00edculos abandonados en el espacio verde adyacente a la playa de estacionamiento de Casa de Gobierno y en el garaje oficial; la faltante de documentaci\u00f3n que no estaba en los veh\u00edculos; autom\u00f3viles dispersos en distintas \u00e1reas o talleres particulares, sin ninguna trazabilidad de los mismos, ni registro de la situaci\u00f3n.<\/p>\n\n\n\n<p>Al respecto, Bastia detall\u00f3 que \u201cnos entregaron las llaves de los autos en una bolsa de consorcio negra, tuvimos que empezar a constatar que llave pertenec\u00eda a cada uno\u201d.<br><br>En el detalle de los autom\u00f3viles que est\u00e1n en el lugar se constat\u00f3 que la mayor\u00eda no se encuentra disponible para su uso, todos necesitan mantenimiento, en gran parte cubiertas, arreglos de chapa y pintura, servicio de aceite y filtros y reparaciones de motor. Otros, se encuentran sin tren delantero, la mayor\u00eda sin kits de seguridad: rueda de auxilio, gato y llave, ni matafuego; por mencionar algunas de las tantas situaciones.<\/p>\n\n\n\n<p>Por \u00faltimo, Bastia precis\u00f3 que \u201cestamos elaborando un registro y queremos limpiar este espacio p\u00fablico. Todo lo que se pueda recuperar, se recuperar\u00e1, y se entregar\u00e1 para su funcionamiento a los distintos ministerios, para que los bienes del Estado tengan un uso p\u00fablico\u201d. Y ejemplific\u00f3: \u201cAc\u00e1 hay ambulancias tiradas, cuando nosotros decimos que el 107 no tiene ambulancias suficientes y vemos ac\u00e1 unidades tiradas, es much\u00edsima la indignaci\u00f3n\u201d.<\/p>\n\n\n\n<p>En tanto, en el predio funcionan el taller y el lavadero oficial, los cuales estaban cerrados, sin insumos, sin herramientas y sin repuestos.<\/p>\n\n\n\n<figure class=\"wp-block-image\"><img decoding=\"async\" src=\"https:\/\/ci3.googleusercontent.com\/meips\/ADKq_NbpNdepCHUTm-2_Cx6YMHFBcZGUJmRL0FvpW7bYLusJGm5wPLYCIjwAHT30XUkRHeh0WcL2TLdHho-CjykSgKSZgty_yWtlAAmannD7Nz3Y0uOkjzVT7lKgH2x32hj2TWQaRCP_55SB4ZyUcsE=s0-d-e1-ft#https:\/\/www.santafe.gov.ar\/noticias\/recursos\/fotos\/2024\/01\/2024-01-16NID_279581O_2.jpeg\" alt=\"\"\/><\/figure>\n","protected":false},"excerpt":{"rendered":"<p>\u201cCementerio de autos\u201d: Provincia pone en condiciones veh\u00edculos oficiales abandonados.<\/p>\n","protected":false},"author":1,"featured_media":41397,"comment_status":"open","ping_status":"open","sticky":false,"template":"","format":"image","meta":{"_jetpack_memberships_contains_paid_content":false,"footnotes":"","jetpack_publicize_message":"","jetpack_publicize_feature_enabled":true,"jetpack_social_post_already_shared":true,"jetpack_social_options":{"image_generator_settings":{"template":"highway","default_image_id":0,"enabled":false},"version":2}},"categories":[8,1,2,7,3],"tags":[10191,1601,2870,8717,19,15,8777,561,8640,759],"class_list":["post-41396","post","type-post","status-publish","format-image","has-post-thumbnail","hentry","category-deliberando","category-diario-armstrong","category-locales","category-politica","category-region","tag-abandonados","tag-autos","tag-cementerio","tag-condiciones","tag-de","tag-en","tag-lic-graciela-de-la-casa","tag-oficiales","tag-provincia-2","tag-vehiculos","post_format-post-format-image"],"jetpack_publicize_connections":[],"jetpack_featured_media_url":"https:\/\/armstrongyregion.com.ar\/diario\/wp-content\/uploads\/2024\/01\/autos-abandonados-1-.jpg","jetpack_shortlink":"https:\/\/wp.me\/p62QDO-aLG","jetpack_sharing_enabled":true,"amp_enabled":true,"_links":{"self":[{"href":"https:\/\/armstrongyregion.com.ar\/diario\/wp-json\/wp\/v2\/posts\/41396","targetHints":{"allow":["GET"]}}],"collection":[{"href":"https:\/\/armstrongyregion.com.ar\/diario\/wp-json\/wp\/v2\/posts"}],"about":[{"href":"https:\/\/armstrongyregion.com.ar\/diario\/wp-json\/wp\/v2\/types\/post"}],"author":[{"embeddable":true,"href":"https:\/\/armstrongyregion.com.ar\/diario\/wp-json\/wp\/v2\/users\/1"}],"replies":[{"embeddable":true,"href":"https:\/\/armstrongyregion.com.ar\/diario\/wp-json\/wp\/v2\/comments?post=41396"}],"version-history":[{"count":2,"href":"https:\/\/armstrongyregion.com.ar\/diario\/wp-json\/wp\/v2\/posts\/41396\/revisions"}],"predecessor-version":[{"id":41399,"href":"https:\/\/armstrongyregion.com.ar\/diario\/wp-json\/wp\/v2\/posts\/41396\/revisions\/41399"}],"wp:featuredmedia":[{"embeddable":true,"href":"https:\/\/armstrongyregion.com.ar\/diario\/wp-json\/wp\/v2\/media\/41397"}],"wp:attachment":[{"href":"https:\/\/armstrongyregion.com.ar\/diario\/wp-json\/wp\/v2\/media?parent=41396"}],"wp:term":[{"taxonomy":"category","embeddable":true,"href":"https:\/\/armstrongyregion.com.ar\/diario\/wp-json\/wp\/v2\/categories?post=41396"},{"taxonomy":"post_tag","embeddable":true,"href":"https:\/\/armstrongyregion.com.ar\/diario\/wp-json\/wp\/v2\/tags?post=41396"}],"curies":[{"name":"wp","href":"https:\/\/api.w.org\/{rel}","templated":true}]}}