{"id":41387,"date":"2024-01-16T15:53:22","date_gmt":"2024-01-16T15:53:22","guid":{"rendered":"https:\/\/armstrongyregion.com.ar\/diario\/?p=41387"},"modified":"2024-01-16T15:53:25","modified_gmt":"2024-01-16T15:53:25","slug":"el-ministerio-de-educacion-dio-a-conocer-el-cronograma-de-concursos-de-titularizacion-docente","status":"publish","type":"post","link":"https:\/\/armstrongyregion.com.ar\/diario\/el-ministerio-de-educacion-dio-a-conocer-el-cronograma-de-concursos-de-titularizacion-docente\/","title":{"rendered":"El ministerio de Educaci\u00f3n dio a conocer el cronograma de concursos de titularizaci\u00f3n docente."},"content":{"rendered":"\n<figure class=\"wp-block-image size-full\"><a href=\"http:\/\/armstrongyregion.com.ar\/diario\/wp-content\/uploads\/2024\/01\/titularizacion-docente-.jpg\"><img loading=\"lazy\" decoding=\"async\" width=\"400\" height=\"267\" src=\"http:\/\/armstrongyregion.com.ar\/diario\/wp-content\/uploads\/2024\/01\/titularizacion-docente-.jpg\" alt=\"\" class=\"wp-image-41388\" srcset=\"https:\/\/armstrongyregion.com.ar\/diario\/wp-content\/uploads\/2024\/01\/titularizacion-docente-.jpg 400w, https:\/\/armstrongyregion.com.ar\/diario\/wp-content\/uploads\/2024\/01\/titularizacion-docente--300x200.jpg 300w\" sizes=\"auto, (max-width: 400px) 100vw, 400px\" \/><\/a><\/figure>\n\n\n\n<h2 class=\"wp-block-heading\">Fue durante una reuni\u00f3n con los gremios de escuelas oficiales y en el marco de la paritaria que se est\u00e1 llevando adelante.<\/h2>\n\n\n\n<p>Durante una reuni\u00f3n de comisi\u00f3n t\u00e9cnica de la paritaria docente, la secretaria de Educaci\u00f3n, Carolina Piedrabuena, y la secretaria de Gesti\u00f3n Territorial Educativa, Daiana Gallo Ambrosis, dieron a conocer ante los gremios de escuelas oficiales (Amsaf\u00e9, UDA y AMET) el cronograma de concursos de titularizaci\u00f3n docente de 2024 para la educaci\u00f3n Inicial, Primaria y Especial (IPE) y el desarrollo del concurso para titularizaciones de Secundaria.<\/p>\n\n\n\n<p>\u201cFue una reuni\u00f3n positiva que surgi\u00f3 de la paritaria que se est\u00e1 llevando a cabo y que cumple con las instancias de trabajo coordinado que venimos realizando con los gremios\u201d, sostuvo Piedrabuena. Por su parte, Gallo Ambrosis agreg\u00f3 que \u201cdurante el encuentro tambi\u00e9n informamos sobre el protocolo de intervenci\u00f3n ante hechos delictivos en las escuelas que pusimos en funcionamiento para dar respuestas r\u00e1pidas ante situaciones de robo o vandalismo que se registran en los establecimientos en esta \u00e9poca de receso escolar\u201d.<\/p>\n\n\n\n<p>Tambi\u00e9n se intercambiaron opiniones sobre las condiciones de infraestructura de los edificios escolares de toda la provincia.<\/p>\n\n\n\n<p>Del encuentro de comisi\u00f3n, participaron, adem\u00e1s, Rodrigo Alonso, Paulo Juncos, Susana Ludmer y Patricia Hern\u00e1ndez, por Amsaf\u00e9, Daniel Dom\u00ednguez y Zunilda Macedo por UDA y Jorgelina Amado por AMET.<\/p>\n\n\n\n<p><strong>Inicial, Primaria y Especial<\/strong><\/p>\n\n\n\n<p>En relaci\u00f3n a los cargos y horas de Inicial, Primaria y Especial el cronograma de toma de posesi\u00f3n establecido es el siguiente:<\/p>\n\n\n\n<p>* Traslados de cargos y horas: 23 de febrero de 2024<\/p>\n\n\n\n<p>* Titularizaci\u00f3n de cargos: 23 de febrero de 2024<\/p>\n\n\n\n<p>* Titularizaci\u00f3n de horas: 1 de abril de 2024<\/p>\n\n\n\n<p>Cabe recordar, que se trata de 1.730 cargos y 4.274 horas c\u00e1tedras a titularizar en el marco del concurso convocado por Resoluci\u00f3n Ministerial N\u00ba1110\/23.<\/p>\n\n\n\n<p><strong>Secundaria<\/strong><\/p>\n\n\n\n<p>Con respecto al cronograma de titularizaci\u00f3n de Secundaria la cartera educativa dispuso el siguiente cronograma:<\/p>\n\n\n\n<p>Escalafonamiento:<\/p>\n\n\n\n<p>* Publicaci\u00f3n de escalafones provisorios: del 8 al 19 de abril de 2024.<\/p>\n\n\n\n<p>* Verificaci\u00f3n de cargos activos: del 8 al 12 de abril de 2024.<\/p>\n\n\n\n<p>* Publicaci\u00f3n de escalafones definitivos y vacantes definitivas: 29 de abril de 2024.<\/p>\n\n\n\n<p>Ofrecimiento de cargos<\/p>\n\n\n\n<p>* Selecci\u00f3n de cargos vacantes por prioridad: del 2 al 6 de mayo de 2024.<\/p>\n\n\n\n<p>Ofrecimiento horas<\/p>\n\n\n\n<p>* Selecci\u00f3n de horas c\u00e1tedras (ID) en Mi Legajo: del 23 de mayo al 18 de junio, seg\u00fan orden del 1 al 5.<\/p>\n\n\n\n<p>* Selecci\u00f3n de horas c\u00e1tedras (ID) en Mi Legajo: 25 y 26 de mayo, seg\u00fan orden del 6 al 10 .<\/p>\n\n\n\n<p>* Selecci\u00f3n de horas c\u00e1tedras (ID) en Mi legajo: 2 y 3 de julio, orden del 11 hasta finalizar escalafones.<\/p>\n\n\n\n<p>Para acceder a m\u00e1s detalles del cronograma los docentes pueden ingresar a&nbsp;<a href=\"https:\/\/educacion.santafe.gob.ar\/\" target=\"_blank\" rel=\"noreferrer noopener\">https:\/\/educacion.santafe.gob.ar\/<\/a><\/p>\n","protected":false},"excerpt":{"rendered":"<p>El ministerio de Educaci\u00f3n dio a conocer el cronograma de concursos de titularizaci\u00f3n docente.<\/p>\n","protected":false},"author":1,"featured_media":41388,"comment_status":"open","ping_status":"open","sticky":false,"template":"","format":"image","meta":{"_jetpack_memberships_contains_paid_content":false,"footnotes":"","jetpack_publicize_message":"","jetpack_publicize_feature_enabled":true,"jetpack_social_post_already_shared":true,"jetpack_social_options":{"image_generator_settings":{"template":"highway","default_image_id":0,"enabled":false},"version":2}},"categories":[8,1,2,7,3],"tags":[33,10189,683,729,19,8891,8969,8618,8777,860,10190],"class_list":["post-41387","post","type-post","status-publish","format-image","has-post-thumbnail","hentry","category-deliberando","category-diario-armstrong","category-locales","category-politica","category-region","tag-a","tag-concursos","tag-conocer","tag-cronograma","tag-de","tag-dio-2","tag-docente-2","tag-educacion-2","tag-lic-graciela-de-la-casa","tag-ministerio","tag-titularizacion-2","post_format-post-format-image"],"jetpack_publicize_connections":[],"jetpack_featured_media_url":"https:\/\/armstrongyregion.com.ar\/diario\/wp-content\/uploads\/2024\/01\/titularizacion-docente-.jpg","jetpack_shortlink":"https:\/\/wp.me\/p62QDO-aLx","jetpack_sharing_enabled":true,"amp_enabled":true,"_links":{"self":[{"href":"https:\/\/armstrongyregion.com.ar\/diario\/wp-json\/wp\/v2\/posts\/41387","targetHints":{"allow":["GET"]}}],"collection":[{"href":"https:\/\/armstrongyregion.com.ar\/diario\/wp-json\/wp\/v2\/posts"}],"about":[{"href":"https:\/\/armstrongyregion.com.ar\/diario\/wp-json\/wp\/v2\/types\/post"}],"author":[{"embeddable":true,"href":"https:\/\/armstrongyregion.com.ar\/diario\/wp-json\/wp\/v2\/users\/1"}],"replies":[{"embeddable":true,"href":"https:\/\/armstrongyregion.com.ar\/diario\/wp-json\/wp\/v2\/comments?post=41387"}],"version-history":[{"count":2,"href":"https:\/\/armstrongyregion.com.ar\/diario\/wp-json\/wp\/v2\/posts\/41387\/revisions"}],"predecessor-version":[{"id":41390,"href":"https:\/\/armstrongyregion.com.ar\/diario\/wp-json\/wp\/v2\/posts\/41387\/revisions\/41390"}],"wp:featuredmedia":[{"embeddable":true,"href":"https:\/\/armstrongyregion.com.ar\/diario\/wp-json\/wp\/v2\/media\/41388"}],"wp:attachment":[{"href":"https:\/\/armstrongyregion.com.ar\/diario\/wp-json\/wp\/v2\/media?parent=41387"}],"wp:term":[{"taxonomy":"category","embeddable":true,"href":"https:\/\/armstrongyregion.com.ar\/diario\/wp-json\/wp\/v2\/categories?post=41387"},{"taxonomy":"post_tag","embeddable":true,"href":"https:\/\/armstrongyregion.com.ar\/diario\/wp-json\/wp\/v2\/tags?post=41387"}],"curies":[{"name":"wp","href":"https:\/\/api.w.org\/{rel}","templated":true}]}}