{"id":4136,"date":"2015-09-19T13:24:18","date_gmt":"2015-09-19T13:24:18","guid":{"rendered":"https:\/\/armstrongyregion.com.ar\/diario\/?p=4136"},"modified":"2015-09-19T13:24:18","modified_gmt":"2015-09-19T13:24:18","slug":"armstrong-quedo-inaugurada-la-planta-procesadora-de-legumbres","status":"publish","type":"post","link":"https:\/\/armstrongyregion.com.ar\/diario\/armstrong-quedo-inaugurada-la-planta-procesadora-de-legumbres\/","title":{"rendered":"Armstrong. Qued\u00f3 inaugurada la planta procesadora de legumbres."},"content":{"rendered":"<p><a href=\"http:\/\/armstrongyregion.com.ar\/diario\/wp-content\/uploads\/2015\/09\/Diego-Mansilla.jpg\"><img loading=\"lazy\" decoding=\"async\" class=\"alignnone size-medium wp-image-4137\" src=\"http:\/\/armstrongyregion.com.ar\/diario\/wp-content\/uploads\/2015\/09\/Diego-Mansilla-300x200.jpg\" alt=\"Diego Mansilla\" width=\"300\" height=\"200\" srcset=\"https:\/\/armstrongyregion.com.ar\/diario\/wp-content\/uploads\/2015\/09\/Diego-Mansilla-300x200.jpg 300w, https:\/\/armstrongyregion.com.ar\/diario\/wp-content\/uploads\/2015\/09\/Diego-Mansilla.jpg 960w\" sizes=\"auto, (max-width: 300px) 100vw, 300px\" \/><\/a>El viernes a partir de las 16hs en la Autopista Rosario C\u00f3rdoba KM 381, qued\u00f3 inaugurada una planta procesadora de legumbres.<br \/>\nEn Videoconferencia con Cristina Fern\u00e1ndez y participaron Diego Mansilla, Cand. A Dip. Por el Parlasur, junto al Diputado Nacional Marcos Cleri, el Secretario de Coordinacion Politico Institucional y Emergencia Agropecuaria de la Naci\u00f3n Javier Rodriguez, el Presidente de FECOFE Isaias Ghio, el Coordinador de Region de Agricultura Familiar de la Nacion Claudio Tessini y el Intendente local Pablo Verdecchia, en la inauguraci\u00f3n de la Planta Industrializadora de Legumbres y otros Granos Especiales.<br \/>\nEsta planta industrializadora de legumbres y otros granos especiales, parte de un proyecto llevado adelante por la Federaci\u00f3n de Cooperativas Federadas (FECOFE) con el apoyo del Estado Nacional.<br \/>\nEl proyecto posibilitar\u00e1:<br \/>\nIncentivar el cultivo de diferentes legumbres y granos, permitiendo la diversificaci\u00f3n productiva sostenible y sustentable complementando a los cultivos convencionales.<br \/>\nAumentar el valor de la producci\u00f3n local a trav\u00e9s de la incorporaci\u00f3n de variedades adicionales de legumbres y especialities con altos valores de venta que ser\u00e1n acondicionados y procesados en la planta para su comercializaci\u00f3n.<br \/>\nFavorecer la rotaci\u00f3n de cultivos, mejorando la reposici\u00f3n de nutrientes y la sustentabilidad al diversificar la producci\u00f3n, reduciendo riesgos productivos y econ\u00f3micos.<br \/>\nEl proyecto permitir\u00e1 la integraci\u00f3n de los peque\u00f1os y medianos productores cooperativistas a los distintos eslabones de la cadena productiva, desde la producci\u00f3n primaria, su acondicionamiento y comercializaci\u00f3n, promoviendo el desarrollo regional.<\/p>\n","protected":false},"excerpt":{"rendered":"<p>El viernes a partir de las 16hs en la Autopista Rosario C\u00f3rdoba KM 381, qued\u00f3 inaugurada una planta procesadora de legumbres. En Videoconferencia con Cristina Fern\u00e1ndez y participaron Diego Mansilla, Cand. A Dip. Por el Parlasur, junto al Diputado Nacional Marcos Cleri, el Secretario de Coordinacion Politico Institucional y Emergencia Agropecuaria de la Naci\u00f3n Javier <a href=\"https:\/\/armstrongyregion.com.ar\/diario\/armstrong-quedo-inaugurada-la-planta-procesadora-de-legumbres\/\" title=\"Read more\" >&#8230;<\/a><\/p>\n","protected":false},"author":2,"featured_media":4137,"comment_status":"open","ping_status":"open","sticky":false,"template":"","format":"standard","meta":{"_jetpack_memberships_contains_paid_content":false,"footnotes":"","jetpack_publicize_message":"","jetpack_publicize_feature_enabled":true,"jetpack_social_post_already_shared":false,"jetpack_social_options":{"image_generator_settings":{"template":"highway","default_image_id":0,"enabled":false},"version":2}},"categories":[1,2,7,3],"tags":[2767,19,2768,31,2764,225,2763],"class_list":["post-4136","post","type-post","status-publish","format-standard","has-post-thumbnail","hentry","category-diario-armstrong","category-locales","category-politica","category-region","tag-armstrong-quedo","tag-de","tag-inaugurada","tag-la","tag-legumbres","tag-planta","tag-procesadora"],"jetpack_publicize_connections":[],"jetpack_featured_media_url":"https:\/\/armstrongyregion.com.ar\/diario\/wp-content\/uploads\/2015\/09\/Diego-Mansilla.jpg","jetpack_shortlink":"https:\/\/wp.me\/p62QDO-14I","jetpack_sharing_enabled":true,"amp_enabled":true,"_links":{"self":[{"href":"https:\/\/armstrongyregion.com.ar\/diario\/wp-json\/wp\/v2\/posts\/4136","targetHints":{"allow":["GET"]}}],"collection":[{"href":"https:\/\/armstrongyregion.com.ar\/diario\/wp-json\/wp\/v2\/posts"}],"about":[{"href":"https:\/\/armstrongyregion.com.ar\/diario\/wp-json\/wp\/v2\/types\/post"}],"author":[{"embeddable":true,"href":"https:\/\/armstrongyregion.com.ar\/diario\/wp-json\/wp\/v2\/users\/2"}],"replies":[{"embeddable":true,"href":"https:\/\/armstrongyregion.com.ar\/diario\/wp-json\/wp\/v2\/comments?post=4136"}],"version-history":[{"count":0,"href":"https:\/\/armstrongyregion.com.ar\/diario\/wp-json\/wp\/v2\/posts\/4136\/revisions"}],"wp:featuredmedia":[{"embeddable":true,"href":"https:\/\/armstrongyregion.com.ar\/diario\/wp-json\/wp\/v2\/media\/4137"}],"wp:attachment":[{"href":"https:\/\/armstrongyregion.com.ar\/diario\/wp-json\/wp\/v2\/media?parent=4136"}],"wp:term":[{"taxonomy":"category","embeddable":true,"href":"https:\/\/armstrongyregion.com.ar\/diario\/wp-json\/wp\/v2\/categories?post=4136"},{"taxonomy":"post_tag","embeddable":true,"href":"https:\/\/armstrongyregion.com.ar\/diario\/wp-json\/wp\/v2\/tags?post=4136"}],"curies":[{"name":"wp","href":"https:\/\/api.w.org\/{rel}","templated":true}]}}