{"id":41347,"date":"2024-01-12T17:25:28","date_gmt":"2024-01-12T17:25:28","guid":{"rendered":"https:\/\/armstrongyregion.com.ar\/diario\/?p=41347"},"modified":"2024-01-12T17:34:15","modified_gmt":"2024-01-12T17:34:15","slug":"el-intendente-luzzi-junto-a-su-gabinete-se-interiorizaron-sobre-programas-y-herramientas-que-dispone-el-gobierno-provincial","status":"publish","type":"post","link":"https:\/\/armstrongyregion.com.ar\/diario\/el-intendente-luzzi-junto-a-su-gabinete-se-interiorizaron-sobre-programas-y-herramientas-que-dispone-el-gobierno-provincial\/","title":{"rendered":"El Intendente Luzzi junto a sus funcionarios, se interiorizaron sobre programas y herramientas que dispone el gobierno provincial."},"content":{"rendered":"\n<figure class=\"wp-block-image size-full\"><a href=\"http:\/\/armstrongyregion.com.ar\/diario\/wp-content\/uploads\/2024\/01\/luzzi-tejeda-1.jpg\"><img loading=\"lazy\" decoding=\"async\" width=\"512\" height=\"384\" src=\"http:\/\/armstrongyregion.com.ar\/diario\/wp-content\/uploads\/2024\/01\/luzzi-tejeda-1.jpg\" alt=\"\" class=\"wp-image-41348\" srcset=\"https:\/\/armstrongyregion.com.ar\/diario\/wp-content\/uploads\/2024\/01\/luzzi-tejeda-1.jpg 512w, https:\/\/armstrongyregion.com.ar\/diario\/wp-content\/uploads\/2024\/01\/luzzi-tejeda-1-300x225.jpg 300w\" sizes=\"auto, (max-width: 512px) 100vw, 512px\" \/><\/a><\/figure>\n\n\n\n<h2 class=\"wp-block-heading\">Finalizando la visita de la Ministra Victoria Tejeda en Armstrong, se reuni\u00f3 con el Intendente Guillermo Luzzi, su gabinete y el equipo de Promoci\u00f3n Comunitaria para conocer los programas y las herramientas de las que disponen el Gobierno Provincial.<\/h2>\n\n\n\n<figure class=\"wp-block-image size-full\"><a href=\"http:\/\/armstrongyregion.com.ar\/diario\/wp-content\/uploads\/2024\/01\/luzzi-tejeda-2.jpg\"><img loading=\"lazy\" decoding=\"async\" width=\"512\" height=\"384\" src=\"http:\/\/armstrongyregion.com.ar\/diario\/wp-content\/uploads\/2024\/01\/luzzi-tejeda-2.jpg\" alt=\"\" class=\"wp-image-41349\" srcset=\"https:\/\/armstrongyregion.com.ar\/diario\/wp-content\/uploads\/2024\/01\/luzzi-tejeda-2.jpg 512w, https:\/\/armstrongyregion.com.ar\/diario\/wp-content\/uploads\/2024\/01\/luzzi-tejeda-2-300x225.jpg 300w\" sizes=\"auto, (max-width: 512px) 100vw, 512px\" \/><\/a><\/figure>\n\n\n\n<p>\u00abDise\u00f1amos una agenda de trabajo conjunto entre Provincia y Municipio que nos permita acompa\u00f1ar a la ciudadan\u00eda frente al complejo momento que atravesamos\u00bb. Expres\u00f3 la Ministra.<\/p>\n\n\n\n<figure class=\"wp-block-image size-large\"><a href=\"http:\/\/armstrongyregion.com.ar\/diario\/wp-content\/uploads\/2024\/01\/luzzi-tejeda-3-.jpg\"><img loading=\"lazy\" decoding=\"async\" width=\"768\" height=\"1024\" src=\"http:\/\/armstrongyregion.com.ar\/diario\/wp-content\/uploads\/2024\/01\/luzzi-tejeda-3--768x1024.jpg\" alt=\"\" class=\"wp-image-41350\" srcset=\"https:\/\/armstrongyregion.com.ar\/diario\/wp-content\/uploads\/2024\/01\/luzzi-tejeda-3--768x1024.jpg 768w, https:\/\/armstrongyregion.com.ar\/diario\/wp-content\/uploads\/2024\/01\/luzzi-tejeda-3--225x300.jpg 225w, https:\/\/armstrongyregion.com.ar\/diario\/wp-content\/uploads\/2024\/01\/luzzi-tejeda-3--1152x1536.jpg 1152w, https:\/\/armstrongyregion.com.ar\/diario\/wp-content\/uploads\/2024\/01\/luzzi-tejeda-3-.jpg 1536w\" sizes=\"auto, (max-width: 768px) 100vw, 768px\" \/><\/a><\/figure>\n","protected":false},"excerpt":{"rendered":"<p>El Intendente Luzzi junto a su gabinete, se interiorizaron sobre programas y herramientas que dispone el gobierno provincial.<\/p>\n","protected":false},"author":1,"featured_media":41348,"comment_status":"open","ping_status":"open","sticky":false,"template":"","format":"image","meta":{"_jetpack_memberships_contains_paid_content":false,"footnotes":"","jetpack_publicize_message":"","jetpack_publicize_feature_enabled":true,"jetpack_social_post_already_shared":true,"jetpack_social_options":{"image_generator_settings":{"template":"highway","default_image_id":0,"enabled":false},"version":2}},"categories":[8,1,2,7,3],"tags":[10180,3306,10181,8777,8735,4079,86,118,13],"class_list":["post-41347","post","type-post","status-publish","format-image","has-post-thumbnail","hentry","category-deliberando","category-diario-armstrong","category-locales","category-politica","category-region","tag-gabinete-municipal","tag-herramientas","tag-interiorizaron","tag-lic-graciela-de-la-casa","tag-luzzi","tag-programas","tag-se","tag-sobre","tag-y","post_format-post-format-image"],"jetpack_publicize_connections":[],"jetpack_featured_media_url":"https:\/\/armstrongyregion.com.ar\/diario\/wp-content\/uploads\/2024\/01\/luzzi-tejeda-1.jpg","jetpack_shortlink":"https:\/\/wp.me\/p62QDO-aKT","jetpack_sharing_enabled":true,"amp_enabled":true,"_links":{"self":[{"href":"https:\/\/armstrongyregion.com.ar\/diario\/wp-json\/wp\/v2\/posts\/41347","targetHints":{"allow":["GET"]}}],"collection":[{"href":"https:\/\/armstrongyregion.com.ar\/diario\/wp-json\/wp\/v2\/posts"}],"about":[{"href":"https:\/\/armstrongyregion.com.ar\/diario\/wp-json\/wp\/v2\/types\/post"}],"author":[{"embeddable":true,"href":"https:\/\/armstrongyregion.com.ar\/diario\/wp-json\/wp\/v2\/users\/1"}],"replies":[{"embeddable":true,"href":"https:\/\/armstrongyregion.com.ar\/diario\/wp-json\/wp\/v2\/comments?post=41347"}],"version-history":[{"count":2,"href":"https:\/\/armstrongyregion.com.ar\/diario\/wp-json\/wp\/v2\/posts\/41347\/revisions"}],"predecessor-version":[{"id":41352,"href":"https:\/\/armstrongyregion.com.ar\/diario\/wp-json\/wp\/v2\/posts\/41347\/revisions\/41352"}],"wp:featuredmedia":[{"embeddable":true,"href":"https:\/\/armstrongyregion.com.ar\/diario\/wp-json\/wp\/v2\/media\/41348"}],"wp:attachment":[{"href":"https:\/\/armstrongyregion.com.ar\/diario\/wp-json\/wp\/v2\/media?parent=41347"}],"wp:term":[{"taxonomy":"category","embeddable":true,"href":"https:\/\/armstrongyregion.com.ar\/diario\/wp-json\/wp\/v2\/categories?post=41347"},{"taxonomy":"post_tag","embeddable":true,"href":"https:\/\/armstrongyregion.com.ar\/diario\/wp-json\/wp\/v2\/tags?post=41347"}],"curies":[{"name":"wp","href":"https:\/\/api.w.org\/{rel}","templated":true}]}}