{"id":41338,"date":"2024-01-12T16:38:17","date_gmt":"2024-01-12T16:38:17","guid":{"rendered":"https:\/\/armstrongyregion.com.ar\/diario\/?p=41338"},"modified":"2024-01-12T16:38:19","modified_gmt":"2024-01-12T16:38:19","slug":"nuevas-autoridades-para-la-unidad-regional-iii-belgrano","status":"publish","type":"post","link":"https:\/\/armstrongyregion.com.ar\/diario\/nuevas-autoridades-para-la-unidad-regional-iii-belgrano\/","title":{"rendered":"Nuevas autoridades para la Unidad Regional III Belgrano."},"content":{"rendered":"\n<figure class=\"wp-block-image size-full\"><a href=\"http:\/\/armstrongyregion.com.ar\/diario\/wp-content\/uploads\/2024\/01\/polizonte-.jpg\"><img loading=\"lazy\" decoding=\"async\" width=\"585\" height=\"437\" src=\"http:\/\/armstrongyregion.com.ar\/diario\/wp-content\/uploads\/2024\/01\/polizonte-.jpg\" alt=\"\" class=\"wp-image-41339\" srcset=\"https:\/\/armstrongyregion.com.ar\/diario\/wp-content\/uploads\/2024\/01\/polizonte-.jpg 585w, https:\/\/armstrongyregion.com.ar\/diario\/wp-content\/uploads\/2024\/01\/polizonte--300x224.jpg 300w\" sizes=\"auto, (max-width: 585px) 100vw, 585px\" \/><\/a><\/figure>\n\n\n\n<p><strong>El Director de Polic\u00eda Guillermo Solari asumi\u00f3 como Jefe de la URIII con asiento en Las Rosas.<\/strong><\/p>\n\n\n\n<p>Solari llega a nuestra ciudad contando con 28 a\u00f1os de servicio y es oriundo del norte provincial. Estudi\u00f3 en la Escuela de Polic\u00eda de Rosario, y en la mencionada ciudad se desempe\u00f1o durante 13 a\u00f1os. Es esta su primera experiencia como Jefe al frente de una Unidad Regional.<\/p>\n\n\n\n<p>El nuevo Jefe cont\u00f3 que ya se comunic\u00f3 con las distintas autoridades de las jefaturas del departamento, adem\u00e1s manifest\u00f3 sus intenciones de reunirse con cada Intendente y Presidente Comunal, con el fin de conocer las problem\u00e1ticas a abordar en cada localidad.<\/p>\n\n\n\n<figure class=\"wp-block-embed is-type-video is-provider-youtube wp-block-embed-youtube wp-embed-aspect-16-9 wp-has-aspect-ratio\"><div class=\"wp-block-embed__wrapper\">\n<iframe loading=\"lazy\" title=\"10-01-24 Nota Guillermo Solari \u2013 Jefe URIII\" width=\"800\" height=\"450\" src=\"https:\/\/www.youtube.com\/embed\/EMOL7UAJb3M?feature=oembed\" frameborder=\"0\" allow=\"accelerometer; autoplay; clipboard-write; encrypted-media; gyroscope; picture-in-picture; web-share\" allowfullscreen><\/iframe>\n<\/div><\/figure>\n\n\n\n<p><a rel=\"noreferrer noopener\" href=\"https:\/\/www.facebook.com\/sharer\/sharer.php?u=https:\/\/lasrosasdigital.com.ar\/contenido\/18877\/nuevas-autoridades-para-la-unidad-regional-iii-belgrano\" target=\"_blank\"><\/a>\u00a0<a rel=\"noreferrer noopener\" href=\"https:\/\/twitter.com\/intent\/tweet?url=https:\/\/lasrosasdigital.com.ar\/contenido\/18877\/nuevas-autoridades-para-la-unidad-regional-iii-belgrano&amp;text=Nuevas%20autoridades%20para%20la%20Unidad%20Regional%20III%20Belgrano\" target=\"_blank\"><\/a>\u00a0<\/p>\n\n\n\n<p>Las Rosas Digital.<a rel=\"noreferrer noopener\" href=\"https:\/\/api.whatsapp.com\/send?text=Nuevas%20autoridades%20para%20la%20Unidad%20Regional%20III%20Belgrano+https:\/\/lasrosasdigital.com.ar\/contenido\/18877\/nuevas-autoridades-para-la-unidad-regional-iii-belgrano\" target=\"_blank\"><\/a><\/p>\n","protected":false},"excerpt":{"rendered":"<p>Nuevas autoridades para la Unidad Regional III Belgrano.<\/p>\n","protected":false},"author":1,"featured_media":41339,"comment_status":"open","ping_status":"open","sticky":false,"template":"","format":"image","meta":{"_jetpack_memberships_contains_paid_content":false,"footnotes":"","jetpack_publicize_message":"","jetpack_publicize_feature_enabled":true,"jetpack_social_post_already_shared":true,"jetpack_social_options":{"image_generator_settings":{"template":"highway","default_image_id":0,"enabled":false},"version":2}},"categories":[8,1,2,7,3],"tags":[857,8606,247,31,8777,350,81,10177],"class_list":["post-41338","post","type-post","status-publish","format-image","has-post-thumbnail","hentry","category-deliberando","category-diario-armstrong","category-locales","category-politica","category-region","tag-autoridades","tag-belgrano-2","tag-iii","tag-la","tag-lic-graciela-de-la-casa","tag-nuevas","tag-para","tag-unidad-regional","post_format-post-format-image"],"jetpack_publicize_connections":[],"jetpack_featured_media_url":"https:\/\/armstrongyregion.com.ar\/diario\/wp-content\/uploads\/2024\/01\/polizonte-.jpg","jetpack_shortlink":"https:\/\/wp.me\/p62QDO-aKK","jetpack_sharing_enabled":true,"amp_enabled":true,"_links":{"self":[{"href":"https:\/\/armstrongyregion.com.ar\/diario\/wp-json\/wp\/v2\/posts\/41338","targetHints":{"allow":["GET"]}}],"collection":[{"href":"https:\/\/armstrongyregion.com.ar\/diario\/wp-json\/wp\/v2\/posts"}],"about":[{"href":"https:\/\/armstrongyregion.com.ar\/diario\/wp-json\/wp\/v2\/types\/post"}],"author":[{"embeddable":true,"href":"https:\/\/armstrongyregion.com.ar\/diario\/wp-json\/wp\/v2\/users\/1"}],"replies":[{"embeddable":true,"href":"https:\/\/armstrongyregion.com.ar\/diario\/wp-json\/wp\/v2\/comments?post=41338"}],"version-history":[{"count":1,"href":"https:\/\/armstrongyregion.com.ar\/diario\/wp-json\/wp\/v2\/posts\/41338\/revisions"}],"predecessor-version":[{"id":41340,"href":"https:\/\/armstrongyregion.com.ar\/diario\/wp-json\/wp\/v2\/posts\/41338\/revisions\/41340"}],"wp:featuredmedia":[{"embeddable":true,"href":"https:\/\/armstrongyregion.com.ar\/diario\/wp-json\/wp\/v2\/media\/41339"}],"wp:attachment":[{"href":"https:\/\/armstrongyregion.com.ar\/diario\/wp-json\/wp\/v2\/media?parent=41338"}],"wp:term":[{"taxonomy":"category","embeddable":true,"href":"https:\/\/armstrongyregion.com.ar\/diario\/wp-json\/wp\/v2\/categories?post=41338"},{"taxonomy":"post_tag","embeddable":true,"href":"https:\/\/armstrongyregion.com.ar\/diario\/wp-json\/wp\/v2\/tags?post=41338"}],"curies":[{"name":"wp","href":"https:\/\/api.w.org\/{rel}","templated":true}]}}