{"id":41331,"date":"2024-01-12T16:12:24","date_gmt":"2024-01-12T16:12:24","guid":{"rendered":"https:\/\/armstrongyregion.com.ar\/diario\/?p=41331"},"modified":"2024-01-12T16:12:27","modified_gmt":"2024-01-12T16:12:27","slug":"el-senador-verdecchia-recibio-en-el-dto-belgrano-a-la-ministra-igualdad-y-desarrollo-humano-victoria-tejeda","status":"publish","type":"post","link":"https:\/\/armstrongyregion.com.ar\/diario\/el-senador-verdecchia-recibio-en-el-dto-belgrano-a-la-ministra-igualdad-y-desarrollo-humano-victoria-tejeda\/","title":{"rendered":"El Senador Verdecchia recibi\u00f3 en el Dto. Belgrano a la Ministra Igualdad y Desarrollo Humano Victoria Tejeda."},"content":{"rendered":"\n<figure class=\"wp-block-image size-full\"><a href=\"http:\/\/armstrongyregion.com.ar\/diario\/wp-content\/uploads\/2024\/01\/tejeda-1-.jpg\"><img loading=\"lazy\" decoding=\"async\" width=\"600\" height=\"450\" src=\"http:\/\/armstrongyregion.com.ar\/diario\/wp-content\/uploads\/2024\/01\/tejeda-1-.jpg\" alt=\"\" class=\"wp-image-41332\" srcset=\"https:\/\/armstrongyregion.com.ar\/diario\/wp-content\/uploads\/2024\/01\/tejeda-1-.jpg 600w, https:\/\/armstrongyregion.com.ar\/diario\/wp-content\/uploads\/2024\/01\/tejeda-1--300x225.jpg 300w\" sizes=\"auto, (max-width: 600px) 100vw, 600px\" \/><\/a><\/figure>\n\n\n\n<h2 class=\"wp-block-heading\">\u201cEl Gobierno encabezado por Maximiliano Pullaro lleva apenas un mes de gesti\u00f3n y ya recibimos la visita de 2 ministros y del Presidente de la EPE. Este es el apoyo que no tuvo el departamento en los 4 a\u00f1os de Perotti y que si lo tenemos ahora\u201d<\/h2>\n\n\n\n<figure class=\"wp-block-image size-full\"><a href=\"http:\/\/armstrongyregion.com.ar\/diario\/wp-content\/uploads\/2024\/01\/tejeda-2-.jpg\"><img loading=\"lazy\" decoding=\"async\" width=\"600\" height=\"451\" src=\"http:\/\/armstrongyregion.com.ar\/diario\/wp-content\/uploads\/2024\/01\/tejeda-2-.jpg\" alt=\"\" class=\"wp-image-41333\" srcset=\"https:\/\/armstrongyregion.com.ar\/diario\/wp-content\/uploads\/2024\/01\/tejeda-2-.jpg 600w, https:\/\/armstrongyregion.com.ar\/diario\/wp-content\/uploads\/2024\/01\/tejeda-2--300x226.jpg 300w\" sizes=\"auto, (max-width: 600px) 100vw, 600px\" \/><\/a><\/figure>\n\n\n\n<p>As\u00ed se manifestaba el Senador Pablo Verdecchia quien a primera hora de la ma\u00f1ana, recibi\u00f3 en la ciudad cabecera del Departamento Belgrano a la Ministra Igualdad y Desarrollo Humano Victoria Tejeda y su equipo de trabajo.<\/p>\n\n\n\n<figure class=\"wp-block-image size-full\"><a href=\"http:\/\/armstrongyregion.com.ar\/diario\/wp-content\/uploads\/2024\/01\/tejeda3-.jpg\"><img loading=\"lazy\" decoding=\"async\" width=\"600\" height=\"451\" src=\"http:\/\/armstrongyregion.com.ar\/diario\/wp-content\/uploads\/2024\/01\/tejeda3-.jpg\" alt=\"\" class=\"wp-image-41334\" srcset=\"https:\/\/armstrongyregion.com.ar\/diario\/wp-content\/uploads\/2024\/01\/tejeda3-.jpg 600w, https:\/\/armstrongyregion.com.ar\/diario\/wp-content\/uploads\/2024\/01\/tejeda3--300x226.jpg 300w\" sizes=\"auto, (max-width: 600px) 100vw, 600px\" \/><\/a><\/figure>\n\n\n\n<p>Juntos <a><\/a>compartieron una reuni\u00f3n con el Intendente anfitri\u00f3n Javier Meyer en la que se dialog\u00f3 sobre la importancia de que los funcionarios provinciales est\u00e9n presentes en el territorio articulando con los equipos t\u00e9cnicos locales, las soluciones a las diferentes problem\u00e1ticas del departamento. &nbsp;Luego de esta reuni\u00f3n, los funcionarios visitaron el Centro de Acci\u00f3n Familiar (CAF) de Las Rosas, para verificar de primera mano el estado de funcionamiento la instituci\u00f3n, lo que pone en relevancia la voluntad del flamante gobierno provincial en priorizar las pol\u00edticas vinculadas a la contenci\u00f3n de la ni\u00f1ez y la protecci\u00f3n de sus derechos.<\/p>\n","protected":false},"excerpt":{"rendered":"<p>\u201cEl Gobierno encabezado por Maximiliano Pullaro lleva apenas un mes de gesti\u00f3n y ya recibimos la visita de 2 ministros y del Presidente de la EPE. Este es el apoyo que no tuvo el departamento en los 4 a\u00f1os de Perotti y que si lo tenemos ahora\u201d As\u00ed se manifestaba el Senador Pablo Verdecchia quien <a href=\"https:\/\/armstrongyregion.com.ar\/diario\/el-senador-verdecchia-recibio-en-el-dto-belgrano-a-la-ministra-igualdad-y-desarrollo-humano-victoria-tejeda\/\" title=\"Read more\" >&#8230;<\/a><\/p>\n","protected":false},"author":1,"featured_media":41332,"comment_status":"open","ping_status":"open","sticky":false,"template":"","format":"image","meta":{"_jetpack_memberships_contains_paid_content":false,"footnotes":"","jetpack_publicize_message":"","jetpack_publicize_feature_enabled":true,"jetpack_social_post_already_shared":true,"jetpack_social_options":{"image_generator_settings":{"template":"highway","default_image_id":0,"enabled":false},"version":2}},"categories":[8,1,2,7,3],"tags":[33,9139,16,15,31,8777,3478,496,205,10174],"class_list":["post-41331","post","type-post","status-publish","format-image","has-post-thumbnail","hentry","category-deliberando","category-diario-armstrong","category-locales","category-politica","category-region","tag-a","tag-dto-belgrano","tag-el","tag-en","tag-la","tag-lic-graciela-de-la-casa","tag-ministra","tag-recibio","tag-verdecchia","tag-victoria-tejeda","post_format-post-format-image"],"jetpack_publicize_connections":[],"jetpack_featured_media_url":"https:\/\/armstrongyregion.com.ar\/diario\/wp-content\/uploads\/2024\/01\/tejeda-1-.jpg","jetpack_shortlink":"https:\/\/wp.me\/p62QDO-aKD","jetpack_sharing_enabled":true,"amp_enabled":true,"_links":{"self":[{"href":"https:\/\/armstrongyregion.com.ar\/diario\/wp-json\/wp\/v2\/posts\/41331","targetHints":{"allow":["GET"]}}],"collection":[{"href":"https:\/\/armstrongyregion.com.ar\/diario\/wp-json\/wp\/v2\/posts"}],"about":[{"href":"https:\/\/armstrongyregion.com.ar\/diario\/wp-json\/wp\/v2\/types\/post"}],"author":[{"embeddable":true,"href":"https:\/\/armstrongyregion.com.ar\/diario\/wp-json\/wp\/v2\/users\/1"}],"replies":[{"embeddable":true,"href":"https:\/\/armstrongyregion.com.ar\/diario\/wp-json\/wp\/v2\/comments?post=41331"}],"version-history":[{"count":1,"href":"https:\/\/armstrongyregion.com.ar\/diario\/wp-json\/wp\/v2\/posts\/41331\/revisions"}],"predecessor-version":[{"id":41335,"href":"https:\/\/armstrongyregion.com.ar\/diario\/wp-json\/wp\/v2\/posts\/41331\/revisions\/41335"}],"wp:featuredmedia":[{"embeddable":true,"href":"https:\/\/armstrongyregion.com.ar\/diario\/wp-json\/wp\/v2\/media\/41332"}],"wp:attachment":[{"href":"https:\/\/armstrongyregion.com.ar\/diario\/wp-json\/wp\/v2\/media?parent=41331"}],"wp:term":[{"taxonomy":"category","embeddable":true,"href":"https:\/\/armstrongyregion.com.ar\/diario\/wp-json\/wp\/v2\/categories?post=41331"},{"taxonomy":"post_tag","embeddable":true,"href":"https:\/\/armstrongyregion.com.ar\/diario\/wp-json\/wp\/v2\/tags?post=41331"}],"curies":[{"name":"wp","href":"https:\/\/api.w.org\/{rel}","templated":true}]}}