{"id":4133,"date":"2015-09-19T13:21:23","date_gmt":"2015-09-19T13:21:23","guid":{"rendered":"https:\/\/armstrongyregion.com.ar\/diario\/?p=4133"},"modified":"2015-09-19T13:21:23","modified_gmt":"2015-09-19T13:21:23","slug":"alejando-el-fantasma-del-alzheimer-por-elizabeth-santangelo","status":"publish","type":"post","link":"https:\/\/armstrongyregion.com.ar\/diario\/alejando-el-fantasma-del-alzheimer-por-elizabeth-santangelo\/","title":{"rendered":"Alejando el fantasma del Alzheimer. Por Elizabeth Sant\u00e1ngelo."},"content":{"rendered":"<p><a href=\"http:\/\/armstrongyregion.com.ar\/diario\/wp-content\/uploads\/2015\/09\/alzeimer.jpg\"><img loading=\"lazy\" decoding=\"async\" class=\"alignnone size-medium wp-image-4134\" src=\"http:\/\/armstrongyregion.com.ar\/diario\/wp-content\/uploads\/2015\/09\/alzeimer-300x213.jpg\" alt=\"alzeimer\" width=\"300\" height=\"213\" srcset=\"https:\/\/armstrongyregion.com.ar\/diario\/wp-content\/uploads\/2015\/09\/alzeimer-300x213.jpg 300w, https:\/\/armstrongyregion.com.ar\/diario\/wp-content\/uploads\/2015\/09\/alzeimer-1024x728.jpg 1024w, https:\/\/armstrongyregion.com.ar\/diario\/wp-content\/uploads\/2015\/09\/alzeimer.jpg 1600w\" sizes=\"auto, (max-width: 300px) 100vw, 300px\" \/><\/a>\u201cEl nombre de la enfermedad de Alzheimer proviene de Alois Alzheimer, un neur\u00f3logo alem\u00e1n que en 1907 describi\u00f3 los s\u00edntomas que presentaba una mujer de 48 a\u00f1os, que para la \u00e9poca era ya anciana, como graves problemas de memoria\u201d.<br \/>\n\u00bfCu\u00e1les son los pensamientos que surgen al ver a padres o abuelos ante la dif\u00edcil situaci\u00f3n de enfrentar los s\u00edntomas de p\u00e9rdida de memoria, o demencia senil derivando en el Alzheimer?<br \/>\nUn video que circula en los medios muestra a una madre de 87 a\u00f1os, que padece este trastorno. Tristemente, en muchas ocasiones se le olvida qui\u00e9n es su hija. Pero en este enternecedor video, la se\u00f1ora recuerda qui\u00e9n es ella y que su nombre es Kelly, al grado de decir que la ama.<br \/>\nhttp:\/\/www.telegraph.co.uk\/news\/newsvideo\/11069653\/Kelly-Gunderson-Alzheimers-patient-remembers-her-daughter.html<br \/>\nCon una voz algo apagada pero con \u00e1nimo, la madre expresa que siempre que tiene miedo por alguna situaci\u00f3n, los pensamientos se le desvanecen, no acord\u00e1ndose qu\u00e9 era lo que quer\u00eda decir o hacer. Pero lo interesante es que, mientras que sintiendo el amor por esa hija, sus pensamientos se ordenan y recuerda las cosas.<br \/>\nEsta experiencia por la cual pas\u00f3 esta se\u00f1ora nos muestra que el Amor divino puede restaurar y volver a conectarnos con la vida. El Amor rescata el deseo de vivir y el deseo de estar sanos.<br \/>\nCon la ancianidad generalmente viene la inactividad, por eso es muy saludable que cada uno se plantee la posibilidad de seguir activo, tal vez desarroll\u00e1ndose en otra vocaci\u00f3n que le guste, o en alg\u00fan hobby.<br \/>\nEstar activo, vigente y con ansias de vivir y progresar, aunque se tenga cronol\u00f3gicamente 80 a\u00f1os o m\u00e1s, contribuye a la constante satisfacci\u00f3n y felicidad.<br \/>\nVivir en lugar de lamentarse, amar en lugar de mostrar un ce\u00f1o fruncido y molesto y experimentar nuevas vivencias y proyectos es una forma de mantener la salud y el bienestar.<br \/>\nEl amor incondicional y la dedicaci\u00f3n hacen mucho por todos los involucrados en esa situaci\u00f3n, de una manera u otra.<br \/>\nCuando tenemos en cuenta la conocida Regla de Oro: \u201cHacer a los dem\u00e1s lo que quieres que te hagan a ti\u201d, y la ponemos en pr\u00e1ctica cuando cuidamos a estas personas, comprobamos estar satisfechos de hacer el bien y expresar amor.<br \/>\nSi las cuidamos con caricias y sincera paciencia, ese lenguaje nos mantiene muy cerca de ellas y, naturalmente, ellas responden favorablemente, como fue el caso de la madre de Kelly Gunderson.<\/p>\n<p>Elizabeth escribe acerca de la salud y el bienestar desde una perspectiva espiritual, y es Comit\u00e9 de Publicaci\u00f3n de la Ciencia Cristiana, en Argentina.<br \/>\nEmail: Argentina@compub.org<br \/>\nTwitter: @elisantangelo1<\/p>\n","protected":false},"excerpt":{"rendered":"<p>\u201cEl nombre de la enfermedad de Alzheimer proviene de Alois Alzheimer, un neur\u00f3logo alem\u00e1n que en 1907 describi\u00f3 los s\u00edntomas que presentaba una mujer de 48 a\u00f1os, que para la \u00e9poca era ya anciana, como graves problemas de memoria\u201d. \u00bfCu\u00e1les son los pensamientos que surgen al ver a padres o abuelos ante la dif\u00edcil situaci\u00f3n <a href=\"https:\/\/armstrongyregion.com.ar\/diario\/alejando-el-fantasma-del-alzheimer-por-elizabeth-santangelo\/\" title=\"Read more\" >&#8230;<\/a><\/p>\n","protected":false},"author":2,"featured_media":4134,"comment_status":"open","ping_status":"open","sticky":false,"template":"","format":"standard","meta":{"_jetpack_memberships_contains_paid_content":false,"footnotes":"","jetpack_publicize_message":"","jetpack_publicize_feature_enabled":true,"jetpack_social_post_already_shared":false,"jetpack_social_options":{"image_generator_settings":{"template":"highway","default_image_id":0,"enabled":false},"version":2}},"categories":[1,2,4],"tags":[2765,2486,53,16,122,2766,60,123],"class_list":["post-4133","post","type-post","status-publish","format-standard","has-post-thumbnail","hentry","category-diario-armstrong","category-locales","category-prevencion-salud","tag-alejando","tag-alzheimer","tag-del","tag-el","tag-elizabeth","tag-fantasma","tag-por","tag-santangelo"],"jetpack_publicize_connections":[],"jetpack_featured_media_url":"https:\/\/armstrongyregion.com.ar\/diario\/wp-content\/uploads\/2015\/09\/alzeimer.jpg","jetpack_shortlink":"https:\/\/wp.me\/p62QDO-14F","jetpack_sharing_enabled":true,"amp_enabled":true,"_links":{"self":[{"href":"https:\/\/armstrongyregion.com.ar\/diario\/wp-json\/wp\/v2\/posts\/4133","targetHints":{"allow":["GET"]}}],"collection":[{"href":"https:\/\/armstrongyregion.com.ar\/diario\/wp-json\/wp\/v2\/posts"}],"about":[{"href":"https:\/\/armstrongyregion.com.ar\/diario\/wp-json\/wp\/v2\/types\/post"}],"author":[{"embeddable":true,"href":"https:\/\/armstrongyregion.com.ar\/diario\/wp-json\/wp\/v2\/users\/2"}],"replies":[{"embeddable":true,"href":"https:\/\/armstrongyregion.com.ar\/diario\/wp-json\/wp\/v2\/comments?post=4133"}],"version-history":[{"count":0,"href":"https:\/\/armstrongyregion.com.ar\/diario\/wp-json\/wp\/v2\/posts\/4133\/revisions"}],"wp:featuredmedia":[{"embeddable":true,"href":"https:\/\/armstrongyregion.com.ar\/diario\/wp-json\/wp\/v2\/media\/4134"}],"wp:attachment":[{"href":"https:\/\/armstrongyregion.com.ar\/diario\/wp-json\/wp\/v2\/media?parent=4133"}],"wp:term":[{"taxonomy":"category","embeddable":true,"href":"https:\/\/armstrongyregion.com.ar\/diario\/wp-json\/wp\/v2\/categories?post=4133"},{"taxonomy":"post_tag","embeddable":true,"href":"https:\/\/armstrongyregion.com.ar\/diario\/wp-json\/wp\/v2\/tags?post=4133"}],"curies":[{"name":"wp","href":"https:\/\/api.w.org\/{rel}","templated":true}]}}