{"id":41300,"date":"2024-01-10T20:35:41","date_gmt":"2024-01-10T20:35:41","guid":{"rendered":"https:\/\/armstrongyregion.com.ar\/diario\/?p=41300"},"modified":"2024-01-10T20:35:44","modified_gmt":"2024-01-10T20:35:44","slug":"pullaro-pusimos-todas-las-herramientas-del-gobierno-para-superar-la-emergencia-hidrica-del-norte-provincial","status":"publish","type":"post","link":"https:\/\/armstrongyregion.com.ar\/diario\/pullaro-pusimos-todas-las-herramientas-del-gobierno-para-superar-la-emergencia-hidrica-del-norte-provincial\/","title":{"rendered":"\u00a0Pullaro: \u201cPusimos todas las herramientas del Gobierno para superar la emergencia h\u00eddrica del norte provincial\u201d."},"content":{"rendered":"\n<figure class=\"wp-block-image size-full\"><a href=\"http:\/\/armstrongyregion.com.ar\/diario\/wp-content\/uploads\/2024\/01\/pullaro-inundaciones-rec.jpg\"><img loading=\"lazy\" decoding=\"async\" width=\"570\" height=\"320\" src=\"http:\/\/armstrongyregion.com.ar\/diario\/wp-content\/uploads\/2024\/01\/pullaro-inundaciones-rec.jpg\" alt=\"\" class=\"wp-image-41301\" srcset=\"https:\/\/armstrongyregion.com.ar\/diario\/wp-content\/uploads\/2024\/01\/pullaro-inundaciones-rec.jpg 570w, https:\/\/armstrongyregion.com.ar\/diario\/wp-content\/uploads\/2024\/01\/pullaro-inundaciones-rec-300x168.jpg 300w\" sizes=\"auto, (max-width: 570px) 100vw, 570px\" \/><\/a><\/figure>\n\n\n\n<h2 class=\"wp-block-heading\">El Gobernador encabez\u00f3 en Reconquista una reuni\u00f3n del Comit\u00e9 de Emergencia junto al intendente y el gabinete provincial. \u201cVamos a estar hasta que el agua baje y puedan volver a sus hogares. El Gobierno de la provincia de Santa Fe est\u00e1 presente\u201d, enfatiz\u00f3.<\/h2>\n\n\n\n<p>El gobernador Maximiliano Pullaro encabez\u00f3 este mi\u00e9rcoles en la ciudad de Reconquista una reuni\u00f3n del Comit\u00e9 de Emergencia, de la que participaron ministros y secretarios de diferentes \u00e1reas para monitorear y definir acciones en el marco del temporal que afecta a diferentes departamentos de la provincia desde ayer.<\/p>\n\n\n\n<p>Tras visitar sectores de la localidad afectados por el temporal, el gobernador precis\u00f3 que \u201ccuando vimos el impacto de la situaci\u00f3n h\u00eddrica en la ciudad salimos a recorrer los barrios y pedimos que todos los equipos puedan estar ya trabajando al lado de las fuerzas vivas de la ciudad\u201d.<\/p>\n\n\n\n<p>En ese marco, Pullaro detall\u00f3 que \u201ca alrededor de 40.000 personas les ingres\u00f3 agua a sus domicilios. A algunos, pocos cent\u00edmetros, pero a otros hasta un metro de agua. Estuvimos colaborando con Protecci\u00f3n Civil, que estuvo trabajando desde primera hora de la ma\u00f1ana con los equipos de Salud. Cada uno de los ministerios activ\u00f3 sus protocolos de trabajo en estas circunstancias. Est\u00e1n llegando tres bombas en las pr\u00f3ximas horas para colaborar con el escurrimiento del agua, ayuda del Ministerio de Desarrollo Humano y m\u00e1s equipos de Protecci\u00f3n Civil. Por supuesto, trabajamos junto al intendente y los bomberos\u201d.<\/p>\n\n\n\n<p>\u201cTodas las herramientas del Gobierno provincial est\u00e1n a disposici\u00f3n en esta emergencia h\u00eddrica de la regi\u00f3n -enfatiz\u00f3-. Vamos a tomar el esquema de trabajo en dos etapas. Primero la emergencia del momento para colaborar con las personas que realmente la est\u00e1n pasando muy mal. Lo pude ver con mis propios ojos, padres angustiados pidi\u00e9ndonos que llevemos a sus nenes chiquitos a domicilio de familiares por la cantidad de agua que ten\u00edan\u201d.<\/p>\n\n\n\n<p>En una segunda etapa, el gobernador adelant\u00f3 que la provincia trabajar\u00e1 con el intendente \u201cen la reconstrucci\u00f3n. Hay pedidos que vamos a resolver en un par de d\u00edas, y despu\u00e9s vamos a colaborar, no solo aqu\u00ed con esta ciudad, sino con todas las localidades de toda la regi\u00f3n que tuvieron el mismo problema y la misma gravedad\u201d.<\/p>\n\n\n\n<p>\u201cVamos a estar hasta que el agua baje y hasta que los ciudadanos y ciudadanas de aqu\u00ed puedan volver a sus hogares. El Gobierno de la provincia de Santa Fe est\u00e1 presente. La verdad es cr\u00edtica y angustiante pero poni\u00e9ndole lo mejor de nosotros la vamos a llevar adelante\u201d, finaliz\u00f3 Pullaro.<\/p>\n\n\n\n<figure class=\"wp-block-image\"><img decoding=\"async\" src=\"https:\/\/ci3.googleusercontent.com\/meips\/ADKq_Nbjl8yWwDXYiq-mqVfMC7GYwrvmuHxaKpvQnw0C3JTjoGkEiFja65-50RSFcq2N8ThGZBBmYe2_xy9OMNcL4TCVFQVWzut939FehagJp2PbECOJiug2PQ7jLak2lelf6QW-_6ceZQrpuwhU-Sw=s0-d-e1-ft#https:\/\/www.santafe.gob.ar\/noticias\/recursos\/fotos\/2024\/01\/2024-01-10NID_279552O_1.jpeg\" alt=\"\"\/><\/figure>\n\n\n\n<p><strong>Trabajo conjunto<\/strong><\/p>\n\n\n\n<p>Por su parte, el secretario de Protecci\u00f3n Civil de la Provincia, Marcos Escajadillo, asegur\u00f3 que \u201cnos hemos comunicado con todos los presidentes comunales e intendentes de la zona norte para ver qu\u00e9 requerimientos tienen y garantizarles que lo que ellos necesitan se lo vamos a suministrar. Es por eso que estamos viendo la accesibilidad para llegar a los distintos lugares\u201d.<\/p>\n\n\n\n<p>\u201cPor pedido del gobernador, llevamos a cabo la gesti\u00f3n de cercan\u00eda para trabajar antes de esta situaci\u00f3n, establecer el contacto y v\u00ednculo para que cuando se presenta la situaci\u00f3n de emergencia, estemos comunicados las 24 horas, teniendo la informaci\u00f3n al instante de cada localidad\u201d, agreg\u00f3 Escajadillo.<\/p>\n\n\n\n<p>Por \u00faltimo, el funcionario de Protecci\u00f3n Civil afirm\u00f3 que \u201ceste es un trabajo permanente pero a la vez din\u00e1mico. Es por eso que a las 15 horas se va a constituir y seguir\u00e1 trabajando la Junta Local de Protecci\u00f3n Civil en la Municipalidad para seguir monitoreando c\u00f3mo escurre el agua\u201d.<\/p>\n\n\n\n<p>Finalmente, el intendente de Reconquista, Enrique Vallejos, agradeci\u00f3 la presencia del gobernador Maximiliano Pullaro y todo su equipo, quienes \u201cse pusieron a disposici\u00f3n r\u00e1pidamente\u201d. Y agreg\u00f3: \u201cEstamos pasando una situaci\u00f3n muy cr\u00edtica, ya que han llovido cerca de 300 mil\u00edmetros desde las cinco de la ma\u00f1ana hasta el mediod\u00eda, algo nunca antes vivido. Hay m\u00e1s de 40 mil vecinos afectados y en barrios donde se hicieron obras pero no dieron a basto\u201d.<\/p>\n\n\n\n<p>\u201cEstamos trabajando codo a codo con el gobierno de la provincia y tenemos por prioridad a la ciudadan\u00eda\u201d, concluy\u00f3.<\/p>\n","protected":false},"excerpt":{"rendered":"<p>Pullaro: \u201cPusimos todas las herramientas del Gobierno para superar la emergencia h\u00eddrica del norte provincial\u201d.<\/p>\n","protected":false},"author":1,"featured_media":41301,"comment_status":"open","ping_status":"open","sticky":false,"template":"","format":"image","meta":{"_jetpack_memberships_contains_paid_content":false,"footnotes":"","jetpack_publicize_message":"","jetpack_publicize_feature_enabled":true,"jetpack_social_post_already_shared":true,"jetpack_social_options":{"image_generator_settings":{"template":"highway","default_image_id":0,"enabled":false},"version":2}},"categories":[8,1,2,7,3],"tags":[3306,23,8777,81,2846,10160,2882,2316],"class_list":["post-41300","post","type-post","status-publish","format-image","has-post-thumbnail","hentry","category-deliberando","category-diario-armstrong","category-locales","category-politica","category-region","tag-herramientas","tag-las","tag-lic-graciela-de-la-casa","tag-para","tag-pullaro","tag-pusimos","tag-superar","tag-todas","post_format-post-format-image"],"jetpack_publicize_connections":[],"jetpack_featured_media_url":"https:\/\/armstrongyregion.com.ar\/diario\/wp-content\/uploads\/2024\/01\/pullaro-inundaciones-rec.jpg","jetpack_shortlink":"https:\/\/wp.me\/p62QDO-aK8","jetpack_sharing_enabled":true,"amp_enabled":true,"_links":{"self":[{"href":"https:\/\/armstrongyregion.com.ar\/diario\/wp-json\/wp\/v2\/posts\/41300","targetHints":{"allow":["GET"]}}],"collection":[{"href":"https:\/\/armstrongyregion.com.ar\/diario\/wp-json\/wp\/v2\/posts"}],"about":[{"href":"https:\/\/armstrongyregion.com.ar\/diario\/wp-json\/wp\/v2\/types\/post"}],"author":[{"embeddable":true,"href":"https:\/\/armstrongyregion.com.ar\/diario\/wp-json\/wp\/v2\/users\/1"}],"replies":[{"embeddable":true,"href":"https:\/\/armstrongyregion.com.ar\/diario\/wp-json\/wp\/v2\/comments?post=41300"}],"version-history":[{"count":1,"href":"https:\/\/armstrongyregion.com.ar\/diario\/wp-json\/wp\/v2\/posts\/41300\/revisions"}],"predecessor-version":[{"id":41302,"href":"https:\/\/armstrongyregion.com.ar\/diario\/wp-json\/wp\/v2\/posts\/41300\/revisions\/41302"}],"wp:featuredmedia":[{"embeddable":true,"href":"https:\/\/armstrongyregion.com.ar\/diario\/wp-json\/wp\/v2\/media\/41301"}],"wp:attachment":[{"href":"https:\/\/armstrongyregion.com.ar\/diario\/wp-json\/wp\/v2\/media?parent=41300"}],"wp:term":[{"taxonomy":"category","embeddable":true,"href":"https:\/\/armstrongyregion.com.ar\/diario\/wp-json\/wp\/v2\/categories?post=41300"},{"taxonomy":"post_tag","embeddable":true,"href":"https:\/\/armstrongyregion.com.ar\/diario\/wp-json\/wp\/v2\/tags?post=41300"}],"curies":[{"name":"wp","href":"https:\/\/api.w.org\/{rel}","templated":true}]}}