{"id":41285,"date":"2024-01-09T14:06:33","date_gmt":"2024-01-09T14:06:33","guid":{"rendered":"https:\/\/armstrongyregion.com.ar\/diario\/?p=41285"},"modified":"2024-01-09T14:06:35","modified_gmt":"2024-01-09T14:06:35","slug":"pullaro-vamos-a-seguir-adelante-contra-los-delincuentes-no-nos-van-a-amedrentar","status":"publish","type":"post","link":"https:\/\/armstrongyregion.com.ar\/diario\/pullaro-vamos-a-seguir-adelante-contra-los-delincuentes-no-nos-van-a-amedrentar\/","title":{"rendered":"Pullaro: \u201cVamos a seguir adelante contra los delincuentes; no nos van a amedrentar\u201d"},"content":{"rendered":"\n<figure class=\"wp-block-image size-full\"><a href=\"http:\/\/armstrongyregion.com.ar\/diario\/wp-content\/uploads\/2024\/01\/pullaro-9-1-24-.jpg\"><img loading=\"lazy\" decoding=\"async\" width=\"376\" height=\"251\" src=\"http:\/\/armstrongyregion.com.ar\/diario\/wp-content\/uploads\/2024\/01\/pullaro-9-1-24-.jpg\" alt=\"\" class=\"wp-image-41286\" srcset=\"https:\/\/armstrongyregion.com.ar\/diario\/wp-content\/uploads\/2024\/01\/pullaro-9-1-24-.jpg 376w, https:\/\/armstrongyregion.com.ar\/diario\/wp-content\/uploads\/2024\/01\/pullaro-9-1-24--300x200.jpg 300w\" sizes=\"auto, (max-width: 376px) 100vw, 376px\" \/><\/a><\/figure>\n\n\n\n<h2 class=\"wp-block-heading\">El gobernador expres\u00f3 que \u201chay un Estado determinado en perseguir a la violencia y al crimen organizado. Los violentos la van a pasar cada vez peor\u201d, y remarc\u00f3 que \u201clo que m\u00e1s les molesta es la decisi\u00f3n de mantener a los delincuentes en pabellones de alto perfil\u201d.<\/h2>\n\n\n\n<p>El gobernador de la provincia, Maximiliano Pullaro, ratific\u00f3 este lunes \u201cel rumbo de seguir peleando contra la delincuencia en la ciudad de Rosario y en la provincia de Santa Fe\u201d. Lo hizo minutos despu\u00e9s de que se conociera que hab\u00eda recibido una nueva intimidaci\u00f3n contra su familia.<\/p>\n\n\n\n<p>\u201cLamentablemente ya estoy casi acostumbrado desde que comenz\u00f3 nuestra gesti\u00f3n\u201d dijo el mandatario, quien reafirm\u00f3 la decisi\u00f3n de \u201cseguir por el mismo camino\u201d, y se refiri\u00f3 a la medida de \u201cmantener a los detenidos que cometen delitos desde la c\u00e1rcel en pabellones de alto perfil, que creo que es lo que m\u00e1s les molesta\u201d.<\/p>\n\n\n\n<p>La amenaza -que lleg\u00f3 a la oficina de Migraciones- \u201ces contra mi familia y es algo subjetivo sobre la donaci\u00f3n de \u00f3rganos, es muy feo. Pero lo ratifico: vamos a seguir adelante, no nos van a amedrentar. Vamos a seguir trabajando. El Ministerio de Seguridad est\u00e1 muy compacto, muy s\u00f3lido\u201d, asegur\u00f3 Pullaro, quien record\u00f3 que \u201cel fin de semana tambi\u00e9n se intent\u00f3 amenazar al ministro (de Seguridad, Pablo) Cococcioni con una bomba molotov que se tir\u00f3 sobre un colectivo que estaba circulando en la ciudad\u201d.<\/p>\n\n\n\n<p>\u201cNo nos van a amedrentar, no nos van a detener -insisti\u00f3 el gobernador-, vamos a seguir adelante. El Estado est\u00e1 funcionando, no solo la Polic\u00eda que est\u00e1 saliendo la calle, que est\u00e1 haciendo identificaciones, sigo personalmente el secuestro de armas de fuego en la ciudad de Rosario, y es muy importante\u201d, asegur\u00f3.<\/p>\n\n\n\n<p>En ese sentido, dijo que \u201ctenemos que seguir ordenando la Polic\u00eda de la Provincia, tenemos que seguir articulando con la Justicia, y vamos a trabajar fuertemente para bajar los niveles de violencia en la ciudad, y los violentos van a saber que cada vez la van a pasar peor, porque ac\u00e1 no solo hay un gobierno, hay un Estado que tiene la determinaci\u00f3n de perseguir a la violencia y al crimen organizado\u201d, concluy\u00f3.<\/p>\n","protected":false},"excerpt":{"rendered":"<p>El gobernador expres\u00f3 que \u201chay un Estado determinado en perseguir a la violencia y al crimen organizado. Los violentos la van a pasar cada vez peor\u201d, y remarc\u00f3 que \u201clo que m\u00e1s les molesta es la decisi\u00f3n de mantener a los delincuentes en pabellones de alto perfil\u201d. El gobernador de la provincia, Maximiliano Pullaro, ratific\u00f3 <a href=\"https:\/\/armstrongyregion.com.ar\/diario\/pullaro-vamos-a-seguir-adelante-contra-los-delincuentes-no-nos-van-a-amedrentar\/\" title=\"Read more\" >&#8230;<\/a><\/p>\n","protected":false},"author":1,"featured_media":41286,"comment_status":"open","ping_status":"open","sticky":false,"template":"","format":"image","meta":{"_jetpack_memberships_contains_paid_content":false,"footnotes":"","jetpack_publicize_message":"","jetpack_publicize_feature_enabled":true,"jetpack_social_post_already_shared":true,"jetpack_social_options":{"image_generator_settings":{"template":"highway","default_image_id":0,"enabled":false},"version":2}},"categories":[8,1,2,7,3],"tags":[33,8923,1161,151,8777,2846,2573,3683],"class_list":["post-41285","post","type-post","status-publish","format-image","has-post-thumbnail","hentry","category-deliberando","category-diario-armstrong","category-locales","category-politica","category-region","tag-a","tag-adelante-2","tag-contra","tag-delincuentes","tag-lic-graciela-de-la-casa","tag-pullaro","tag-seguir","tag-vamos","post_format-post-format-image"],"jetpack_publicize_connections":[],"jetpack_featured_media_url":"https:\/\/armstrongyregion.com.ar\/diario\/wp-content\/uploads\/2024\/01\/pullaro-9-1-24-.jpg","jetpack_shortlink":"https:\/\/wp.me\/p62QDO-aJT","jetpack_sharing_enabled":true,"amp_enabled":true,"_links":{"self":[{"href":"https:\/\/armstrongyregion.com.ar\/diario\/wp-json\/wp\/v2\/posts\/41285","targetHints":{"allow":["GET"]}}],"collection":[{"href":"https:\/\/armstrongyregion.com.ar\/diario\/wp-json\/wp\/v2\/posts"}],"about":[{"href":"https:\/\/armstrongyregion.com.ar\/diario\/wp-json\/wp\/v2\/types\/post"}],"author":[{"embeddable":true,"href":"https:\/\/armstrongyregion.com.ar\/diario\/wp-json\/wp\/v2\/users\/1"}],"replies":[{"embeddable":true,"href":"https:\/\/armstrongyregion.com.ar\/diario\/wp-json\/wp\/v2\/comments?post=41285"}],"version-history":[{"count":2,"href":"https:\/\/armstrongyregion.com.ar\/diario\/wp-json\/wp\/v2\/posts\/41285\/revisions"}],"predecessor-version":[{"id":41288,"href":"https:\/\/armstrongyregion.com.ar\/diario\/wp-json\/wp\/v2\/posts\/41285\/revisions\/41288"}],"wp:featuredmedia":[{"embeddable":true,"href":"https:\/\/armstrongyregion.com.ar\/diario\/wp-json\/wp\/v2\/media\/41286"}],"wp:attachment":[{"href":"https:\/\/armstrongyregion.com.ar\/diario\/wp-json\/wp\/v2\/media?parent=41285"}],"wp:term":[{"taxonomy":"category","embeddable":true,"href":"https:\/\/armstrongyregion.com.ar\/diario\/wp-json\/wp\/v2\/categories?post=41285"},{"taxonomy":"post_tag","embeddable":true,"href":"https:\/\/armstrongyregion.com.ar\/diario\/wp-json\/wp\/v2\/tags?post=41285"}],"curies":[{"name":"wp","href":"https:\/\/api.w.org\/{rel}","templated":true}]}}