{"id":4127,"date":"2015-09-18T12:42:06","date_gmt":"2015-09-18T12:42:06","guid":{"rendered":"https:\/\/armstrongyregion.com.ar\/diario\/?p=4127"},"modified":"2015-09-18T12:42:06","modified_gmt":"2015-09-18T12:42:06","slug":"omar-perotti-estuvo-en-armstrong","status":"publish","type":"post","link":"https:\/\/armstrongyregion.com.ar\/diario\/omar-perotti-estuvo-en-armstrong\/","title":{"rendered":"Omar Perotti estuvo en Armstrong."},"content":{"rendered":"<p><a href=\"http:\/\/armstrongyregion.com.ar\/diario\/wp-content\/uploads\/2015\/09\/IMG-20150917-WA0029.jpg\"><img loading=\"lazy\" decoding=\"async\" class=\"alignnone size-medium wp-image-4128\" src=\"http:\/\/armstrongyregion.com.ar\/diario\/wp-content\/uploads\/2015\/09\/IMG-20150917-WA0029-300x225.jpg\" alt=\"Perotti-Armstrong\" width=\"300\" height=\"225\" srcset=\"https:\/\/armstrongyregion.com.ar\/diario\/wp-content\/uploads\/2015\/09\/IMG-20150917-WA0029-300x225.jpg 300w, https:\/\/armstrongyregion.com.ar\/diario\/wp-content\/uploads\/2015\/09\/IMG-20150917-WA0029-1024x768.jpg 1024w, https:\/\/armstrongyregion.com.ar\/diario\/wp-content\/uploads\/2015\/09\/IMG-20150917-WA0029.jpg 1600w\" sizes=\"auto, (max-width: 300px) 100vw, 300px\" \/><\/a>Este jueves por la tarde lleg\u00f3 a nuestra ciudad el actual Diputado Nacional, Candidato a Senador en la elecciones de Octubre Omar Perotti, en el marco de su recorrida visit\u00f3 Erca, tom\u00f3 contacto con los medios de comunicaci\u00f3n local y\u00a0 por la noche, dej\u00f3 inaugurada la Unidad B\u00e1sica sobre calle Fischer, donde fue recibido por el Dr. Augusto Fischer y otros dirigentes del Frente para la Victoria.<\/p>\n<p>Acompa\u00f1aron a Perotti, el Diputado Nacional Marcos Cleri, Diego Mansilla, candidato al Parlasur, Guillermo Cornaglia, Senador electo junto a referentes justicialista locales.<\/p>\n<p>\u201cNecesitamos afianzar el hecho en el pa\u00eds en los \u00faltimos a\u00f1os, por eso estamos acompa\u00f1ando a Daniel Scioli, para que contin\u00fae con la transformaci\u00f3n y apuntale el desarrollo en la Argentina para los pr\u00f3ximos a\u00f1os\u201d. Expresaba Perotti en una nota realizada por nuestro medio.<\/p>\n","protected":false},"excerpt":{"rendered":"<p>Este jueves por la tarde lleg\u00f3 a nuestra ciudad el actual Diputado Nacional, Candidato a Senador en la elecciones de Octubre Omar Perotti, en el marco de su recorrida visit\u00f3 Erca, tom\u00f3 contacto con los medios de comunicaci\u00f3n local y\u00a0 por la noche, dej\u00f3 inaugurada la Unidad B\u00e1sica sobre calle Fischer, donde fue recibido por <a href=\"https:\/\/armstrongyregion.com.ar\/diario\/omar-perotti-estuvo-en-armstrong\/\" title=\"Read more\" >&#8230;<\/a><\/p>\n","protected":false},"author":2,"featured_media":4128,"comment_status":"open","ping_status":"open","sticky":false,"template":"","format":"standard","meta":{"_jetpack_memberships_contains_paid_content":false,"footnotes":"","jetpack_publicize_message":"","jetpack_publicize_feature_enabled":true,"jetpack_social_post_already_shared":false,"jetpack_social_options":{"image_generator_settings":{"template":"highway","default_image_id":0,"enabled":false},"version":2}},"categories":[1,2,7],"tags":[20,15,961,1408,1409],"class_list":["post-4127","post","type-post","status-publish","format-standard","has-post-thumbnail","hentry","category-diario-armstrong","category-locales","category-politica","tag-armstrong","tag-en","tag-estuvo","tag-omar","tag-perotti"],"jetpack_publicize_connections":[],"jetpack_featured_media_url":"https:\/\/armstrongyregion.com.ar\/diario\/wp-content\/uploads\/2015\/09\/IMG-20150917-WA0029.jpg","jetpack_shortlink":"https:\/\/wp.me\/p62QDO-14z","jetpack_sharing_enabled":true,"amp_enabled":true,"_links":{"self":[{"href":"https:\/\/armstrongyregion.com.ar\/diario\/wp-json\/wp\/v2\/posts\/4127","targetHints":{"allow":["GET"]}}],"collection":[{"href":"https:\/\/armstrongyregion.com.ar\/diario\/wp-json\/wp\/v2\/posts"}],"about":[{"href":"https:\/\/armstrongyregion.com.ar\/diario\/wp-json\/wp\/v2\/types\/post"}],"author":[{"embeddable":true,"href":"https:\/\/armstrongyregion.com.ar\/diario\/wp-json\/wp\/v2\/users\/2"}],"replies":[{"embeddable":true,"href":"https:\/\/armstrongyregion.com.ar\/diario\/wp-json\/wp\/v2\/comments?post=4127"}],"version-history":[{"count":0,"href":"https:\/\/armstrongyregion.com.ar\/diario\/wp-json\/wp\/v2\/posts\/4127\/revisions"}],"wp:featuredmedia":[{"embeddable":true,"href":"https:\/\/armstrongyregion.com.ar\/diario\/wp-json\/wp\/v2\/media\/4128"}],"wp:attachment":[{"href":"https:\/\/armstrongyregion.com.ar\/diario\/wp-json\/wp\/v2\/media?parent=4127"}],"wp:term":[{"taxonomy":"category","embeddable":true,"href":"https:\/\/armstrongyregion.com.ar\/diario\/wp-json\/wp\/v2\/categories?post=4127"},{"taxonomy":"post_tag","embeddable":true,"href":"https:\/\/armstrongyregion.com.ar\/diario\/wp-json\/wp\/v2\/tags?post=4127"}],"curies":[{"name":"wp","href":"https:\/\/api.w.org\/{rel}","templated":true}]}}