{"id":41264,"date":"2024-01-04T20:59:43","date_gmt":"2024-01-04T20:59:43","guid":{"rendered":"https:\/\/armstrongyregion.com.ar\/diario\/?p=41264"},"modified":"2024-01-04T20:59:45","modified_gmt":"2024-01-04T20:59:45","slug":"abre-una-nueva-inscripcion-para-el-ingreso-a-la-policia-en-el-sur-provincial","status":"publish","type":"post","link":"https:\/\/armstrongyregion.com.ar\/diario\/abre-una-nueva-inscripcion-para-el-ingreso-a-la-policia-en-el-sur-provincial\/","title":{"rendered":"Abre una nueva inscripci\u00f3n para el ingreso a la Polic\u00eda en el sur provincial."},"content":{"rendered":"\n<figure class=\"wp-block-image size-full\"><a href=\"http:\/\/armstrongyregion.com.ar\/diario\/wp-content\/uploads\/2024\/01\/santa-fe-pcia-.png\"><img loading=\"lazy\" decoding=\"async\" width=\"480\" height=\"270\" src=\"http:\/\/armstrongyregion.com.ar\/diario\/wp-content\/uploads\/2024\/01\/santa-fe-pcia-.png\" alt=\"\" class=\"wp-image-41265\" srcset=\"https:\/\/armstrongyregion.com.ar\/diario\/wp-content\/uploads\/2024\/01\/santa-fe-pcia-.png 480w, https:\/\/armstrongyregion.com.ar\/diario\/wp-content\/uploads\/2024\/01\/santa-fe-pcia--300x169.png 300w\" sizes=\"auto, (max-width: 480px) 100vw, 480px\" \/><\/a><\/figure>\n\n\n\n<h2 class=\"wp-block-heading\">El proceso ser\u00e1 online desde el 8 al 22 de enero. Los egresados se sumar\u00e1n a la fuerza policial con el t\u00edtulo de T\u00e9cnico Superior en Seguridad P\u00fablica y Ciudadana con Orientaci\u00f3n Policial. M\u00e1s informaci\u00f3n en\u00a0<a rel=\"noreferrer noopener\" href=\"http:\/\/www.isepsantafe.edu.ar\/\" target=\"_blank\">www.isepsantafe.edu.ar<\/a><\/h2>\n\n\n\n<p>El gobierno de la Provincia, a trav\u00e9s del Ministerio de Seguridad y Justicia, abre una nueva convocatoria para el ingreso de aspirantes a la carrera de T\u00e9cnico Superior en Seguridad P\u00fablica y Ciudadana con orientaci\u00f3n Policial, ciclo lectivo 2024-2025. Los egresados se sumar\u00e1n a las filas de la Polic\u00eda de la provincia de Santa Fe con el grado de Suboficial de Polic\u00eda, Escalaf\u00f3n General &#8211; Subescalaf\u00f3n Seguridad. Cabe se\u00f1alar que se trata de un remanente que busca solo hombres de los departamentos General L\u00f3pez, Constituci\u00f3n, Caseros, Rosario, San Lorenzo, Iriondo y Belgrano. El motivo de esta decisi\u00f3n es que hay pocos inscriptos del sur provincial y la mayor\u00eda son mujeres.<\/p>\n\n\n\n<p>Las inscripciones estar\u00e1n abiertas del 8 al 22 de enero. Los interesados podr\u00e1n anotarse a trav\u00e9s de la p\u00e1gina web del Instituto de Seguridad P\u00fablica (ISeP)&nbsp;<a href=\"http:\/\/www.isepsantafe.edu.ar\/\" target=\"_blank\" rel=\"noreferrer noopener\">www.isepsantafe.edu.ar<\/a>.&nbsp;<\/p>\n\n\n\n<p><strong>Actualidad y proyecci\u00f3n<\/strong><\/p>\n\n\n\n<p>Al respecto, el subsecretario de Formaci\u00f3n y Carrera Policial, Marcelo Villan\u00faa indic\u00f3 que \u201cactualmente se encuentra en curso un proceso de selecci\u00f3n para cubrir 1800 vacantes donde se han inscripto 5703 mujeres y 3372 hombres. En este sentido, y en base a los objetivos y desaf\u00edos futuros de la instituci\u00f3n policial en el marco del Plan de Seguridad trazado por el Gobierno de la Provincia de Santa Fe se necesitan cubrir un mayor n\u00famero de vacantes masculinas para ingresar a la Polic\u00eda de la Provincia en el Escalaf\u00f3n General &#8211; Subescalaf\u00f3n Seguridad\u201d.&nbsp;<\/p>\n\n\n\n<p>Luego, Villan\u00faa asegur\u00f3: \u201cEsto responde a la conformaci\u00f3n actual de la Polic\u00eda de la Provincia y su proyecci\u00f3n de renovaci\u00f3n donde la mayor parte de los retiros corresponder\u00e1n a personal masculino, lo que hace necesario incorporar un n\u00famero mayor de hombres para no afectar la composici\u00f3n futura de la Fuerza. Asimismo, este criterio se reafirma en la cantidad reducida de aspirantes masculinos inscriptos en el proceso de selecci\u00f3n en curso\u201d.<\/p>\n\n\n\n<p>Finalmente, Villan\u00faa remarc\u00f3: \u201cEs importante mencionar que para el ingreso a otros escalafones y subescalafones se priorizan requisitos de conocimientos t\u00e9cnicos y de formaci\u00f3n acad\u00e9mica donde en su mayor\u00eda los porcentajes de incorporaciones femeninas superan a los masculinos. A su vez, estas vacantes deben ser cubiertas por ciudadanos que residan en los departamentos General L\u00f3pez, Constituci\u00f3n, Caseros, Rosario, San Lorenzo, Iriondo y Belgrano debido a que son los departamentos en donde menor cantidad de inscriptos ha habido en el proceso de selecci\u00f3n en curso y donde hist\u00f3ricamente menos aspirantes recibe la instituci\u00f3n\u201d.&nbsp;<\/p>\n\n\n\n<p><strong>Detalles<\/strong><\/p>\n\n\n\n<p>La Tecnicatura es una carrera de tres a\u00f1os y los dos primeros son de cursado presencial en las ciudades de Reconquista, Rafaela, Recreo, Rosario y Murphy. Una vez finalizado y aprobado el segundo a\u00f1o, se obtiene el t\u00edtulo intermedio provincial de Auxiliar en Seguridad, que permite ingresar a la Polic\u00eda de la provincia de Santa Fe. Adem\u00e1s, los cadetes obtienen el t\u00edtulo nacional de Agente de Calle. Luego de haber prestado dos a\u00f1os de servicio efectivo en la Polic\u00eda, deben cursar y aprobar el tercer a\u00f1o para graduarse de T\u00e9cnico Superior en Seguridad P\u00fablica y Ciudadana.<\/p>\n\n\n\n<p>Para conocer todos los requisitos y completar el proceso de inscripci\u00f3n, ingresar en la p\u00e1gina web del Instituto de Seguridad P\u00fablica de la Provincia&nbsp;<a href=\"http:\/\/www.isepsantafe.edu.ar\/\" target=\"_blank\" rel=\"noreferrer noopener\">www.isepsantafe.edu.ar<\/a><\/p>\n","protected":false},"excerpt":{"rendered":"<p>El proceso ser\u00e1 online desde el 8 al 22 de enero. Los egresados se sumar\u00e1n a la fuerza policial con el t\u00edtulo de T\u00e9cnico Superior en Seguridad P\u00fablica y Ciudadana con Orientaci\u00f3n Policial. M\u00e1s informaci\u00f3n en\u00a0www.isepsantafe.edu.ar El gobierno de la Provincia, a trav\u00e9s del Ministerio de Seguridad y Justicia, abre una nueva convocatoria para el <a href=\"https:\/\/armstrongyregion.com.ar\/diario\/abre-una-nueva-inscripcion-para-el-ingreso-a-la-policia-en-el-sur-provincial\/\" title=\"Read more\" >&#8230;<\/a><\/p>\n","protected":false},"author":1,"featured_media":41265,"comment_status":"open","ping_status":"open","sticky":false,"template":"","format":"image","meta":{"_jetpack_memberships_contains_paid_content":false,"footnotes":"","jetpack_publicize_message":"","jetpack_publicize_feature_enabled":true,"jetpack_social_post_already_shared":true,"jetpack_social_options":{"image_generator_settings":{"template":"highway","default_image_id":0,"enabled":false},"version":2}},"categories":[8,1,2,7,3],"tags":[33,3586,16,15,2380,2278,31,275,81,146,928,9473],"class_list":["post-41264","post","type-post","status-publish","format-image","has-post-thumbnail","hentry","category-deliberando","category-diario-armstrong","category-locales","category-politica","category-region","tag-a","tag-abre","tag-el","tag-en","tag-ingreso","tag-inscripcion","tag-la","tag-nueva","tag-para","tag-policia","tag-provincial","tag-sur-2","post_format-post-format-image"],"jetpack_publicize_connections":[],"jetpack_featured_media_url":"https:\/\/armstrongyregion.com.ar\/diario\/wp-content\/uploads\/2024\/01\/santa-fe-pcia-.png","jetpack_shortlink":"https:\/\/wp.me\/p62QDO-aJy","jetpack_sharing_enabled":true,"amp_enabled":true,"_links":{"self":[{"href":"https:\/\/armstrongyregion.com.ar\/diario\/wp-json\/wp\/v2\/posts\/41264","targetHints":{"allow":["GET"]}}],"collection":[{"href":"https:\/\/armstrongyregion.com.ar\/diario\/wp-json\/wp\/v2\/posts"}],"about":[{"href":"https:\/\/armstrongyregion.com.ar\/diario\/wp-json\/wp\/v2\/types\/post"}],"author":[{"embeddable":true,"href":"https:\/\/armstrongyregion.com.ar\/diario\/wp-json\/wp\/v2\/users\/1"}],"replies":[{"embeddable":true,"href":"https:\/\/armstrongyregion.com.ar\/diario\/wp-json\/wp\/v2\/comments?post=41264"}],"version-history":[{"count":1,"href":"https:\/\/armstrongyregion.com.ar\/diario\/wp-json\/wp\/v2\/posts\/41264\/revisions"}],"predecessor-version":[{"id":41266,"href":"https:\/\/armstrongyregion.com.ar\/diario\/wp-json\/wp\/v2\/posts\/41264\/revisions\/41266"}],"wp:featuredmedia":[{"embeddable":true,"href":"https:\/\/armstrongyregion.com.ar\/diario\/wp-json\/wp\/v2\/media\/41265"}],"wp:attachment":[{"href":"https:\/\/armstrongyregion.com.ar\/diario\/wp-json\/wp\/v2\/media?parent=41264"}],"wp:term":[{"taxonomy":"category","embeddable":true,"href":"https:\/\/armstrongyregion.com.ar\/diario\/wp-json\/wp\/v2\/categories?post=41264"},{"taxonomy":"post_tag","embeddable":true,"href":"https:\/\/armstrongyregion.com.ar\/diario\/wp-json\/wp\/v2\/tags?post=41264"}],"curies":[{"name":"wp","href":"https:\/\/api.w.org\/{rel}","templated":true}]}}