{"id":41258,"date":"2024-01-03T03:23:13","date_gmt":"2024-01-03T03:23:13","guid":{"rendered":"https:\/\/armstrongyregion.com.ar\/diario\/?p=41258"},"modified":"2024-01-03T03:23:16","modified_gmt":"2024-01-03T03:23:16","slug":"recomiendan-vacunarse-contra-la-fiebre-hemorragica-argentina-santa-fe-es-zona-endemica","status":"publish","type":"post","link":"https:\/\/armstrongyregion.com.ar\/diario\/recomiendan-vacunarse-contra-la-fiebre-hemorragica-argentina-santa-fe-es-zona-endemica\/","title":{"rendered":"Recomiendan vacunarse contra la fiebre hemorr\u00e1gica argentina: \u00abSanta Fe es zona end\u00e9mica\u00bb"},"content":{"rendered":"\n<figure class=\"wp-block-image size-full\"><a href=\"http:\/\/armstrongyregion.com.ar\/diario\/wp-content\/uploads\/2024\/01\/fiebre-hemorragica.jpg\"><img loading=\"lazy\" decoding=\"async\" width=\"400\" height=\"225\" src=\"http:\/\/armstrongyregion.com.ar\/diario\/wp-content\/uploads\/2024\/01\/fiebre-hemorragica.jpg\" alt=\"\" class=\"wp-image-41259\" srcset=\"https:\/\/armstrongyregion.com.ar\/diario\/wp-content\/uploads\/2024\/01\/fiebre-hemorragica.jpg 400w, https:\/\/armstrongyregion.com.ar\/diario\/wp-content\/uploads\/2024\/01\/fiebre-hemorragica-300x169.jpg 300w\" sizes=\"auto, (max-width: 400px) 100vw, 400px\" \/><\/a><\/figure>\n\n\n\n<h2 class=\"wp-block-heading\">Es de aplicaci\u00f3n gratuita, una vez en la vida, y est\u00e1 incluida en el calendario nacional, indicada para prevenci\u00f3n en personas de entre 15 y 65 a\u00f1os.<\/h2>\n\n\n\n<p>Tras conocerse\u00a0<a rel=\"noreferrer noopener\" href=\"https:\/\/www.rosario3.com\/salud\/Volvio-de-viaje-con-fiebre-hemorragica-argentina-y-fallecio-en-un-sanatorio-rosarino-20240102-0042.html\" target=\"_blank\">el fallecimiento de un hombre contagiado de fiebre hemorr\u00e1gica argentina<\/a>, el director de Epidemiolog\u00eda municipal, Mat\u00edas Lahitte, emiti\u00f3 su recomendaci\u00f3n a la poblaci\u00f3n de inocularse preventivamente, sobre todo quienes trabajan en zonas rurales, aunque tambi\u00e9n\u00a0<strong>resalt\u00f3 que han habido casos de contagiados de la zona urbana y periurbana.<\/strong><\/p>\n\n\n\n<p>Cabe aclarar que no hubo en el \u00faltimo a\u00f1o un n\u00famero considerable de casos diagnosticados oficialmente: fueron dos, uno de ellos el fallecido el pasado lunes, oriundo de la localidad de Funes. Fue<a href=\"https:\/\/www.rosario3.com\/salud\/Alertan-por-un-crecimiento-de-casos-de-fiebre-hemorragica-argentina-en-las-zonas-endemicas-20220623-0043.html\" target=\"_blank\" rel=\"noreferrer noopener\">&nbsp;en 2022 que se emiti\u00f3 un alerta por un crecimiento de casos<\/a>&nbsp;de fiebre hemorr\u00e1gica argentina en las zonas end\u00e9micas, \u201ccon ocho contagios, de los cuales dos fallecieron\u201d.<\/p>\n\n\n\n<p>La fiebre hemorr\u00e1gica argentina es una enfermedad end\u00e9mica solo en tres provincias: Santa Fe, Buenos Aires y La Pampa. Y si bien \u201csuele ser transmitida por roedores en el campo,\u00a0<strong>hemos tenido casos en zonas urbanas y periurbanas\u201d<\/strong>, indic\u00f3 el infect\u00f3logo Lahitte.\u00a0<\/p>\n\n\n\n<p>El funcionario de la cartera epidemiol\u00f3gica\u00a0<strong>destac\u00f3 entonces que \u00abes importante la vacunacion de la poblacion porque Santa Fe es zona end\u00e9mica\u00bb<\/strong>, y detall\u00f3 entonces que \u201cla vacuna est\u00e1 incluida en el calendario nacional y es gratuita,\u00a0y se puede encontrar en efectores p\u00fablicos\u201d. Y explic\u00f3 que se trata de un plasma de una persona que tuvo esta enfermedad, para generar anticuerpos.<\/p>\n\n\n\n<p>La vacuna es la Candid #1, que es indicada para personas desde los 15 a\u00f1os y hasta los 65, y que est\u00e1 en el calendario de vacunaci\u00f3n nacional, de inoculaci\u00f3n una sola vez en la vida. \u00abEl contenido sale de un frasco multidosis, por lo que al abrirse un frasco, deben vacunarse aproximadamente 10 personas\u00bb, destac\u00f3 Lahitte.<\/p>\n\n\n\n<p>Agreg\u00f3 adem\u00e1s que a<strong>nte la presencia de s\u00edntomas y la sospecha cl\u00ednica de un cuadro compatible con FHA es importante realizar la determinaci\u00f3n en el laboratorio de referencia provincial que es el Cemar, realizar la extracci\u00f3n\u00bb.&nbsp;<\/strong><\/p>\n\n\n\n<p>Finalmente destac\u00f3 que para quienes ya tengan diagn\u00f3stico de FHA, \u00abse dispone adem\u00e1s\u00a0del\u00a0<strong>plasma de convalecientes\u00a0<\/strong>(que es el plasma de una persona que tuvo la enfermedad, para generar anticuerpos), para buscar disminuir la mortalidad por este virus\u00bb.<\/p>\n\n\n\n<p>Por Rosario3.<\/p>\n","protected":false},"excerpt":{"rendered":"<p>Es de aplicaci\u00f3n gratuita, una vez en la vida, y est\u00e1 incluida en el calendario nacional, indicada para prevenci\u00f3n en personas de entre 15 y 65 a\u00f1os. Tras conocerse\u00a0el fallecimiento de un hombre contagiado de fiebre hemorr\u00e1gica argentina, el director de Epidemiolog\u00eda municipal, Mat\u00edas Lahitte, emiti\u00f3 su recomendaci\u00f3n a la poblaci\u00f3n de inocularse preventivamente, sobre <a href=\"https:\/\/armstrongyregion.com.ar\/diario\/recomiendan-vacunarse-contra-la-fiebre-hemorragica-argentina-santa-fe-es-zona-endemica\/\" title=\"Read more\" >&#8230;<\/a><\/p>\n","protected":false},"author":1,"featured_media":41259,"comment_status":"open","ping_status":"open","sticky":false,"template":"","format":"image","meta":{"_jetpack_memberships_contains_paid_content":false,"footnotes":"","jetpack_publicize_message":"","jetpack_publicize_feature_enabled":true,"jetpack_social_post_already_shared":true,"jetpack_social_options":{"image_generator_settings":{"template":"highway","default_image_id":0,"enabled":false},"version":2}},"categories":[8,1,2,7,3],"tags":[1161,4608,139,10149,31,9975,10147,3381,3983,10150],"class_list":["post-41258","post","type-post","status-publish","format-image","has-post-thumbnail","hentry","category-deliberando","category-diario-armstrong","category-locales","category-politica","category-region","tag-contra","tag-diario-armstrong-y-region","tag-es","tag-hemorragica","tag-la","tag-por-lic-graciela-de-la-casa","tag-recomiendan","tag-santa-fe","tag-vacunarse","tag-zona-endemica","post_format-post-format-image"],"jetpack_publicize_connections":[],"jetpack_featured_media_url":"https:\/\/armstrongyregion.com.ar\/diario\/wp-content\/uploads\/2024\/01\/fiebre-hemorragica.jpg","jetpack_shortlink":"https:\/\/wp.me\/p62QDO-aJs","jetpack_sharing_enabled":true,"amp_enabled":true,"_links":{"self":[{"href":"https:\/\/armstrongyregion.com.ar\/diario\/wp-json\/wp\/v2\/posts\/41258","targetHints":{"allow":["GET"]}}],"collection":[{"href":"https:\/\/armstrongyregion.com.ar\/diario\/wp-json\/wp\/v2\/posts"}],"about":[{"href":"https:\/\/armstrongyregion.com.ar\/diario\/wp-json\/wp\/v2\/types\/post"}],"author":[{"embeddable":true,"href":"https:\/\/armstrongyregion.com.ar\/diario\/wp-json\/wp\/v2\/users\/1"}],"replies":[{"embeddable":true,"href":"https:\/\/armstrongyregion.com.ar\/diario\/wp-json\/wp\/v2\/comments?post=41258"}],"version-history":[{"count":1,"href":"https:\/\/armstrongyregion.com.ar\/diario\/wp-json\/wp\/v2\/posts\/41258\/revisions"}],"predecessor-version":[{"id":41260,"href":"https:\/\/armstrongyregion.com.ar\/diario\/wp-json\/wp\/v2\/posts\/41258\/revisions\/41260"}],"wp:featuredmedia":[{"embeddable":true,"href":"https:\/\/armstrongyregion.com.ar\/diario\/wp-json\/wp\/v2\/media\/41259"}],"wp:attachment":[{"href":"https:\/\/armstrongyregion.com.ar\/diario\/wp-json\/wp\/v2\/media?parent=41258"}],"wp:term":[{"taxonomy":"category","embeddable":true,"href":"https:\/\/armstrongyregion.com.ar\/diario\/wp-json\/wp\/v2\/categories?post=41258"},{"taxonomy":"post_tag","embeddable":true,"href":"https:\/\/armstrongyregion.com.ar\/diario\/wp-json\/wp\/v2\/tags?post=41258"}],"curies":[{"name":"wp","href":"https:\/\/api.w.org\/{rel}","templated":true}]}}