{"id":41254,"date":"2023-12-30T22:59:00","date_gmt":"2023-12-30T22:59:00","guid":{"rendered":"https:\/\/armstrongyregion.com.ar\/diario\/?p=41254"},"modified":"2024-01-02T22:59:41","modified_gmt":"2024-01-02T22:59:41","slug":"clara-garcia-destaco-la-labor-de-la-legislatura-para-darle-al-gobernador-pullaro-herramientas-centrales-para-su-gestion","status":"publish","type":"post","link":"https:\/\/armstrongyregion.com.ar\/diario\/clara-garcia-destaco-la-labor-de-la-legislatura-para-darle-al-gobernador-pullaro-herramientas-centrales-para-su-gestion\/","title":{"rendered":"CLARA GARC\u00cdA DESTAC\u00d3 LA LABOR DE LA LEGISLATURA PARA \u201cDARLE AL GOBERNADOR PULLARO HERRAMIENTAS CENTRALES PARA SU GESTI\u00d3N\u201d"},"content":{"rendered":"\n\n\n<p>La presidenta de la C\u00e1mara de Diputadas y Diputados puso de relieve \u201cel trabajo mancomunado\u201d con el Senado, que permiti\u00f3 sancionar 15 leyes en tres semanas. Tambi\u00e9n \u201cel contenido y la importancia\u201d de las normas aprobadas y el alto nivel de consenso logrado._<\/p>\n\n\n\n<p>La presidenta de la C\u00e1mara de Diputadas y Diputados, Clara Garc\u00eda, destac\u00f3 la labor desarrollada por la Legislatura en las \u00faltimas tres semanas, que se tradujo la sanci\u00f3n de 15 leyes \u201cque le dan al gobernador Maximiliano Pullaro herramientas centrales para llevar adelante su gesti\u00f3n\u201d, seg\u00fan asegur\u00f3.<\/p>\n\n\n\n<p>En primer lugar, Garc\u00eda puso de relieve la \u201cgran cantidad de trabajo, realizado de manera mancomunada entre diputados y senadores. Otras veces no pasaba \u2013record\u00f3-, todos los proyectos quedaban en media sanci\u00f3n y no hab\u00eda un di\u00e1logo suficiente para que efectivamente se transformaran en leyes. En estas tres semanas fue diferente\u201d.<\/p>\n\n\n\n<p>Al respecto, subray\u00f3 \u201cel contenido y al importancia\u201d de las normas aprobadas, que \u201ctratan de la seguridad, para que la gente viva de una manera m\u00e1s pac\u00edfica y tranquila; y de la justicia, para que no haya impunidad. Tambi\u00e9n est\u00e1n la emergencia h\u00eddrica y ambiental, la emergencia social y educativa, el Presupuesto y las leyes Tributaria y de Inteligencia\u201d, enumer\u00f3.<\/p>\n\n\n\n<p>Por \u00faltimo, la presidenta de la C\u00e1mara baja remarc\u00f3 \u201cla capacidad de apertura\u201d del oficialismo que, pese a contar con mayor\u00eda, mostr\u00f3 disposici\u00f3n para \u201crecibir aportes, objeciones, modificaciones. Conversamos con todos los bloques e inclusive los minoritarios tuvieron la palabra para hacer alguna modificaci\u00f3n. Eso enriquece el contenido de los proyectos y hace part\u00edcipes a los legisladores\u201d.<\/p>\n\n\n\n<p>En este punto, tambi\u00e9n reconoci\u00f3 la voluntad de di\u00e1logo del propio Pullaro: \u201cUn gobernador que obtuvo m\u00e1s de un mill\u00f3n de votos y una Legislatura con mayor\u00eda en ambas c\u00e1maras podr\u00eda haber actuado de manera diferente. Sin embargo, no exentos de la tensi\u00f3n pol\u00edtica que es normal, hemos buscado los consensos y pr\u00e1cticamente todas las leyes han salido por unanimidad o por una mayor\u00eda muy marcada y han sido muy pocos los votos en contra\u201d, resalt\u00f3 Garc\u00eda.<\/p>\n","protected":false},"excerpt":{"rendered":"<p>La presidenta de la C\u00e1mara de Diputadas y Diputados puso de relieve \u201cel trabajo mancomunado\u201d con el Senado, que permiti\u00f3 sancionar 15 leyes en tres semanas. Tambi\u00e9n \u201cel contenido y la importancia\u201d de las normas aprobadas y el alto nivel de consenso logrado._ La presidenta de la C\u00e1mara de Diputadas y Diputados, Clara Garc\u00eda, destac\u00f3 <a href=\"https:\/\/armstrongyregion.com.ar\/diario\/clara-garcia-destaco-la-labor-de-la-legislatura-para-darle-al-gobernador-pullaro-herramientas-centrales-para-su-gestion\/\" title=\"Read more\" >&#8230;<\/a><\/p>\n","protected":false},"author":2,"featured_media":41255,"comment_status":"open","ping_status":"open","sticky":false,"template":"","format":"image","meta":{"_jetpack_memberships_contains_paid_content":false,"footnotes":"","jetpack_publicize_message":"","jetpack_publicize_feature_enabled":true,"jetpack_social_post_already_shared":true,"jetpack_social_options":{"image_generator_settings":{"template":"highway","default_image_id":0,"enabled":false},"version":2}},"categories":[1,7],"tags":[],"class_list":["post-41254","post","type-post","status-publish","format-image","has-post-thumbnail","hentry","category-diario-armstrong","category-politica","post_format-post-format-image"],"jetpack_publicize_connections":[],"jetpack_featured_media_url":"https:\/\/armstrongyregion.com.ar\/diario\/wp-content\/uploads\/2024\/01\/CLARA-GARCIA-scaled.jpg","jetpack_shortlink":"https:\/\/wp.me\/p62QDO-aJo","jetpack_sharing_enabled":true,"amp_enabled":true,"_links":{"self":[{"href":"https:\/\/armstrongyregion.com.ar\/diario\/wp-json\/wp\/v2\/posts\/41254","targetHints":{"allow":["GET"]}}],"collection":[{"href":"https:\/\/armstrongyregion.com.ar\/diario\/wp-json\/wp\/v2\/posts"}],"about":[{"href":"https:\/\/armstrongyregion.com.ar\/diario\/wp-json\/wp\/v2\/types\/post"}],"author":[{"embeddable":true,"href":"https:\/\/armstrongyregion.com.ar\/diario\/wp-json\/wp\/v2\/users\/2"}],"replies":[{"embeddable":true,"href":"https:\/\/armstrongyregion.com.ar\/diario\/wp-json\/wp\/v2\/comments?post=41254"}],"version-history":[{"count":1,"href":"https:\/\/armstrongyregion.com.ar\/diario\/wp-json\/wp\/v2\/posts\/41254\/revisions"}],"predecessor-version":[{"id":41256,"href":"https:\/\/armstrongyregion.com.ar\/diario\/wp-json\/wp\/v2\/posts\/41254\/revisions\/41256"}],"wp:featuredmedia":[{"embeddable":true,"href":"https:\/\/armstrongyregion.com.ar\/diario\/wp-json\/wp\/v2\/media\/41255"}],"wp:attachment":[{"href":"https:\/\/armstrongyregion.com.ar\/diario\/wp-json\/wp\/v2\/media?parent=41254"}],"wp:term":[{"taxonomy":"category","embeddable":true,"href":"https:\/\/armstrongyregion.com.ar\/diario\/wp-json\/wp\/v2\/categories?post=41254"},{"taxonomy":"post_tag","embeddable":true,"href":"https:\/\/armstrongyregion.com.ar\/diario\/wp-json\/wp\/v2\/tags?post=41254"}],"curies":[{"name":"wp","href":"https:\/\/api.w.org\/{rel}","templated":true}]}}