{"id":41249,"date":"2024-01-02T16:42:38","date_gmt":"2024-01-02T16:42:38","guid":{"rendered":"https:\/\/armstrongyregion.com.ar\/diario\/?p=41249"},"modified":"2024-01-02T16:42:40","modified_gmt":"2024-01-02T16:42:40","slug":"se-conocen-los-feriados-para-el-2024","status":"publish","type":"post","link":"https:\/\/armstrongyregion.com.ar\/diario\/se-conocen-los-feriados-para-el-2024\/","title":{"rendered":"Se conocen los feriados para el 2024."},"content":{"rendered":"\n<figure class=\"wp-block-image size-full\"><a href=\"http:\/\/armstrongyregion.com.ar\/diario\/wp-content\/uploads\/2024\/01\/calendario-2024-feriados-.jpg\"><img loading=\"lazy\" decoding=\"async\" width=\"595\" height=\"324\" src=\"http:\/\/armstrongyregion.com.ar\/diario\/wp-content\/uploads\/2024\/01\/calendario-2024-feriados-.jpg\" alt=\"\" class=\"wp-image-41250\" srcset=\"https:\/\/armstrongyregion.com.ar\/diario\/wp-content\/uploads\/2024\/01\/calendario-2024-feriados-.jpg 595w, https:\/\/armstrongyregion.com.ar\/diario\/wp-content\/uploads\/2024\/01\/calendario-2024-feriados--300x163.jpg 300w\" sizes=\"auto, (max-width: 595px) 100vw, 595px\" \/><\/a><\/figure>\n\n\n\n<h2 class=\"wp-block-heading\">Los feriados nacionales trasladables cuyas fechas coincidan con los d\u00edas martes y mi\u00e9rcoles ser\u00e1n trasladados al d\u00eda lunes anterior y los que coincidan con los d\u00edas jueves y viernes, al d\u00eda lunes siguiente.<\/h2>\n\n\n\n<p><strong>Enero<\/strong><br>Lunes 1\u00b0 de enero: A\u00f1o Nuevo. Feriado inamovible.<\/p>\n\n\n\n<p><strong>Febrero<\/strong><br>Lunes 12 y martes 13 de febrero: Carnaval. Feriados inamovibles.<\/p>\n\n\n\n<p><strong>Marzo<\/strong><br>Domingo 24 de marzo: D\u00eda Nacional de la Memoria por la Verdad y la Justicia. Feriado inamovible.<br>28 de marzo. Jueves Santo \u2013 Festividad cristiana. D\u00eda no laborable.<br>29 de marzo. Viernes Santo \u2013 Festividad cristiana. Feriado inamovible.<\/p>\n\n\n\n<p><strong>Abril<\/strong><br>Lunes 1\u00b0 de abril. Feriado con fines tur\u00edsticos.<br>Martes 2 de abril: D\u00eda del Veterano y de los Ca\u00eddos en la Guerra de Malvinas. Feriado inamovible.<\/p>\n\n\n\n<p><strong>Mayo<\/strong><br>Mi\u00e9rcoles 1\u00b0 de mayo: D\u00eda del Trabajo. Feriado inamovible.<br>S\u00e1bado 25 de mayo: D\u00eda de la Revoluci\u00f3n de Mayo. Feriado inamovible.<\/p>\n\n\n\n<p><strong>Junio<\/strong><br>Lunes 17 de junio: Paso a la Inmortalidad del General Don Mart\u00edn Miguel de G\u00fcemes. Feriado trasladable.<br>Jueves 20 de junio: Paso a la Inmortalidad del General Don Manuel Belgrano. Feriado inamovible.<br>Viernes 21 de junio. Feriado con fines tur\u00edsticos.<\/p>\n\n\n\n<p><strong>Julio<\/strong><br>Martes 9 de julio: D\u00eda de la Independencia. Feriado inamovible.<\/p>\n\n\n\n<p><strong>Agosto<\/strong><br>S\u00e1bado 17 de agosto: Paso a la Inmortalidad del General Don Jos\u00e9 de San Mart\u00edn. Feriado trasladable.<\/p>\n\n\n\n<p><strong>Septiembre<\/strong><br>Es el \u00fanico mes en el que no habr\u00e1 feriados.<\/p>\n\n\n\n<p><strong>Octubre<\/strong><br>Viernes 11 de octubre. Feriado con fines tur\u00edsticos.S\u00e1bado 12 de octubre: D\u00eda del Respeto a la Diversidad Cultural. Feriado trasladable.<\/p>\n\n\n\n<p><strong>Noviembre<\/strong><br>Mi\u00e9rcoles 20 de noviembre: D\u00eda de la Soberan\u00eda Nacional. Feriado trasladable al lunes 18.<\/p>\n\n\n\n<p><strong>Diciembre<\/strong><br>Domingo 8 de diciembre: D\u00eda de la Inmaculada Concepci\u00f3n de Mar\u00eda. Feriado inamovible.<br>Mi\u00e9rcoles 25 de diciembre: Navidad. Feriado inamovible.<\/p>\n","protected":false},"excerpt":{"rendered":"<p>Los feriados nacionales trasladables cuyas fechas coincidan con los d\u00edas martes y mi\u00e9rcoles ser\u00e1n trasladados al d\u00eda lunes anterior y los que coincidan con los d\u00edas jueves y viernes, al d\u00eda lunes siguiente. EneroLunes 1\u00b0 de enero: A\u00f1o Nuevo. Feriado inamovible. FebreroLunes 12 y martes 13 de febrero: Carnaval. Feriados inamovibles. MarzoDomingo 24 de marzo: <a href=\"https:\/\/armstrongyregion.com.ar\/diario\/se-conocen-los-feriados-para-el-2024\/\" title=\"Read more\" >&#8230;<\/a><\/p>\n","protected":false},"author":1,"featured_media":41250,"comment_status":"open","ping_status":"open","sticky":false,"template":"","format":"image","meta":{"_jetpack_memberships_contains_paid_content":false,"footnotes":"","jetpack_publicize_message":"","jetpack_publicize_feature_enabled":true,"jetpack_social_post_already_shared":true,"jetpack_social_options":{"image_generator_settings":{"template":"highway","default_image_id":0,"enabled":false},"version":2}},"categories":[6,8,1,2,3],"tags":[10146,5016,10144,53,8777,86],"class_list":["post-41249","post","type-post","status-publish","format-image","has-post-thumbnail","hentry","category-cultura-entretenimiento","category-deliberando","category-diario-armstrong","category-locales","category-region","tag-10146","tag-armstrong-y-region","tag-conocen","tag-del","tag-lic-graciela-de-la-casa","tag-se","post_format-post-format-image"],"jetpack_publicize_connections":[],"jetpack_featured_media_url":"https:\/\/armstrongyregion.com.ar\/diario\/wp-content\/uploads\/2024\/01\/calendario-2024-feriados-.jpg","jetpack_shortlink":"https:\/\/wp.me\/p62QDO-aJj","jetpack_sharing_enabled":true,"amp_enabled":true,"_links":{"self":[{"href":"https:\/\/armstrongyregion.com.ar\/diario\/wp-json\/wp\/v2\/posts\/41249","targetHints":{"allow":["GET"]}}],"collection":[{"href":"https:\/\/armstrongyregion.com.ar\/diario\/wp-json\/wp\/v2\/posts"}],"about":[{"href":"https:\/\/armstrongyregion.com.ar\/diario\/wp-json\/wp\/v2\/types\/post"}],"author":[{"embeddable":true,"href":"https:\/\/armstrongyregion.com.ar\/diario\/wp-json\/wp\/v2\/users\/1"}],"replies":[{"embeddable":true,"href":"https:\/\/armstrongyregion.com.ar\/diario\/wp-json\/wp\/v2\/comments?post=41249"}],"version-history":[{"count":1,"href":"https:\/\/armstrongyregion.com.ar\/diario\/wp-json\/wp\/v2\/posts\/41249\/revisions"}],"predecessor-version":[{"id":41251,"href":"https:\/\/armstrongyregion.com.ar\/diario\/wp-json\/wp\/v2\/posts\/41249\/revisions\/41251"}],"wp:featuredmedia":[{"embeddable":true,"href":"https:\/\/armstrongyregion.com.ar\/diario\/wp-json\/wp\/v2\/media\/41250"}],"wp:attachment":[{"href":"https:\/\/armstrongyregion.com.ar\/diario\/wp-json\/wp\/v2\/media?parent=41249"}],"wp:term":[{"taxonomy":"category","embeddable":true,"href":"https:\/\/armstrongyregion.com.ar\/diario\/wp-json\/wp\/v2\/categories?post=41249"},{"taxonomy":"post_tag","embeddable":true,"href":"https:\/\/armstrongyregion.com.ar\/diario\/wp-json\/wp\/v2\/tags?post=41249"}],"curies":[{"name":"wp","href":"https:\/\/api.w.org\/{rel}","templated":true}]}}