{"id":41245,"date":"2024-01-02T16:38:46","date_gmt":"2024-01-02T16:38:46","guid":{"rendered":"https:\/\/armstrongyregion.com.ar\/diario\/?p=41245"},"modified":"2024-01-02T16:46:04","modified_gmt":"2024-01-02T16:46:04","slug":"fallecio-ex-presidente-comunal-de-tortugas-jorge-besso","status":"publish","type":"post","link":"https:\/\/armstrongyregion.com.ar\/diario\/fallecio-ex-presidente-comunal-de-tortugas-jorge-besso\/","title":{"rendered":"Falleci\u00f3 el ex-Presidente Comunal de Tortugas Jorge Besso."},"content":{"rendered":"\n<figure class=\"wp-block-image size-full\"><a href=\"http:\/\/armstrongyregion.com.ar\/diario\/wp-content\/uploads\/2024\/01\/jorge-Besso-.jpg\"><img loading=\"lazy\" decoding=\"async\" width=\"465\" height=\"323\" src=\"http:\/\/armstrongyregion.com.ar\/diario\/wp-content\/uploads\/2024\/01\/jorge-Besso-.jpg\" alt=\"\" class=\"wp-image-41246\" srcset=\"https:\/\/armstrongyregion.com.ar\/diario\/wp-content\/uploads\/2024\/01\/jorge-Besso-.jpg 465w, https:\/\/armstrongyregion.com.ar\/diario\/wp-content\/uploads\/2024\/01\/jorge-Besso--300x208.jpg 300w\" sizes=\"auto, (max-width: 465px) 100vw, 465px\" \/><\/a><\/figure>\n\n\n\n<p>En el d\u00eda de hoy, falleci\u00f3 a los 72 a\u00f1os el Sr. Jorge Carlos Besso, quien fuera Presidente Comunal de Tortugas desde el a\u00f1o 1.987 al 2.015.<\/p>\n\n\n\n<p>Su sepelio ser\u00e1  ma\u00f1ana a las 09,30, en cementerio de dicha localidad.<\/p>\n","protected":false},"excerpt":{"rendered":"<p>En el d\u00eda de hoy, falleci\u00f3 a los 72 a\u00f1os el Sr. Jorge Carlos Besso, quien fuera Presidente Comunal de Tortugas desde el a\u00f1o 1.987 al 2.015. Su sepelio ser\u00e1 ma\u00f1ana a las 09,30, en cementerio de dicha localidad.<\/p>\n","protected":false},"author":1,"featured_media":41246,"comment_status":"open","ping_status":"open","sticky":false,"template":"","format":"image","meta":{"_jetpack_memberships_contains_paid_content":false,"footnotes":"","jetpack_publicize_message":"","jetpack_publicize_feature_enabled":true,"jetpack_social_post_already_shared":true,"jetpack_social_options":{"image_generator_settings":{"template":"highway","default_image_id":0,"enabled":false},"version":2}},"categories":[8,1,2,7,3],"tags":[19,16,10142,2473,10143,8777,693],"class_list":["post-41245","post","type-post","status-publish","format-image","has-post-thumbnail","hentry","category-deliberando","category-diario-armstrong","category-locales","category-politica","category-region","tag-de","tag-el","tag-ex-pte-comunal","tag-fallecio","tag-jorge-besso","tag-lic-graciela-de-la-casa","tag-tortugas","post_format-post-format-image"],"jetpack_publicize_connections":[],"jetpack_featured_media_url":"https:\/\/armstrongyregion.com.ar\/diario\/wp-content\/uploads\/2024\/01\/jorge-Besso-.jpg","jetpack_shortlink":"https:\/\/wp.me\/p62QDO-aJf","jetpack_sharing_enabled":true,"amp_enabled":true,"_links":{"self":[{"href":"https:\/\/armstrongyregion.com.ar\/diario\/wp-json\/wp\/v2\/posts\/41245","targetHints":{"allow":["GET"]}}],"collection":[{"href":"https:\/\/armstrongyregion.com.ar\/diario\/wp-json\/wp\/v2\/posts"}],"about":[{"href":"https:\/\/armstrongyregion.com.ar\/diario\/wp-json\/wp\/v2\/types\/post"}],"author":[{"embeddable":true,"href":"https:\/\/armstrongyregion.com.ar\/diario\/wp-json\/wp\/v2\/users\/1"}],"replies":[{"embeddable":true,"href":"https:\/\/armstrongyregion.com.ar\/diario\/wp-json\/wp\/v2\/comments?post=41245"}],"version-history":[{"count":2,"href":"https:\/\/armstrongyregion.com.ar\/diario\/wp-json\/wp\/v2\/posts\/41245\/revisions"}],"predecessor-version":[{"id":41252,"href":"https:\/\/armstrongyregion.com.ar\/diario\/wp-json\/wp\/v2\/posts\/41245\/revisions\/41252"}],"wp:featuredmedia":[{"embeddable":true,"href":"https:\/\/armstrongyregion.com.ar\/diario\/wp-json\/wp\/v2\/media\/41246"}],"wp:attachment":[{"href":"https:\/\/armstrongyregion.com.ar\/diario\/wp-json\/wp\/v2\/media?parent=41245"}],"wp:term":[{"taxonomy":"category","embeddable":true,"href":"https:\/\/armstrongyregion.com.ar\/diario\/wp-json\/wp\/v2\/categories?post=41245"},{"taxonomy":"post_tag","embeddable":true,"href":"https:\/\/armstrongyregion.com.ar\/diario\/wp-json\/wp\/v2\/tags?post=41245"}],"curies":[{"name":"wp","href":"https:\/\/api.w.org\/{rel}","templated":true}]}}