{"id":41233,"date":"2024-01-02T16:21:07","date_gmt":"2024-01-02T16:21:07","guid":{"rendered":"https:\/\/armstrongyregion.com.ar\/diario\/?p=41233"},"modified":"2024-01-02T16:27:12","modified_gmt":"2024-01-02T16:27:12","slug":"comunicacion-por-videoconferencia-entre-intendente-javier-meyer-y-el-sindaco-di-matelica-massimo-baldin","status":"publish","type":"post","link":"https:\/\/armstrongyregion.com.ar\/diario\/comunicacion-por-videoconferencia-entre-intendente-javier-meyer-y-el-sindaco-di-matelica-massimo-baldin\/","title":{"rendered":"Comunicaci\u00f3n por videoconferencia entre Intendente Javier Meyer y el Sindaco Di Matelica, Massimo Baldin."},"content":{"rendered":"\n<figure class=\"wp-block-image size-full\"><a href=\"http:\/\/armstrongyregion.com.ar\/diario\/wp-content\/uploads\/2024\/01\/meyer-matelica-.jpg\"><img loading=\"lazy\" decoding=\"async\" width=\"645\" height=\"389\" src=\"http:\/\/armstrongyregion.com.ar\/diario\/wp-content\/uploads\/2024\/01\/meyer-matelica-.jpg\" alt=\"\" class=\"wp-image-41234\" srcset=\"https:\/\/armstrongyregion.com.ar\/diario\/wp-content\/uploads\/2024\/01\/meyer-matelica-.jpg 645w, https:\/\/armstrongyregion.com.ar\/diario\/wp-content\/uploads\/2024\/01\/meyer-matelica--300x181.jpg 300w\" sizes=\"auto, (max-width: 645px) 100vw, 645px\" \/><\/a><\/figure>\n\n\n\n<h2 class=\"wp-block-heading\">Durante el encuentro, los jefes municipales de est\u00e1s dos ciudad hermanadas intercambiaron saludos de fin de a\u00f1o y abordaron posibles acuerdos para el pr\u00f3ximo a\u00f1o.<\/h2>\n\n\n\n<p>Hoy, el Intendente Javier Meyer y Alejandra Bruera se comunicaron a trav\u00e9s de Skype con el Sindaco Di Matelica (Italia), Massimo Baldini.\u00a0<br>Durante la reuni\u00f3n, intercambiaron saludos de fin de a\u00f1o y abordaron posibles acuerdos para el pr\u00f3ximo a\u00f1o, buscando fortalecer la hermandad entre ambas localidades.\u00a0<\/p>\n\n\n\n<p>Fuente: Las Rosas Digital.<\/p>\n\n\n\n<p><\/p>\n","protected":false},"excerpt":{"rendered":"<p>Durante el encuentro, los jefes municipales de est\u00e1s dos ciudad hermanadas intercambiaron saludos de fin de a\u00f1o y abordaron posibles acuerdos para el pr\u00f3ximo a\u00f1o. Hoy, el Intendente Javier Meyer y Alejandra Bruera se comunicaron a trav\u00e9s de Skype con el Sindaco Di Matelica (Italia), Massimo Baldini.\u00a0Durante la reuni\u00f3n, intercambiaron saludos de fin de a\u00f1o <a href=\"https:\/\/armstrongyregion.com.ar\/diario\/comunicacion-por-videoconferencia-entre-intendente-javier-meyer-y-el-sindaco-di-matelica-massimo-baldin\/\" title=\"Read more\" >&#8230;<\/a><\/p>\n","protected":false},"author":1,"featured_media":41234,"comment_status":"open","ping_status":"open","sticky":false,"template":"","format":"image","meta":{"_jetpack_memberships_contains_paid_content":false,"footnotes":"","jetpack_publicize_message":"","jetpack_publicize_feature_enabled":true,"jetpack_social_post_already_shared":true,"jetpack_social_options":{"image_generator_settings":{"template":"highway","default_image_id":0,"enabled":false},"version":2}},"categories":[8,1,2,7,3],"tags":[5016,10138,3893,10137,10136],"class_list":["post-41233","post","type-post","status-publish","format-image","has-post-thumbnail","hentry","category-deliberando","category-diario-armstrong","category-locales","category-politica","category-region","tag-armstrong-y-region","tag-conferencia-2","tag-diario","tag-intendente-meyer","tag-sindaco-di-matelica","post_format-post-format-image"],"jetpack_publicize_connections":[],"jetpack_featured_media_url":"https:\/\/armstrongyregion.com.ar\/diario\/wp-content\/uploads\/2024\/01\/meyer-matelica-.jpg","jetpack_shortlink":"https:\/\/wp.me\/p62QDO-aJ3","jetpack_sharing_enabled":true,"amp_enabled":true,"_links":{"self":[{"href":"https:\/\/armstrongyregion.com.ar\/diario\/wp-json\/wp\/v2\/posts\/41233","targetHints":{"allow":["GET"]}}],"collection":[{"href":"https:\/\/armstrongyregion.com.ar\/diario\/wp-json\/wp\/v2\/posts"}],"about":[{"href":"https:\/\/armstrongyregion.com.ar\/diario\/wp-json\/wp\/v2\/types\/post"}],"author":[{"embeddable":true,"href":"https:\/\/armstrongyregion.com.ar\/diario\/wp-json\/wp\/v2\/users\/1"}],"replies":[{"embeddable":true,"href":"https:\/\/armstrongyregion.com.ar\/diario\/wp-json\/wp\/v2\/comments?post=41233"}],"version-history":[{"count":1,"href":"https:\/\/armstrongyregion.com.ar\/diario\/wp-json\/wp\/v2\/posts\/41233\/revisions"}],"predecessor-version":[{"id":41235,"href":"https:\/\/armstrongyregion.com.ar\/diario\/wp-json\/wp\/v2\/posts\/41233\/revisions\/41235"}],"wp:featuredmedia":[{"embeddable":true,"href":"https:\/\/armstrongyregion.com.ar\/diario\/wp-json\/wp\/v2\/media\/41234"}],"wp:attachment":[{"href":"https:\/\/armstrongyregion.com.ar\/diario\/wp-json\/wp\/v2\/media?parent=41233"}],"wp:term":[{"taxonomy":"category","embeddable":true,"href":"https:\/\/armstrongyregion.com.ar\/diario\/wp-json\/wp\/v2\/categories?post=41233"},{"taxonomy":"post_tag","embeddable":true,"href":"https:\/\/armstrongyregion.com.ar\/diario\/wp-json\/wp\/v2\/tags?post=41233"}],"curies":[{"name":"wp","href":"https:\/\/api.w.org\/{rel}","templated":true}]}}