{"id":41220,"date":"2023-12-30T20:35:43","date_gmt":"2023-12-30T20:35:43","guid":{"rendered":"https:\/\/armstrongyregion.com.ar\/diario\/?p=41220"},"modified":"2023-12-30T20:35:45","modified_gmt":"2023-12-30T20:35:45","slug":"el-jueves-4-de-enero-a-las-11-tendra-lugar-la-primera-reunion-de-paritaria-docente","status":"publish","type":"post","link":"https:\/\/armstrongyregion.com.ar\/diario\/el-jueves-4-de-enero-a-las-11-tendra-lugar-la-primera-reunion-de-paritaria-docente\/","title":{"rendered":"El jueves 4 de enero a las 11 tendr\u00e1 lugar la primera reuni\u00f3n de paritaria docente."},"content":{"rendered":"\n<figure class=\"wp-block-image size-full\"><a href=\"http:\/\/armstrongyregion.com.ar\/diario\/wp-content\/uploads\/2023\/12\/PARITARIA-DOCENTE-4-1-24-.jpg\"><img loading=\"lazy\" decoding=\"async\" width=\"570\" height=\"320\" src=\"http:\/\/armstrongyregion.com.ar\/diario\/wp-content\/uploads\/2023\/12\/PARITARIA-DOCENTE-4-1-24-.jpg\" alt=\"\" class=\"wp-image-41225\" srcset=\"https:\/\/armstrongyregion.com.ar\/diario\/wp-content\/uploads\/2023\/12\/PARITARIA-DOCENTE-4-1-24-.jpg 570w, https:\/\/armstrongyregion.com.ar\/diario\/wp-content\/uploads\/2023\/12\/PARITARIA-DOCENTE-4-1-24--300x168.jpg 300w\" sizes=\"auto, (max-width: 570px) 100vw, 570px\" \/><\/a><\/figure>\n\n\n\n<h2 class=\"wp-block-heading\">El Gobierno provincial convoc\u00f3 a Amsafe, Sadop, Amet y UDA para el primer encuentro de cara a 2024.<\/h2>\n\n\n\n<p>Convocada por el Ministerio de Trabajo, Empleo y Seguridad Social, se desarrollar\u00e1 el pr\u00f3ximo jueves 4, a partir de las 11, la primera reuni\u00f3n paritaria de 2024 para el sector docente. \u201cConv\u00f3quese a las Comisiones Negociadoras y Asesoras en los t\u00e9rminos de la Ley Provincial 12.958 para el jueves 4 de enero a las 11. La reuni\u00f3n se realizar\u00e1 en la sala de reuniones, planta baja del Ministerio de Trabajo, Empleo y Seguridad Social (Av. Rivadavia 3049 de la ciudad de Santa Fe\u201d, reza el texto.<\/p>\n\n\n\n<p>Al encuentro fueron convocados los gremios de Amsafe, Sadop, Amet y UDA, mientras que por el Gobierno concurrir\u00e1n el Ministerio de Educaci\u00f3n y Funci\u00f3n P\u00fablica.<\/p>\n","protected":false},"excerpt":{"rendered":"<p>El Gobierno provincial convoc\u00f3 a Amsafe, Sadop, Amet y UDA para el primer encuentro de cara a 2024. Convocada por el Ministerio de Trabajo, Empleo y Seguridad Social, se desarrollar\u00e1 el pr\u00f3ximo jueves 4, a partir de las 11, la primera reuni\u00f3n paritaria de 2024 para el sector docente. \u201cConv\u00f3quese a las Comisiones Negociadoras y <a href=\"https:\/\/armstrongyregion.com.ar\/diario\/el-jueves-4-de-enero-a-las-11-tendra-lugar-la-primera-reunion-de-paritaria-docente\/\" title=\"Read more\" >&#8230;<\/a><\/p>\n","protected":false},"author":1,"featured_media":41225,"comment_status":"open","ping_status":"open","sticky":false,"template":"","format":"image","meta":{"_jetpack_memberships_contains_paid_content":false,"footnotes":"","jetpack_publicize_message":"","jetpack_publicize_feature_enabled":true,"jetpack_social_post_already_shared":true,"jetpack_social_options":{"image_generator_settings":{"template":"highway","default_image_id":0,"enabled":false},"version":2}},"categories":[6,8,1,2,3],"tags":[5016,8969,8777,10133,2008,462],"class_list":["post-41220","post","type-post","status-publish","format-image","has-post-thumbnail","hentry","category-cultura-entretenimiento","category-deliberando","category-diario-armstrong","category-locales","category-region","tag-armstrong-y-region","tag-docente-2","tag-lic-graciela-de-la-casa","tag-paritaria","tag-primera","tag-reunion","post_format-post-format-image"],"jetpack_publicize_connections":[],"jetpack_featured_media_url":"https:\/\/armstrongyregion.com.ar\/diario\/wp-content\/uploads\/2023\/12\/PARITARIA-DOCENTE-4-1-24-.jpg","jetpack_shortlink":"https:\/\/wp.me\/p62QDO-aIQ","jetpack_sharing_enabled":true,"amp_enabled":true,"_links":{"self":[{"href":"https:\/\/armstrongyregion.com.ar\/diario\/wp-json\/wp\/v2\/posts\/41220","targetHints":{"allow":["GET"]}}],"collection":[{"href":"https:\/\/armstrongyregion.com.ar\/diario\/wp-json\/wp\/v2\/posts"}],"about":[{"href":"https:\/\/armstrongyregion.com.ar\/diario\/wp-json\/wp\/v2\/types\/post"}],"author":[{"embeddable":true,"href":"https:\/\/armstrongyregion.com.ar\/diario\/wp-json\/wp\/v2\/users\/1"}],"replies":[{"embeddable":true,"href":"https:\/\/armstrongyregion.com.ar\/diario\/wp-json\/wp\/v2\/comments?post=41220"}],"version-history":[{"count":1,"href":"https:\/\/armstrongyregion.com.ar\/diario\/wp-json\/wp\/v2\/posts\/41220\/revisions"}],"predecessor-version":[{"id":41226,"href":"https:\/\/armstrongyregion.com.ar\/diario\/wp-json\/wp\/v2\/posts\/41220\/revisions\/41226"}],"wp:featuredmedia":[{"embeddable":true,"href":"https:\/\/armstrongyregion.com.ar\/diario\/wp-json\/wp\/v2\/media\/41225"}],"wp:attachment":[{"href":"https:\/\/armstrongyregion.com.ar\/diario\/wp-json\/wp\/v2\/media?parent=41220"}],"wp:term":[{"taxonomy":"category","embeddable":true,"href":"https:\/\/armstrongyregion.com.ar\/diario\/wp-json\/wp\/v2\/categories?post=41220"},{"taxonomy":"post_tag","embeddable":true,"href":"https:\/\/armstrongyregion.com.ar\/diario\/wp-json\/wp\/v2\/tags?post=41220"}],"curies":[{"name":"wp","href":"https:\/\/api.w.org\/{rel}","templated":true}]}}